{"id":9843,"date":"2018-08-13T14:46:05","date_gmt":"2018-08-13T14:46:05","guid":{"rendered":"http:\/\/archiv.szolnoktv.hu\/?p=9843"},"modified":"2021-08-14T15:39:34","modified_gmt":"2021-08-14T15:39:34","slug":"lipoton-es-revkomaromban-jartunk","status":"publish","type":"post","link":"http:\/\/archiv.szolnoktv.hu\/?p=9843","title":{"rendered":"Lip\u00f3ton \u00e9s R\u00e9vkom\u00e1romban j\u00e1rtunk"},"content":{"rendered":"<div class='booster-block booster-read-block'><\/div><p>St\u00e1bunk meg\u00e9rkezett Lip\u00f3tra, a Lip\u00f3ti P\u00e9ks\u00e9g anyav\u00e1llalat\u00e1hoz. A munka itt t\u00f6bb m\u0171szakban folyamatos, ma m\u00e1r az orsz\u00e1g eg\u00e9sz\u00e9n tal\u00e1lkozni a t\u0151l\u00fck sz\u00e1rmaz\u00f3 keny\u00e9rrel.<br \/>A K\u00e1rp\u00e1t-medence rekordkeny\u00e9r elk\u00e9sz\u00edt\u00e9s\u00e9ben a kezdetek \u00f3ta oroszl\u00e1nr\u00e9szt v\u00e1llal\u00f3 p\u00e9ks\u00e9ggel id\u00e9n is felvett\u00fck a kapcsolatot. Szakmai seg\u00edts\u00e9g\u00fckre -mint minden esztend\u0151ben- most is sz\u00e1m\u00edtunk.<br \/>&#8220;Mi\u00e9rt j\u00f3, hogy ebben a programban benne vagyunk, az \u00e9l\u0151 hagyom\u00e1ny, a mi kenyer\u00fcnkben benne a vitalit\u00e1s, az \u00e9let, ez a keny\u00e9r dagad, fejl\u0151dik.&#8221; -mondta T\u00d3TH ZOLT\u00c1N p\u00e9kmester, Lip\u00f3ti P\u00e9ks\u00e9g.<br \/>Lip\u00f3tr\u00f3l az utunk R\u00e9vkom\u00e1romba vezetett. A felvid\u00e9ki telep\u00fcl\u00e9sr\u0151l a pity\u00f3k\u00e1t, azaz a burgony\u00e1t vissz\u00fck a K\u00e1rp\u00e1t-medence kenyer\u00e9hez. Mint minden esztend\u0151ben, id\u00e9n is szeretettel fogadtak benn\u00fcnket.<br \/>&#8220;\u00c9n azt gondolom, hogy ezt folytatni kell, \u00f6r\u00fcl\u00f6k, hogy ez a nyolcadik \u00e9v, \u00e9s ez is olyan jelk\u00e9p, hogy id\u0151k j\u00f6nnek, mennek, de a nemzet egy, \u00e9s az emberek megtal\u00e1lj\u00e1k a kapcsolatot egym\u00e1ssal.&#8221; -mondta KESZEG B\u00c9LA alpolg\u00e1rmester, R\u00e9vkom\u00e1rom.<br \/>Augusztus 20-\u00e1n a K\u00e1rp\u00e1t-medence kenyer\u00e9nek kisebb, testv\u00e9rkenyer\u00e9t elk\u00fcldj\u00fck R\u00e9vkom\u00e1romba is. Ehhez azonban a helyi piacon meg kell v\u00e1s\u00e1rolni a hozz\u00e1val\u00f3t. Moravcsik P\u00e9ter \u00e9s Csicsay P\u00e9ter b\u00fcszk\u00e9n k\u00edn\u00e1lt\u00e1k saj\u00e1t, Izs\u00e1n termesztett krumplij\u00e1t.<br \/>&#8220;Ez egy j\u00f3 n\u00f6veked\u00e9s\u0171 krumpli, form\u00e1s, amekkora er\u0151s a n\u00f6veked\u00e9se nem terem sokat, de kit\u0171n\u0151 \u00edz\u0171, ez\u00e9rt is ker\u00fclt a termeszt\u00e9sbe az id\u00e9n.&#8221; -mondta CSICSAY P\u00c9TER.<br \/>Az \u00f6sszetartoz\u00e1s kenyer\u00e9hez Lip\u00f3ton k\u00e9sz\u00fcl a kov\u00e1sz, a lisztet az Alf\u00f6ldr\u0151l vissz\u00fck \u00e9s megvan a pity\u00f3ka is. A Szolnok Telev\u00edzi\u00f3 st\u00e1bja ad\u00e1sunkkal egy id\u0151ben \u00e9pp Beregsz\u00e1szon j\u00e1r, hogy elhozza a forr\u00e1svizet, hogy v\u00e9g\u00fcl Sepsiszentgy\u00f6rgy\u00f6n, a Parajdi s\u00f3val \u00edzes\u00edtve megs\u00fclhessen a K\u00e1rp\u00e1t-medence kenyere.<br \/>\n<br \/>\n<div style=\"width: 640px;\" class=\"wp-video\"><!--[if lt IE 9]><script>document.createElement('video');<\/script><![endif]-->\n<video class=\"wp-video-shortcode\" id=\"video-9843-1\" width=\"640\" height=\"360\" preload=\"metadata\" controls=\"controls\"><source type=\"video\/mp4\" src=\"\/spots\/hir\/hir_180813_01.mp4?_=1\" \/><a href=\"\/spots\/hir\/hir_180813_01.mp4\">\/spots\/hir\/hir_180813_01.mp4<\/a><\/video><\/div><\/p>\n","protected":false},"excerpt":{"rendered":"<p>St\u00e1bunk meg\u00e9rkezett Lip\u00f3tra, a Lip\u00f3ti P\u00e9ks\u00e9g anyav\u00e1llalat\u00e1hoz. A munka itt t\u00f6bb m\u0171szakban folyamatos, ma m\u00e1r az orsz\u00e1g eg\u00e9sz\u00e9n tal\u00e1lkozni a t\u0151l\u00fck sz\u00e1rmaz\u00f3 keny\u00e9rrel.A K\u00e1rp\u00e1t-medence rekordkeny\u00e9r elk\u00e9sz\u00edt\u00e9s\u00e9ben a kezdetek \u00f3ta oroszl\u00e1nr\u00e9szt v\u00e1llal\u00f3 p\u00e9ks\u00e9ggel id\u00e9n is felvett\u00fck a kapcsolatot. Szakmai seg\u00edts\u00e9g\u00fckre -mint minden esztend\u0151ben- most is sz\u00e1m\u00edtunk.&#8220;Mi\u00e9rt j\u00f3, hogy ebben a programban benne vagyunk, az \u00e9l\u0151 hagyom\u00e1ny, [&hellip;]<\/p>\n","protected":false},"author":2,"featured_media":0,"comment_status":"closed","ping_status":"closed","sticky":false,"template":"","format":"standard","meta":[],"categories":[9],"tags":[],"_links":{"self":[{"href":"http:\/\/archiv.szolnoktv.hu\/index.php?rest_route=\/wp\/v2\/posts\/9843"}],"collection":[{"href":"http:\/\/archiv.szolnoktv.hu\/index.php?rest_route=\/wp\/v2\/posts"}],"about":[{"href":"http:\/\/archiv.szolnoktv.hu\/index.php?rest_route=\/wp\/v2\/types\/post"}],"author":[{"embeddable":true,"href":"http:\/\/archiv.szolnoktv.hu\/index.php?rest_route=\/wp\/v2\/users\/2"}],"replies":[{"embeddable":true,"href":"http:\/\/archiv.szolnoktv.hu\/index.php?rest_route=%2Fwp%2Fv2%2Fcomments&post=9843"}],"version-history":[{"count":1,"href":"http:\/\/archiv.szolnoktv.hu\/index.php?rest_route=\/wp\/v2\/posts\/9843\/revisions"}],"predecessor-version":[{"id":9932,"href":"http:\/\/archiv.szolnoktv.hu\/index.php?rest_route=\/wp\/v2\/posts\/9843\/revisions\/9932"}],"wp:attachment":[{"href":"http:\/\/archiv.szolnoktv.hu\/index.php?rest_route=%2Fwp%2Fv2%2Fmedia&parent=9843"}],"wp:term":[{"taxonomy":"category","embeddable":true,"href":"http:\/\/archiv.szolnoktv.hu\/index.php?rest_route=%2Fwp%2Fv2%2Fcategories&post=9843"},{"taxonomy":"post_tag","embeddable":true,"href":"http:\/\/archiv.szolnoktv.hu\/index.php?rest_route=%2Fwp%2Fv2%2Ftags&post=9843"}],"curies":[{"name":"wp","href":"https:\/\/api.w.org\/{rel}","templated":true}]}}