{"id":9842,"date":"2018-08-10T17:37:26","date_gmt":"2018-08-10T17:37:26","guid":{"rendered":"http:\/\/archiv.szolnoktv.hu\/?p=9842"},"modified":"2021-08-14T15:39:35","modified_gmt":"2021-08-14T15:39:35","slug":"kertmozi-nyilik-a-muzsak-teren","status":"publish","type":"post","link":"http:\/\/archiv.szolnoktv.hu\/?p=9842","title":{"rendered":"Kertmozi ny\u00edlik a M\u00fazs\u00e1k ter\u00e9n."},"content":{"rendered":"<div class='booster-block booster-read-block'><\/div><p>\u00dajra itt van a lehet\u0151s\u00e9g, hogy a szabadban mozizhassunk ak\u00e1r bar\u00e1tokkal egy hideg ital mellett, f\u0151leg most, a k\u00e1nikula idej\u00e9n. Ism\u00e9t \u00fczemel ugyanis kertmozi Szolnokon, a Gal\u00e9ria f\u0151bej\u00e1rata el\u0151tti t\u00e9ren, mely a M\u00fazs\u00e1k tere elnevez\u00e9st kapta. A projekt a TISZApArt Mozi beruh\u00e1z\u00e1s\u00e1val \u00e9s szervez\u00e9s\u00e9vel valamint a v\u00e1ros \u00e9s a Damjanich M\u00fazeum beleegyez\u00e9s\u00e9vel j\u00f6tt l\u00e9tre. <\/p>\n<p>-Eddig pr\u00f3ba \u00fczem volt. R\u00f6vid filmeket vet\u00edtett\u00fcnk rajta Szolnok v\u00e1rosr\u00f3l k\u00e9sz\u00fclt r\u00f6vid filmeket. Ezeket tov\u00e1bbra is megtartjuk a LED-fal m\u0171sor\u00e1n. \u00c1ltal\u00e1ban olyan este 6 \u00f3rakor kezd\u0151dik a vet\u00edt\u00e9s, amikor m\u00e1r ez a t\u00e9r nem olyan sug\u00e1rz\u00f3an meleg \u00e9s 6-t\u00f3l 8 f\u00e9l 9-ig majd ahogy az id\u0151j\u00e1r\u00e1s engedi ilyen r\u00f6videbb programok mennek szolnoki ismertet\u0151k \u00e9s kultur\u00e1lis programok. Azt\u00e1n a mi mozim\u0171soraink el\u0151zeteseink \u00e9s ut\u00e1na egy-egy j\u00e1t\u00e9kfilm vagy ak\u00e1r kett\u0151 is.&#8221;-mondta: Demeter Istv\u00e1n, \u00fcgyvezet\u0151 igazgat\u00f3, TISZApART Mozi <\/p>\n<p>Egy nagy felbont\u00e1s\u00fa, sz\u00ednes k\u00e9tszer-h\u00e1rom m\u00e9teres modern LEd-falon vet\u00edtik majd a filmeket. A kerthelyis\u00e9gben 80 n\u00e9z\u0151 f\u00e9r el. <\/p>\n<p>-Az els\u0151 ma este egy nagyon st\u00edlusos ideill\u0151 film. Egy 1939-ben k\u00e9sz\u00fclt fekete-feh\u00e9r film, amit nem r\u00e9g restaur\u00e1ltak a filmarch\u00edvumba, a Tiszavir\u00e1g. Itt a Tiszavir\u00e1g h\u00edd szomsz\u00e9ds\u00e1g\u00e1ban azt gondolom, hogy pont egy ide ill\u0151 film. Azt\u00e1n m\u00e9g egy darabig a k\u00f6vetkez\u0151 este is maradunk a Tisz\u00e1n\u00e1l a Sz\u00e9p sz\u0151ke szerelm\u00fcnk a Tisza ut\u00e1na Vad Magyarorsz\u00e1g ker\u00fcl bemutat\u00e1sra \u00e9s ut\u00e1na elindul egy filmt\u00f6rt\u00e9neti sorozat, v\u00e1logat\u00e1s. <br \/>Visszatekint\u00fcnk a filmm\u0171v\u00e9szet id\u0151nk\u00e9nt kezdeteihez.&#8221; -mondta: Demeter Istv\u00e1n, \u00fcgyvezet\u0151 igazgat\u00f3 TISZApART Mozi <\/p>\n<p>Az amerikai burleszkfilm h\u0151skor\u00e1nak klasszikus p\u00e1ros\u00e1t a Stan \u00e9s Pan c. filmet, a  Beat korszakot bemutat\u00f3 Szel\u00edd motorosokat, az Eper \u00e9s V\u00e9rt, a Hair -t valamint az \u00daton c. filmeket t\u0171zt\u00e9k el\u0151zetesen m\u0171sorra, de ezek mellett m\u00e9g  sz\u00e1mos klasszikus alkot\u00e1st n\u00e9zhetnek meg a filmrajong\u00f3k. Demeter Istv\u00e1n azt is elmondta, hogy szeretn\u00e9k bevonni a k\u00f6z\u00f6ns\u00e9get a m\u0171sor \u00f6ssze\u00e1ll\u00edt\u00e1s\u00e1ba, ez\u00e9rt sz\u00edvesen fogadj\u00e1k az \u00f6tleteket, ki milyen filmet n\u00e9zne sz\u00edvesen Szolnok \u00faj kertmozij\u00e1ban. <\/p>\n<div style=\"width: 640px;\" class=\"wp-video\"><!--[if lt IE 9]><script>document.createElement('video');<\/script><![endif]-->\n<video class=\"wp-video-shortcode\" id=\"video-9842-1\" width=\"640\" height=\"360\" preload=\"metadata\" controls=\"controls\"><source type=\"video\/mp4\" src=\"\/spots\/hir\/hir_180810_07.mp4?_=1\" \/><a href=\"\/spots\/hir\/hir_180810_07.mp4\">\/spots\/hir\/hir_180810_07.mp4<\/a><\/video><\/div>\n","protected":false},"excerpt":{"rendered":"<p>\u00dajra itt van a lehet\u0151s\u00e9g, hogy a szabadban mozizhassunk ak\u00e1r bar\u00e1tokkal egy hideg ital mellett, f\u0151leg most, a k\u00e1nikula idej\u00e9n. Ism\u00e9t \u00fczemel ugyanis kertmozi Szolnokon, a Gal\u00e9ria f\u0151bej\u00e1rata el\u0151tti t\u00e9ren, mely a M\u00fazs\u00e1k tere elnevez\u00e9st kapta. A projekt a TISZApArt Mozi beruh\u00e1z\u00e1s\u00e1val \u00e9s szervez\u00e9s\u00e9vel valamint a v\u00e1ros \u00e9s a Damjanich M\u00fazeum beleegyez\u00e9s\u00e9vel j\u00f6tt l\u00e9tre. -Eddig [&hellip;]<\/p>\n","protected":false},"author":2,"featured_media":0,"comment_status":"closed","ping_status":"closed","sticky":false,"template":"","format":"standard","meta":[],"categories":[9],"tags":[],"_links":{"self":[{"href":"http:\/\/archiv.szolnoktv.hu\/index.php?rest_route=\/wp\/v2\/posts\/9842"}],"collection":[{"href":"http:\/\/archiv.szolnoktv.hu\/index.php?rest_route=\/wp\/v2\/posts"}],"about":[{"href":"http:\/\/archiv.szolnoktv.hu\/index.php?rest_route=\/wp\/v2\/types\/post"}],"author":[{"embeddable":true,"href":"http:\/\/archiv.szolnoktv.hu\/index.php?rest_route=\/wp\/v2\/users\/2"}],"replies":[{"embeddable":true,"href":"http:\/\/archiv.szolnoktv.hu\/index.php?rest_route=%2Fwp%2Fv2%2Fcomments&post=9842"}],"version-history":[{"count":1,"href":"http:\/\/archiv.szolnoktv.hu\/index.php?rest_route=\/wp\/v2\/posts\/9842\/revisions"}],"predecessor-version":[{"id":9933,"href":"http:\/\/archiv.szolnoktv.hu\/index.php?rest_route=\/wp\/v2\/posts\/9842\/revisions\/9933"}],"wp:attachment":[{"href":"http:\/\/archiv.szolnoktv.hu\/index.php?rest_route=%2Fwp%2Fv2%2Fmedia&parent=9842"}],"wp:term":[{"taxonomy":"category","embeddable":true,"href":"http:\/\/archiv.szolnoktv.hu\/index.php?rest_route=%2Fwp%2Fv2%2Fcategories&post=9842"},{"taxonomy":"post_tag","embeddable":true,"href":"http:\/\/archiv.szolnoktv.hu\/index.php?rest_route=%2Fwp%2Fv2%2Ftags&post=9842"}],"curies":[{"name":"wp","href":"https:\/\/api.w.org\/{rel}","templated":true}]}}