{"id":9841,"date":"2018-08-10T17:28:53","date_gmt":"2018-08-10T17:28:53","guid":{"rendered":"http:\/\/archiv.szolnoktv.hu\/?p=9841"},"modified":"2021-08-14T15:39:35","modified_gmt":"2021-08-14T15:39:35","slug":"fokozott-ellenorzes-a-szabad-strandokon","status":"publish","type":"post","link":"http:\/\/archiv.szolnoktv.hu\/?p=9841","title":{"rendered":"Fokozott ellen\u0151rz\u00e9s a szabad strandokon"},"content":{"rendered":"<div class='booster-block booster-read-block'><\/div><p>Ma f\u00e9l 11-kor indult megszokott \u00fatj\u00e1ra a v\u00edzirend\u00e9szet haj\u00f3j\u00e1val. Az elm\u00falt k\u00e9t h\u00e9tben fokozottabb az ellen\u0151rz\u00e9s, hiszen egyre t\u00f6bben menek\u00fclnek v\u00edzpart mell\u00e9 a h\u0151s\u00e9g el\u00f6l. A Tisza egyenes, hossz\u00fa homokos partjai a legn\u00e9pszer\u0171bbek a f\u00fcrd\u0151z\u0151k k\u00f6r\u00e9ben. A k\u00e1nikula miatt volt, aki m\u00e1r d\u00e9lel\u0151tt a v\u00edzben h\u0171s\u00f6lt. <\/p>\n<p>-D\u00e9lel\u0151tt, mondjuk d\u00e9lel\u0151tt ink\u00e1bb vagy d\u00e9lut\u00e1n. D\u00e9lut\u00e1n m\u00e1r t\u00f6bben vannak ugye \u00e1ltal\u00e1ban.&#8221; &#8211; mondta Vallo Gerg\u0151. <\/p>\n<p>A kedvelt szakaszokon l\u00e1tsz\u00f3lag sek\u00e9ly a v\u00edz, azonban vigy\u00e1zni mindig kell. Szabad strandol\u00e1skor a szab\u00e1lyok betart\u00e1sa k\u00fcl\u00f6n\u00f6sen fontos. <\/p>\n<p>-\u00c9n csak annyir\u00f3l tudok, hogy, aki nem rendelkezik biztos \u00fasz\u00e1s tud\u00e1ssal az csak a sz\u00e9l\u00e9ben pancsoljon, ne menjen bele a m\u00e9ly v\u00edzbe \u00e9n viszonylag t\u0171rhet\u0151 \u00fasz\u00f3 vagyok, \u00fagyhogy engem ez a vesz\u00e9ly nem fenyeget.&#8221;- mondta Antal L\u00e1szl\u00f3.<\/p>\n<p>\u00dasz\u00f3gumi \u00e9s kar\u00fasz\u00f3, a legkisebbek sz\u00e1m\u00e1ra ezek a legfontosabb kell\u00e9kek strandol\u00e1skor. Azonban a biztons\u00e1gos f\u00fcrd\u0151z\u00e9shez a v\u00e9d\u0151 felszerel\u00e9sek \u00e9s \u00fasz\u00e1s tud\u00e1s nem el\u00e9g. A strandol\u00f3knak m\u00e1s szab\u00e1lyokat is be kell tartaniuk.<\/p>\n<p>-Haj\u00f3vonalban nem lehet \u00faszni, teh\u00e1t vesz\u00e9lyes, haj\u00f3vonalban nem lehet \u00faszni.&#8221;- mondta Burni Ferenc Levente. <\/p>\n<p>Emellett tilos a f\u00fcrd\u0151z\u00e9s hidak \u00e9s h\u00eddl\u00e1bak 100 m\u00e9teres k\u00f6rzet\u00e9ben, valamint a kik\u00f6t\u0151k, kik\u00f6t\u0151k\u00f6telek \u00e9s t\u00e1mdorongok k\u00f6zel\u00e9ben 100 m\u00e9ter\u00e9n bel\u00fcl. A v\u00edzirend\u00e9szet els\u0151sorban a kijel\u00f6lt f\u00fcrd\u0151helyek haszn\u00e1ltat javasolja a strandol\u00f3knak. <\/p>\n<p>Ott van az a speci\u00e1lis ment\u0151 szem\u00e9lyzet, illetve eszk\u00f6z\u00f6k, amikkel egy adott v\u00e9szhelyzet eset\u00e9n reag\u00e1lni tudnak hat\u00e9konyan \u00e9s azonnal. Nyilv\u00e1n vannak \u00fagynevezett potya strandok is, amikor egy megfelel\u0151en alacsony v\u00edz\u00e1ll\u00e1sn\u00e1l  &#8211;   ami itt jellemz\u0151 Szolnok k\u00f6rny\u00e9k\u00e9n a Tisza foly\u00f3n- kialakulnak \u00fagy nevezett homokpadok, amik alkalmasak arra, hogy oda cs\u00e1b\u00edts\u00e1k az embereket \u00e9s megm\u00e1rt\u00f3zzanak a vizekben. Szolnok t\u00e9rs\u00e9g\u00e9ben is t\u00f6bb ilyen homok pad van.&#8221;- mondta Ill\u00e9s Gergely a Szolnoki Tiszai V\u00edzirend\u00e9szeti Rend\u0151rkapit\u00e1nys\u00e1g rend\u00e9szeti oszt\u00e1lyvezet\u0151je.<\/p>\n<p>Ha valaki nem kijel\u00f6lt helyen strandol, fontos, hogy minden esetben a part k\u00f6zel\u00e9ben maradjon, hiszen belter\u00fcleten a f\u00fcrd\u0151z\u00e9s tilos \u00e9s vesz\u00e9lyes. A v\u00edzirend\u00e9szet ellen\u0151rz\u00e9seire h\u00e9tv\u00e9g\u00e9n a k\u00e1nikula miatt minden napszakban sz\u00e1m\u00edthatnak a h\u0171s\u00f6l\u0151k.<\/p>\n<div style=\"width: 640px;\" class=\"wp-video\"><!--[if lt IE 9]><script>document.createElement('video');<\/script><![endif]-->\n<video class=\"wp-video-shortcode\" id=\"video-9841-1\" width=\"640\" height=\"360\" preload=\"metadata\" controls=\"controls\"><source type=\"video\/mp4\" src=\"\/spots\/hir\/hir_180810_06.mp4?_=1\" \/><a href=\"\/spots\/hir\/hir_180810_06.mp4\">\/spots\/hir\/hir_180810_06.mp4<\/a><\/video><\/div>\n","protected":false},"excerpt":{"rendered":"<p>Ma f\u00e9l 11-kor indult megszokott \u00fatj\u00e1ra a v\u00edzirend\u00e9szet haj\u00f3j\u00e1val. Az elm\u00falt k\u00e9t h\u00e9tben fokozottabb az ellen\u0151rz\u00e9s, hiszen egyre t\u00f6bben menek\u00fclnek v\u00edzpart mell\u00e9 a h\u0151s\u00e9g el\u00f6l. A Tisza egyenes, hossz\u00fa homokos partjai a legn\u00e9pszer\u0171bbek a f\u00fcrd\u0151z\u0151k k\u00f6r\u00e9ben. A k\u00e1nikula miatt volt, aki m\u00e1r d\u00e9lel\u0151tt a v\u00edzben h\u0171s\u00f6lt. -D\u00e9lel\u0151tt, mondjuk d\u00e9lel\u0151tt ink\u00e1bb vagy d\u00e9lut\u00e1n. D\u00e9lut\u00e1n m\u00e1r t\u00f6bben [&hellip;]<\/p>\n","protected":false},"author":2,"featured_media":0,"comment_status":"closed","ping_status":"closed","sticky":false,"template":"","format":"standard","meta":[],"categories":[9],"tags":[],"_links":{"self":[{"href":"http:\/\/archiv.szolnoktv.hu\/index.php?rest_route=\/wp\/v2\/posts\/9841"}],"collection":[{"href":"http:\/\/archiv.szolnoktv.hu\/index.php?rest_route=\/wp\/v2\/posts"}],"about":[{"href":"http:\/\/archiv.szolnoktv.hu\/index.php?rest_route=\/wp\/v2\/types\/post"}],"author":[{"embeddable":true,"href":"http:\/\/archiv.szolnoktv.hu\/index.php?rest_route=\/wp\/v2\/users\/2"}],"replies":[{"embeddable":true,"href":"http:\/\/archiv.szolnoktv.hu\/index.php?rest_route=%2Fwp%2Fv2%2Fcomments&post=9841"}],"version-history":[{"count":1,"href":"http:\/\/archiv.szolnoktv.hu\/index.php?rest_route=\/wp\/v2\/posts\/9841\/revisions"}],"predecessor-version":[{"id":9934,"href":"http:\/\/archiv.szolnoktv.hu\/index.php?rest_route=\/wp\/v2\/posts\/9841\/revisions\/9934"}],"wp:attachment":[{"href":"http:\/\/archiv.szolnoktv.hu\/index.php?rest_route=%2Fwp%2Fv2%2Fmedia&parent=9841"}],"wp:term":[{"taxonomy":"category","embeddable":true,"href":"http:\/\/archiv.szolnoktv.hu\/index.php?rest_route=%2Fwp%2Fv2%2Fcategories&post=9841"},{"taxonomy":"post_tag","embeddable":true,"href":"http:\/\/archiv.szolnoktv.hu\/index.php?rest_route=%2Fwp%2Fv2%2Ftags&post=9841"}],"curies":[{"name":"wp","href":"https:\/\/api.w.org\/{rel}","templated":true}]}}