{"id":9839,"date":"2018-08-10T16:40:51","date_gmt":"2018-08-10T16:40:51","guid":{"rendered":"http:\/\/archiv.szolnoktv.hu\/?p=9839"},"modified":"2021-08-14T15:39:35","modified_gmt":"2021-08-14T15:39:35","slug":"csillaghullas","status":"publish","type":"post","link":"http:\/\/archiv.szolnoktv.hu\/?p=9839","title":{"rendered":"Csillaghull\u00e1s"},"content":{"rendered":"<div class='booster-block booster-read-block'><\/div><p>Minden \u00e9v  augusztus elej\u00e9n a  Perseid\u00e1k meteorraj ny\u00fajt \u00e9gi mozit. A hull\u00f3csillagokat Szent L\u0151rinc k\u00f6nnyeinek is nevezik. <br \/>Az els\u0151 megfigyel\u00e9sek a Perseid\u00e1kr\u00f3l k\u00ednai csillag\u00e1szoknak k\u00f6sz\u00f6nhet\u0151en Kr.u. 36-b\u00f3l sz\u00e1rmaznak.\u00a0Jap\u00e1n,\u00a0k\u00ednai, koreai megfigyel\u00e9sek m\u00e1r a\u00a08.\u00a0\u00e9s\u00a09. sz\u00e1zadban\u00a0is el\u0151fordultak .<\/p>\n<p>Ujlaki Csaba  vezet\u0151,  Csillagkedvel\u0151k Klubja , Aba- Nov\u00e1k Ag\u00f3ra Kultur\u00e1lis K\u00f6zpont : <\/p>\n<p>-&#8220;Nagyon l\u00e1tv\u00e1nyos, ezen a meteorrajon a F\u00f6ld b\u0151 egy h\u00f3napon  megy kereszt\u00fcl , ez\u00e9rt l\u00e1tszanak ennek a meteorrajnak a csillagai. M\u00e1s meteorrajok, melyek eg\u00e9sz \u00e9vben itt vannak k\u00f6r\u00fcl\u00f6tt\u00fcnk, nagyon sz\u0171k tartom\u00e1nyban l\u00e1tszanak. Egy k\u00e9t napig csak, s\u0151t van olyan meteorraj amelyen 20 perc alatt \u00e1tmegy a F\u00f6ld. &#8211;<\/p>\n<p>H\u00e1rom napon \u00e1t csod\u00e1s \u00e9gi l\u00e1tv\u00e1nyt ny\u00fajtanak majd a hull\u00f3csillagok, mert most megy\u00fcnk \u00e1t a Perseid\u00e1k  raj k\u00f6zep\u00e9n-folytatta a csillag\u00e1sz. <\/p>\n<p>-&#8220;Augusztus 11. 12. 13. . ez a 3 nap a maximum, ak\u00e1r \u00f3r\u00e1nk\u00e9nt 200 meteort is lehet l\u00e1tni.  Term\u00e9szetesen nem eg\u00e9sz \u00e9jszaka, tapasztalataink szerint 21 \u00f3r\u00e1t\u00f3l 22 \u00f3r\u00e1ig van egy  felfut\u00f3 id\u0151szak, ez m\u00e9g a sz\u00fcrk\u00fcletre esik, ut\u00e1na csend \u00e9s 21 \u00f3r\u00e1t\u00f3l , \u00e9jf\u00e9lt\u0151l n\u00f6vekednek meg megint a meteorok, eg\u00e9szen hajnalig, olyan 3 \u00f3ra f\u00e9l 4-ig&#8221;-tette hozz\u00e1 a csillag\u00e1sz.  <\/p>\n<p> Az eddig \u00e9vekben megszokott\u00f3l elt\u00e9r\u0151en id\u00e9n nem szerveznek nyilv\u00e1nos \u00e9szlel\u00e9st a szandai r\u00e9tre, ma kezd\u0151d\u00f6tt ugyanis az ejt\u0151erny\u0151s vil\u00e1gbajnoks\u00e1g, mely a r\u00e9ten zajlik majd. <\/p>\n<p>Ujlaki Csaba :<br \/>-&#8220;Most \u0151k foglalj\u00e1k el a szandai r\u00e9tet \u00e9s ez a k\u00e9t rendezv\u00e9ny nagyon zavarta volna egym\u00e1st, \u00e9n ez\u00e9rt egy kicsit h\u00e1tt\u00e9rbe h\u00faz\u00f3dtam. Mindenkinek azt javaslom, hogy ez alatt a 3 nap alatt, teh\u00e1t ma eset 10-\u00e9n, holnap 11-\u00e9n, 12-\u00e9n vas\u00e1rnap este mindenki otthonr\u00f3l vagy egy megfelel\u0151 s\u00f6t\u00e9t helyr\u0151l \u00e9szlelje egy\u00e9nileg ezt a meteorrajt. Most az id\u00e9n a szandai r\u00e9tre nem szervez\u00fcnk k\u00f6z\u00f6s \u00e9szlel\u00e9st, majd j\u00f6v\u0151re bep\u00f3toljuk. &#8211;<\/p>\n<p>\u00c9rdemes teh\u00e1t ak\u00e1r erk\u00e9lyr\u0151l, ak\u00e1r a kertb\u0151l n\u00e9zni m\u00e1r sz\u00fcrk\u00fclett\u0151l a hull\u00f3csillagokat \u00e9s a babona szerint k\u00edv\u00e1nni sem \u00e1rt, hiszen nagy es\u00e9ly\u00fcnk van arra, hogy teljes\u00fclnek \u00f3hajaink. <\/p>\n<div style=\"width: 640px;\" class=\"wp-video\"><!--[if lt IE 9]><script>document.createElement('video');<\/script><![endif]-->\n<video class=\"wp-video-shortcode\" id=\"video-9839-1\" width=\"640\" height=\"360\" preload=\"metadata\" controls=\"controls\"><source type=\"video\/mp4\" src=\"\/spots\/hir\/hir_180810_04.mp4?_=1\" \/><a href=\"\/spots\/hir\/hir_180810_04.mp4\">\/spots\/hir\/hir_180810_04.mp4<\/a><\/video><\/div>\n","protected":false},"excerpt":{"rendered":"<p>Minden \u00e9v augusztus elej\u00e9n a Perseid\u00e1k meteorraj ny\u00fajt \u00e9gi mozit. A hull\u00f3csillagokat Szent L\u0151rinc k\u00f6nnyeinek is nevezik. Az els\u0151 megfigyel\u00e9sek a Perseid\u00e1kr\u00f3l k\u00ednai csillag\u00e1szoknak k\u00f6sz\u00f6nhet\u0151en Kr.u. 36-b\u00f3l sz\u00e1rmaznak.\u00a0Jap\u00e1n,\u00a0k\u00ednai, koreai megfigyel\u00e9sek m\u00e1r a\u00a08.\u00a0\u00e9s\u00a09. sz\u00e1zadban\u00a0is el\u0151fordultak . Ujlaki Csaba vezet\u0151, Csillagkedvel\u0151k Klubja , Aba- Nov\u00e1k Ag\u00f3ra Kultur\u00e1lis K\u00f6zpont : -&#8220;Nagyon l\u00e1tv\u00e1nyos, ezen a meteorrajon a F\u00f6ld b\u0151 [&hellip;]<\/p>\n","protected":false},"author":2,"featured_media":0,"comment_status":"closed","ping_status":"closed","sticky":false,"template":"","format":"standard","meta":[],"categories":[9],"tags":[],"_links":{"self":[{"href":"http:\/\/archiv.szolnoktv.hu\/index.php?rest_route=\/wp\/v2\/posts\/9839"}],"collection":[{"href":"http:\/\/archiv.szolnoktv.hu\/index.php?rest_route=\/wp\/v2\/posts"}],"about":[{"href":"http:\/\/archiv.szolnoktv.hu\/index.php?rest_route=\/wp\/v2\/types\/post"}],"author":[{"embeddable":true,"href":"http:\/\/archiv.szolnoktv.hu\/index.php?rest_route=\/wp\/v2\/users\/2"}],"replies":[{"embeddable":true,"href":"http:\/\/archiv.szolnoktv.hu\/index.php?rest_route=%2Fwp%2Fv2%2Fcomments&post=9839"}],"version-history":[{"count":1,"href":"http:\/\/archiv.szolnoktv.hu\/index.php?rest_route=\/wp\/v2\/posts\/9839\/revisions"}],"predecessor-version":[{"id":9936,"href":"http:\/\/archiv.szolnoktv.hu\/index.php?rest_route=\/wp\/v2\/posts\/9839\/revisions\/9936"}],"wp:attachment":[{"href":"http:\/\/archiv.szolnoktv.hu\/index.php?rest_route=%2Fwp%2Fv2%2Fmedia&parent=9839"}],"wp:term":[{"taxonomy":"category","embeddable":true,"href":"http:\/\/archiv.szolnoktv.hu\/index.php?rest_route=%2Fwp%2Fv2%2Fcategories&post=9839"},{"taxonomy":"post_tag","embeddable":true,"href":"http:\/\/archiv.szolnoktv.hu\/index.php?rest_route=%2Fwp%2Fv2%2Ftags&post=9839"}],"curies":[{"name":"wp","href":"https:\/\/api.w.org\/{rel}","templated":true}]}}