{"id":9837,"date":"2018-08-10T13:55:12","date_gmt":"2018-08-10T13:55:12","guid":{"rendered":"http:\/\/archiv.szolnoktv.hu\/?p=9837"},"modified":"2021-08-14T15:39:36","modified_gmt":"2021-08-14T15:39:36","slug":"v-karpat-haza-magyar-konferencia-es-uzletember-forum","status":"publish","type":"post","link":"http:\/\/archiv.szolnoktv.hu\/?p=9837","title":{"rendered":"V. K\u00e1rp\u00e1t-Haza Magyar Konferencia \u00e9s \u00dczletember F\u00f3rum"},"content":{"rendered":"<div class='booster-block booster-read-block'><\/div><p> A Cs\u00e1ng\u00f3 Fesztiv\u00e1l r\u00e9szek\u00e9nt, imm\u00e1r 5. alkalommal szerveztek konferenci\u00e1t a K\u00e1rp\u00e1t-medence kultur\u00e1lis-, valamint gazdas\u00e1gi \u00e9let\u00e9nek szerepl\u0151i sz\u00e1m\u00e1ra J\u00e1szber\u00e9nyben. Az V. K\u00e1rp\u00e1t-Haza Magyar Konferencia \u00e9s \u00dczletember F\u00f3rum c\u00e9lja, hogy er\u0151s\u00edtse a hat\u00e1rokon \u00e1t\u00edvel\u0151 nemzeti identit\u00e1s tudatot, valamint lehet\u0151s\u00e9get teremtsen a nemzetis\u00e9gek \u00e9s a kisebbs\u00e9gek t\u00f6bbszint\u0171 egy\u00fcttm\u0171k\u00f6d\u00e9s\u00e9re.<\/p>\n<p> -A kultur\u00e1lis kincseket, a szellemi \u00e9rt\u00e9keket meg kell \u0151rizni. De, hogyha nem tudnak a sz\u00fcl\u0151f\u00f6ldj\u00fck\u00f6n maradni az emberek, mert nincs munkalehet\u0151s\u00e9g, nincsenek olyan gazdas\u00e1gi felt\u00e9telek, amelyekkel a csal\u00e1djukat el tudj\u00e1k tartani, akkor sajnos elv\u00e1ndorolnak. Mi azt szeretn\u00e9nk, hogy a sz\u00fcl\u0151f\u00f6ld\u00f6n tudj\u00e1k az \u0151shonos kisebbs\u00e9gek a saj\u00e1t kult\u00far\u00e1jukat tov\u00e1bb \u00e9lni.&#8221;  &#8211;   mondta P\u00e9terbencze Anik\u00f3 t\u00e1rsszervez\u0151.<\/p>\n<p>A konferencia els\u0151 napj\u00e1n a t\u00f6bbi k\u00f6z\u00f6tt k\u00e1rp\u00e1taljai, d\u00e9lvid\u00e9ki, moldvai erd\u00e9lyi \u00e9s anyaorsz\u00e1gi v\u00e1llalkoz\u00f3k a hagyom\u00e1nyok \u00e9s a nemzeti kult\u00fara meg\u0151rz\u00e9s\u00e9r\u0151l, p\u00e9nteken pedig a j\u00e1szs\u00e1gi \u00e9s hat\u00e1ron t\u00fali v\u00e1llalkoz\u00f3k gazdas\u00e1gi egy\u00fcttm\u0171k\u00f6d\u00e9s\u00e9nek lehet\u0151s\u00e9geir\u0151l t\u00e1rgyalnak. A z\u00e1r\u00f3 napon pedig a csal\u00e1d \u00e9s a v\u00e1llalkoz\u00e1sok szerep\u00e9r\u0151l lesz sz\u00f3 az anyanyelv \u00e9s a hagyom\u00e1nyok meg\u0151rz\u00e9s\u00e9ben.<\/p>\n<p>K\u00f6sz\u00f6nt\u0151j\u00e9ben a kult\u00far\u00e1\u00e9rt felel\u0151s \u00e1llamtitk\u00e1r \u00fagy fogalmazott: a korm\u00e1ny t\u00e1mogatja a hat\u00e1ron t\u00fali magyarokat nemzeti identit\u00e1suk er\u0151s\u00edt\u00e9s\u00e9ben. Fekete P\u00e9ter \u00fagy fogalmazott: nem csak a hagyom\u00e1nyok, hanem az anyanyelv meg\u0151rz\u00e9se is kulcsfontoss\u00e1g\u00fa megmarad\u00e1sukban.<\/p>\n<p> -Tudniuk kell a hat\u00e1ron t\u00fal \u00e9l\u0151 csal\u00e1di k\u00f6z\u00f6ss\u00e9geknek, hogy nem hagyjuk \u0151ket magukra. Tudniuk kell, hogyha a magyars\u00e1gukat \u0151rzik, ha \u0151k v\u00e1llalj\u00e1k, hogy a gyermekeiket magyar nyelven, a magyar kult\u00fara szeretet\u00e9ben nevelik fel, akkor mindent megtesz a kultur\u00e1lis korm\u00e1nyzat annak \u00e9rdek\u00e9ben, hogy majd iskol\u00e1t tal\u00e1ljanak, hogy majd olyan kultur\u00e1lis k\u00f6zegben tudj\u00e1k a gyermekeiket benevelni, bevonni, ahol t\u00e1maszt kaphatnak.&#8221;  &#8211;   hangs\u00falyozta Fekete P\u00e9ter kult\u00far\u00e1\u00e9rt felel\u0151s \u00e1llamtitk\u00e1r.<\/p>\n<p>Az \u00e1llamtitk\u00e1r kiemelte: az anyaorsz\u00e1gb\u00f3l \u00e9rkez\u0151 t\u00e1mogat\u00e1s mellett a szem\u00e9lyes tal\u00e1lkoz\u00e1sok is felbecs\u00fclhetetlen jelent\u0151s\u00e9g\u0171ek a nemzet \u00f6sszetartoz\u00e1s\u00e1nak meg\u0151rz\u00e9s\u00e9ben, ez\u00e9rt is fontos, hogy a Cs\u00e1ng\u00f3 Fesztiv\u00e1l, \u00e9s az ahhoz hasonl\u00f3 rendezv\u00e9nyek erre lehet\u0151s\u00e9get teremtsenek.<\/p>\n<div style=\"width: 640px;\" class=\"wp-video\"><!--[if lt IE 9]><script>document.createElement('video');<\/script><![endif]-->\n<video class=\"wp-video-shortcode\" id=\"video-9837-1\" width=\"640\" height=\"360\" preload=\"metadata\" controls=\"controls\"><source type=\"video\/mp4\" src=\"\/spots\/hir\/hir_180810_02.mp4?_=1\" \/><a href=\"\/spots\/hir\/hir_180810_02.mp4\">\/spots\/hir\/hir_180810_02.mp4<\/a><\/video><\/div>\n","protected":false},"excerpt":{"rendered":"<p>A Cs\u00e1ng\u00f3 Fesztiv\u00e1l r\u00e9szek\u00e9nt, imm\u00e1r 5. alkalommal szerveztek konferenci\u00e1t a K\u00e1rp\u00e1t-medence kultur\u00e1lis-, valamint gazdas\u00e1gi \u00e9let\u00e9nek szerepl\u0151i sz\u00e1m\u00e1ra J\u00e1szber\u00e9nyben. Az V. K\u00e1rp\u00e1t-Haza Magyar Konferencia \u00e9s \u00dczletember F\u00f3rum c\u00e9lja, hogy er\u0151s\u00edtse a hat\u00e1rokon \u00e1t\u00edvel\u0151 nemzeti identit\u00e1s tudatot, valamint lehet\u0151s\u00e9get teremtsen a nemzetis\u00e9gek \u00e9s a kisebbs\u00e9gek t\u00f6bbszint\u0171 egy\u00fcttm\u0171k\u00f6d\u00e9s\u00e9re. -A kultur\u00e1lis kincseket, a szellemi \u00e9rt\u00e9keket meg kell \u0151rizni. De, [&hellip;]<\/p>\n","protected":false},"author":2,"featured_media":0,"comment_status":"closed","ping_status":"closed","sticky":false,"template":"","format":"standard","meta":[],"categories":[9],"tags":[],"_links":{"self":[{"href":"http:\/\/archiv.szolnoktv.hu\/index.php?rest_route=\/wp\/v2\/posts\/9837"}],"collection":[{"href":"http:\/\/archiv.szolnoktv.hu\/index.php?rest_route=\/wp\/v2\/posts"}],"about":[{"href":"http:\/\/archiv.szolnoktv.hu\/index.php?rest_route=\/wp\/v2\/types\/post"}],"author":[{"embeddable":true,"href":"http:\/\/archiv.szolnoktv.hu\/index.php?rest_route=\/wp\/v2\/users\/2"}],"replies":[{"embeddable":true,"href":"http:\/\/archiv.szolnoktv.hu\/index.php?rest_route=%2Fwp%2Fv2%2Fcomments&post=9837"}],"version-history":[{"count":1,"href":"http:\/\/archiv.szolnoktv.hu\/index.php?rest_route=\/wp\/v2\/posts\/9837\/revisions"}],"predecessor-version":[{"id":9938,"href":"http:\/\/archiv.szolnoktv.hu\/index.php?rest_route=\/wp\/v2\/posts\/9837\/revisions\/9938"}],"wp:attachment":[{"href":"http:\/\/archiv.szolnoktv.hu\/index.php?rest_route=%2Fwp%2Fv2%2Fmedia&parent=9837"}],"wp:term":[{"taxonomy":"category","embeddable":true,"href":"http:\/\/archiv.szolnoktv.hu\/index.php?rest_route=%2Fwp%2Fv2%2Fcategories&post=9837"},{"taxonomy":"post_tag","embeddable":true,"href":"http:\/\/archiv.szolnoktv.hu\/index.php?rest_route=%2Fwp%2Fv2%2Ftags&post=9837"}],"curies":[{"name":"wp","href":"https:\/\/api.w.org\/{rel}","templated":true}]}}