{"id":9835,"date":"2018-08-09T19:39:50","date_gmt":"2018-08-09T19:39:50","guid":{"rendered":"http:\/\/archiv.szolnoktv.hu\/?p=9835"},"modified":"2021-08-14T15:39:36","modified_gmt":"2021-08-14T15:39:36","slug":"felujitas-a-szechenyi-koruti-altalanos-iskolaban","status":"publish","type":"post","link":"http:\/\/archiv.szolnoktv.hu\/?p=9835","title":{"rendered":"Fel\u00faj\u00edt\u00e1s a Sz\u00e9chenyi K\u00f6r\u00fati \u00c1ltal\u00e1nos Iskol\u00e1ban"},"content":{"rendered":"<div class='booster-block booster-read-block'><\/div><p>Sz\u00e9kek \u00e9s asztalok egym\u00e1son. Matematikai pontoss\u00e1ggal pakolt\u00e1k be a Sz\u00e9chenyi K\u00f6r\u00fati \u00c1ltal\u00e1nos Iskola tornaterm\u00e9be a minden nap haszn\u00e1lt felszerel\u00e9seket. \u00cdgy k\u00e9sz\u00fcltek j\u00falius elej\u00e9n az int\u00e9zm\u00e9nyben a jelenleg is tart\u00f3 teljes k\u00f6r\u0171 fel\u00faj\u00edt\u00e1sra. <br \/>Letakart korl\u00e1tok, \u00e9s padl\u00f3k, felhaszn\u00e1l\u00e1sra v\u00e1r\u00f3 cement. Ez a l\u00e1tv\u00e1ny jellemzi most az iskola minden pontj\u00e1t. A rekonstrukci\u00f3 kert\u00e9ben az \u00e9p\u00fclet energetikai \u00e9s digit\u00e1lis szempontb\u00f3l is meg\u00fajul. A mai napon az iskola wifi h\u00e1l\u00f3zat\u00e1t korszer\u0171s\u00edtett\u00e9k.<\/p>\n<p>-5-8 \u00e9ve haszn\u00e1ljuk az online rendszereket is. Saj\u00e1t wifi h\u00e1l\u00f3zatot \u00e9p\u00edtett\u00fcnk ki, ennek viszont az a h\u00e1tr\u00e1nya, ha egyszerre sok gyerek csatlakozik r\u00e1 az okostelefonj\u00e1val, nem fog \u00fagy m\u0171k\u00f6dni mint, ahogy mi azt eltervezt\u00fck. Ezt fogja seg\u00edteni az a projekt, melyek sor\u00e1n vezet\u00e9kes wifi h\u00e1l\u00f3zatot \u00e9p\u00edtenek ki az int\u00e9zm\u00e9nyben.&#8221;- mondta Toldin\u00e9 Katona M\u00f3nika az igazgat\u00f3helyettes.<\/p>\n<p>Kijel\u00f6lt falak, felvert beton \u00e9s \u00faj cs\u00f6vek. A projekt keret\u00e9ben az iskola v\u00edzvezet\u00e9k rendszer\u00e9nek egyes elemit is kicser\u00e9lik. Ezek a cs\u00f6vek m\u00e9g elhelyez\u00e9sre v\u00e1rnak, azonban n\u00e9h\u00e1ny napon bel\u00fcl a mosd\u00f3k ism\u00e9t haszn\u00e1lhat\u00f3k lesznek. A munk\u00e1latok a tantermekben is eg\u00e9sz nap folynak. A mesterek most az els\u0151 szinten, dolgoznak, ahol falakat \u00fajra kifestett\u00e9k \u00e9s \u00faj padl\u00f3burkolatot is kapnak az oszt\u00e1lyok. <\/p>\n<p>-Szintenk\u00e9nt haladnak lefel\u00e9. Most k\u00f6vetkezik az els\u0151 emelet \u00e9s \u00fagy legutolj\u00e1ra a f\u00f6ldszinti tantermekben fel\u00faj\u00edt\u00e1sa zajlik. K\u00f6zben vizesblokkok fel\u00faj\u00edt\u00e1s\u00e1ra is sor ker\u00fclt. Ez m\u00e9g csak r\u00e9szben van k\u00e9sz. A munk\u00e1sok folyamatosan dolgoznak.&#8221;- tette hozz\u00e1 az igazgat\u00f3helyettes.<\/p>\n<p>A bels\u0151 fel\u00faj\u00edt\u00e1ssal p\u00e1rhuzamosan a kinti munk\u00e1latok is megkezd\u0151dtek. Itt most a csatornarendszeren dolgoznak. Az energetikai fejleszt\u00e9s keret\u00e9ben k\u00fcls\u0151 ny\u00edl\u00e1sz\u00e1r\u00f3 csere- \u00e9s szigetel\u00e9s is megval\u00f3sul, illetve a tet\u0151szerkezetet is \u00e1t\u00e9p\u00edtik. A gyerekek a tan\u00e9vet \u00faj k\u00f6rnyezetben szeptember 3-\u00e1n kezdhetik meg.<br \/>\n<br \/>\n<div style=\"width: 640px;\" class=\"wp-video\"><!--[if lt IE 9]><script>document.createElement('video');<\/script><![endif]-->\n<video class=\"wp-video-shortcode\" id=\"video-9835-1\" width=\"640\" height=\"360\" preload=\"metadata\" controls=\"controls\"><source type=\"video\/mp4\" src=\"\/spots\/hir\/hir_180809_06.mp4?_=1\" \/><a href=\"\/spots\/hir\/hir_180809_06.mp4\">\/spots\/hir\/hir_180809_06.mp4<\/a><\/video><\/div><\/p>\n","protected":false},"excerpt":{"rendered":"<p>Sz\u00e9kek \u00e9s asztalok egym\u00e1son. Matematikai pontoss\u00e1ggal pakolt\u00e1k be a Sz\u00e9chenyi K\u00f6r\u00fati \u00c1ltal\u00e1nos Iskola tornaterm\u00e9be a minden nap haszn\u00e1lt felszerel\u00e9seket. \u00cdgy k\u00e9sz\u00fcltek j\u00falius elej\u00e9n az int\u00e9zm\u00e9nyben a jelenleg is tart\u00f3 teljes k\u00f6r\u0171 fel\u00faj\u00edt\u00e1sra. Letakart korl\u00e1tok, \u00e9s padl\u00f3k, felhaszn\u00e1l\u00e1sra v\u00e1r\u00f3 cement. Ez a l\u00e1tv\u00e1ny jellemzi most az iskola minden pontj\u00e1t. A rekonstrukci\u00f3 kert\u00e9ben az \u00e9p\u00fclet energetikai \u00e9s [&hellip;]<\/p>\n","protected":false},"author":2,"featured_media":0,"comment_status":"closed","ping_status":"closed","sticky":false,"template":"","format":"standard","meta":[],"categories":[9],"tags":[],"_links":{"self":[{"href":"http:\/\/archiv.szolnoktv.hu\/index.php?rest_route=\/wp\/v2\/posts\/9835"}],"collection":[{"href":"http:\/\/archiv.szolnoktv.hu\/index.php?rest_route=\/wp\/v2\/posts"}],"about":[{"href":"http:\/\/archiv.szolnoktv.hu\/index.php?rest_route=\/wp\/v2\/types\/post"}],"author":[{"embeddable":true,"href":"http:\/\/archiv.szolnoktv.hu\/index.php?rest_route=\/wp\/v2\/users\/2"}],"replies":[{"embeddable":true,"href":"http:\/\/archiv.szolnoktv.hu\/index.php?rest_route=%2Fwp%2Fv2%2Fcomments&post=9835"}],"version-history":[{"count":1,"href":"http:\/\/archiv.szolnoktv.hu\/index.php?rest_route=\/wp\/v2\/posts\/9835\/revisions"}],"predecessor-version":[{"id":9940,"href":"http:\/\/archiv.szolnoktv.hu\/index.php?rest_route=\/wp\/v2\/posts\/9835\/revisions\/9940"}],"wp:attachment":[{"href":"http:\/\/archiv.szolnoktv.hu\/index.php?rest_route=%2Fwp%2Fv2%2Fmedia&parent=9835"}],"wp:term":[{"taxonomy":"category","embeddable":true,"href":"http:\/\/archiv.szolnoktv.hu\/index.php?rest_route=%2Fwp%2Fv2%2Fcategories&post=9835"},{"taxonomy":"post_tag","embeddable":true,"href":"http:\/\/archiv.szolnoktv.hu\/index.php?rest_route=%2Fwp%2Fv2%2Ftags&post=9835"}],"curies":[{"name":"wp","href":"https:\/\/api.w.org\/{rel}","templated":true}]}}