{"id":9834,"date":"2018-08-09T19:36:25","date_gmt":"2018-08-09T19:36:25","guid":{"rendered":"http:\/\/archiv.szolnoktv.hu\/?p=9834"},"modified":"2021-08-14T15:39:36","modified_gmt":"2021-08-14T15:39:36","slug":"felujitasok-a-muszaki-szakkepzesi-centrumban","status":"publish","type":"post","link":"http:\/\/archiv.szolnoktv.hu\/?p=9834","title":{"rendered":"Fel\u00faj\u00edt\u00e1sok a  M\u0171szaki Szakk\u00e9pz\u00e9si Centrumban"},"content":{"rendered":"<div class='booster-block booster-read-block'><\/div><p>\u00daj homlokzattal v\u00e1rja a Baross G\u00e1bor Tagint\u00e9zm\u00e9ny szeptembert\u0151l a di\u00e1kokat. De valamennyi \u00e9p\u00fcletben v\u00e9geztek fel\u00faj\u00edt\u00e1si munk\u00e1kat a ny\u00e1r sor\u00e1n. <\/p>\n<p>Hics\u00f3 Gy\u00f6rgy  f\u0151igazgat\u00f3 M\u0171szaki Szakk\u00e9pz\u00e9si Centrum : <\/p>\n<p>-&#8220;T\u00f6bb mint 200 milli\u00f3 forintot ford\u00edtottunk , ford\u00edtunk karbantart\u00e1sra, fel\u00faj\u00edt\u00e1sra beruh\u00e1z\u00e1sokra. Ennek egy jelent\u0151s r\u00e9sze saj\u00e1t forr\u00e1sb\u00f3l val\u00f3sult meg. Hat tagint\u00e9zm\u00e9nyben folynak munk\u00e1latok. A tisztas\u00e1gi fest\u00e9sen t\u00fal m\u00e1s beruh\u00e1z\u00e1sok, teremkialak\u00edt\u00e1sok is folyamatban vannak, amelyek a korszer\u0171 szakk\u00e9pz\u00e9st seg\u00edtik \u00e9s a szakk\u00e9pz\u00e9s t\u00e1rgyi felt\u00e9teleit fogj\u00e1k jav\u00edtani.  &#8211;<\/p>\n<p> Itt a Barossban m\u00e9g jav\u00e1ban zajlik a munka. Az \u00e9p\u00fclet fel\u00e1llv\u00e1nyozva, az ablakok m\u00e1r \u00fajak, ezekben a napokban \u00e9ppen a  k\u00fcls\u0151 szigetel\u00e9s zajlik. <\/p>\n<p>Hics\u00f3 Gy\u00f6rgy  f\u0151igazgat\u00f3 M\u0171szaki Szakk\u00e9pz\u00e9si Centrum :<\/p>\n<p>-&#8220;K\u00f6zel 600 di\u00e1k tanul ebben a tagint\u00e9zm\u00e9nyben , a m\u0171szaki tagint\u00e9zm\u00e9nyhez tartoz\u00f3 g\u00e9p\u00e9sz, villamosiparhoz tartoz\u00f3  szakm\u00e1kat, aut\u00f3szerel\u0151, villanyszerel\u0151, hegeszt\u0151, lakatos szakm\u00e1kat oktatunk. Uni\u00f3s forr\u00e1sb\u00f3l val\u00f3sul meg ennek az \u00e9p\u00fcletnek h\u0151szigetel\u00e9se, korszer\u0171s\u00edt\u00e9se, amely mag\u00e1ban foglalja az \u00f6sszes ny\u00edl\u00e1sz\u00e1r\u00f3 cser\u00e9j\u00e9t \u00e9s a tet\u0151 szigetel\u00e9s\u00e9t is.&#8221; <\/p>\n<p>A  130 milli\u00f3s uni\u00f3s forr\u00e1s mell\u00e9 m\u00e9g 25 milli\u00f3 forintot tettek saj\u00e1t forr\u00e1sb\u00f3l, \u00edgy teljes lesz k\u00fcls\u0151-bels\u0151 a fel\u00faj\u00edt\u00e1s. <br \/>A tornaterem \u00faj parkett\u00e1j\u00e1n \u00f6r\u00f6m lesz kosarazni, de ebben a vadonat\u00faj  tanm\u0171helyben is sz\u00edvesen gyakorolnak majd. Itt egy\u00e9bk\u00e9nt villanyszerel\u00e9st tanulnak majd a di\u00e1kok.<br \/>\n<br \/>\n<div style=\"width: 640px;\" class=\"wp-video\"><!--[if lt IE 9]><script>document.createElement('video');<\/script><![endif]-->\n<video class=\"wp-video-shortcode\" id=\"video-9834-1\" width=\"640\" height=\"360\" preload=\"metadata\" controls=\"controls\"><source type=\"video\/mp4\" src=\"\/spots\/hir\/hir_180809_05.mp4?_=1\" \/><a href=\"\/spots\/hir\/hir_180809_05.mp4\">\/spots\/hir\/hir_180809_05.mp4<\/a><\/video><\/div><\/p>\n","protected":false},"excerpt":{"rendered":"<p>\u00daj homlokzattal v\u00e1rja a Baross G\u00e1bor Tagint\u00e9zm\u00e9ny szeptembert\u0151l a di\u00e1kokat. De valamennyi \u00e9p\u00fcletben v\u00e9geztek fel\u00faj\u00edt\u00e1si munk\u00e1kat a ny\u00e1r sor\u00e1n. Hics\u00f3 Gy\u00f6rgy f\u0151igazgat\u00f3 M\u0171szaki Szakk\u00e9pz\u00e9si Centrum : -&#8220;T\u00f6bb mint 200 milli\u00f3 forintot ford\u00edtottunk , ford\u00edtunk karbantart\u00e1sra, fel\u00faj\u00edt\u00e1sra beruh\u00e1z\u00e1sokra. Ennek egy jelent\u0151s r\u00e9sze saj\u00e1t forr\u00e1sb\u00f3l val\u00f3sult meg. Hat tagint\u00e9zm\u00e9nyben folynak munk\u00e1latok. A tisztas\u00e1gi fest\u00e9sen t\u00fal m\u00e1s beruh\u00e1z\u00e1sok, [&hellip;]<\/p>\n","protected":false},"author":2,"featured_media":0,"comment_status":"closed","ping_status":"closed","sticky":false,"template":"","format":"standard","meta":[],"categories":[9],"tags":[],"_links":{"self":[{"href":"http:\/\/archiv.szolnoktv.hu\/index.php?rest_route=\/wp\/v2\/posts\/9834"}],"collection":[{"href":"http:\/\/archiv.szolnoktv.hu\/index.php?rest_route=\/wp\/v2\/posts"}],"about":[{"href":"http:\/\/archiv.szolnoktv.hu\/index.php?rest_route=\/wp\/v2\/types\/post"}],"author":[{"embeddable":true,"href":"http:\/\/archiv.szolnoktv.hu\/index.php?rest_route=\/wp\/v2\/users\/2"}],"replies":[{"embeddable":true,"href":"http:\/\/archiv.szolnoktv.hu\/index.php?rest_route=%2Fwp%2Fv2%2Fcomments&post=9834"}],"version-history":[{"count":1,"href":"http:\/\/archiv.szolnoktv.hu\/index.php?rest_route=\/wp\/v2\/posts\/9834\/revisions"}],"predecessor-version":[{"id":9941,"href":"http:\/\/archiv.szolnoktv.hu\/index.php?rest_route=\/wp\/v2\/posts\/9834\/revisions\/9941"}],"wp:attachment":[{"href":"http:\/\/archiv.szolnoktv.hu\/index.php?rest_route=%2Fwp%2Fv2%2Fmedia&parent=9834"}],"wp:term":[{"taxonomy":"category","embeddable":true,"href":"http:\/\/archiv.szolnoktv.hu\/index.php?rest_route=%2Fwp%2Fv2%2Fcategories&post=9834"},{"taxonomy":"post_tag","embeddable":true,"href":"http:\/\/archiv.szolnoktv.hu\/index.php?rest_route=%2Fwp%2Fv2%2Ftags&post=9834"}],"curies":[{"name":"wp","href":"https:\/\/api.w.org\/{rel}","templated":true}]}}