{"id":9832,"date":"2018-08-09T19:27:10","date_gmt":"2018-08-09T19:27:10","guid":{"rendered":"http:\/\/archiv.szolnoktv.hu\/?p=9832"},"modified":"2021-08-14T15:39:37","modified_gmt":"2021-08-14T15:39:37","slug":"a-nyari-hoseg-a-kutyakra-is-veszelyes","status":"publish","type":"post","link":"http:\/\/archiv.szolnoktv.hu\/?p=9832","title":{"rendered":"A ny\u00e1ri h\u0151s\u00e9g a kuty\u00e1kra is vesz\u00e9lyes"},"content":{"rendered":"<div class='booster-block booster-read-block'><\/div><p>Nemcsak nek\u00fcnk, de a kuty\u00e1knak sem k\u00f6nny\u0171 ebben a tikkaszt\u00f3 h\u0151s\u00e9gben. A n\u00e9gyl\u00e1b\u00faak is \u00e9pp\u00fagy kaphatnak h\u0151gut\u00e1t, mint mi. B\u0151r\u00fck\u00f6n kereszt\u00fcl csek\u00e9ly m\u00e9rt\u00e9kben k\u00e9pesek p\u00e1rologtatni, csaknem kiz\u00e1r\u00f3lag a l\u00e9gutakon kereszt\u00fcl adj\u00e1k le a test\u00fckben keletkez\u0151 felesleges h\u0151mennyis\u00e9get. A Szolnok V\u00e1rosi \u00c1llatotthon Alap\u00edtv\u00e1ny ilyenkor fokozott figyelmet ford\u00edt az \u00e1llatok h\u0171t\u00e9s\u00e9re. <\/p>\n<p>-Nagyon nagyon meleg van. A kutyusaink is \u00e9rzik ezt. Amikor itt vagyunk naphosszat slagozunk, hogy h\u0171s\u00edts\u00fck \u00edgy a kenneleket. Illetve \u00f3r\u00e1nk\u00e9nt cser\u00e9lj\u00fck a vizet, mert nagyon gyorsan felmelegszik \u00e9s nagyon sok kutya szeret pancsolni \u00e9s \u00edgy \u00f6sszekoszolja a vizet illetve m\u00e9g este visszaj\u00f6v\u00fcnk az esti \u00f3r\u00e1kban kicser\u00e9lj\u00fck az iv\u00f3viz\u00fcket.&#8221;-mondta:Tarpai Enik\u0151, Szolnok V\u00e1rosi \u00c1llatotthon Alap\u00edtv\u00e1ny  <\/p>\n<p> N\u00e9melyik kutya kimondottan szereti, ha v\u00edzzel locsolj\u00e1k. De nemcsak a kinti, hanem a lak\u00e1sban tartott \u00e1llatokn\u00e1l is fontos az odafigyel\u00e9s. A h\u0151s\u00e9gt\u0151l egy\u00e9bk\u00e9nt a sima, s\u00f6t\u00e9t \u00e9s r\u00f6vid sz\u0151r\u0171ek szenvednek a legjobban, hiszen ezeknek a kuty\u00e1knak nincs h\u0151cs\u00f6kkent\u00e9st el\u0151seg\u00edt\u0151, d\u00fas bund\u00e1juk. A legjobb, ha s\u0171r\u0171n f\u00fcrdetj\u00fck a n\u00e9gyl\u00e1b\u00faakat a h\u0151s\u00e9gben. Tiszta, friss v\u00edz legyen mindig el\u0151tt\u00fck, hogy szomjukat b\u00e1rmikor csillap\u00edthass\u00e1k.<br \/>\u00cdgy elker\u00fclhet\u0151, hogy kedvenc\u00fcnk h\u0151gut\u00e1t kapjon. Ennek t\u00fcnetei<br \/>a gyors liheg\u00e9s, v\u00f6r\u00f6s nyelv \u00e9s \u00edny, h\u00e1ny\u00e1s, hasmen\u00e9s, koordin\u00e1latlan mozg\u00e1s, t\u00e1gra ny\u00edlt pupill\u00e1k, k\u00f3ma. Ilyen esetben azonnal \u00e1llatorvoshoz kell vinni az \u00e1llatot.<\/p>\n<p>,,A napokban volt egy kiskutya, akit az \u00e1rok parton tal\u00e1ltak. \u00d5 h\u0151gut\u00e1t kapott. Kint volt ugye a sz\u00e1razs\u00e1gban. Vizet \u00fagy nem kapott. L\u00e1tszott, hogy kedvtelen, h\u00e1tracsuklott a feje.&#8221; Gyorsan elvitt\u00fck orvoshoz \u00e9s siker\u00fclt megmenteni az \u00e9let\u00e9t. Teh\u00e1t azt lehet \u00e9szrevenni, hogy kedvtelen kutyus, nem az igazi. Ki van sz\u00e1radva, ezt a b\u0151r\u00e9n is lehet tapasztalni. Illetve ami nagyon fontos, az \u00e1llatv\u00e9d\u0151k minden \u00e9vben elmondj\u00e1k, hogy aut\u00f3ban nem szabad hagyni, 5 percre sem h\u00e1zi\u00e1llatot, se gyereket, se kuty\u00e1t.&#8221;-mondta: Tarpai Enik\u0151, Szolnok V\u00e1rosi \u00c1llatotthon Alap\u00edtv\u00e1ny  <\/p>\n<p>Sz\u00e1mos kutya kapott m\u00e1r h\u0151gut\u00e1t az 50-60 \u00b0C-ra felmelegedett aut\u00f3ban, noha az ablakok r\u00e9snyire nyitva voltak. Az ilyen magas h\u0151m\u00e9rs\u00e9kletet csup\u00e1n 20-30 percig k\u00e9pesek elviselni. Ha az aut\u00f3ban l\u00e1tnak bez\u00e1rva egy \u00e1llatot, vagy a t\u0171z\u0151 napon kil\u00e1ncolva, azonnal \u00e9rtes\u00edts\u00e9k a rend\u0151rs\u00e9get, illetve a helyi \u00e1llatv\u00e9delmi szervezeteket.<\/p>\n<div style=\"width: 640px;\" class=\"wp-video\"><!--[if lt IE 9]><script>document.createElement('video');<\/script><![endif]-->\n<video class=\"wp-video-shortcode\" id=\"video-9832-1\" width=\"640\" height=\"360\" preload=\"metadata\" controls=\"controls\"><source type=\"video\/mp4\" src=\"\/spots\/hir\/hir_180809_03.mp4?_=1\" \/><a href=\"\/spots\/hir\/hir_180809_03.mp4\">\/spots\/hir\/hir_180809_03.mp4<\/a><\/video><\/div>\n","protected":false},"excerpt":{"rendered":"<p>Nemcsak nek\u00fcnk, de a kuty\u00e1knak sem k\u00f6nny\u0171 ebben a tikkaszt\u00f3 h\u0151s\u00e9gben. A n\u00e9gyl\u00e1b\u00faak is \u00e9pp\u00fagy kaphatnak h\u0151gut\u00e1t, mint mi. B\u0151r\u00fck\u00f6n kereszt\u00fcl csek\u00e9ly m\u00e9rt\u00e9kben k\u00e9pesek p\u00e1rologtatni, csaknem kiz\u00e1r\u00f3lag a l\u00e9gutakon kereszt\u00fcl adj\u00e1k le a test\u00fckben keletkez\u0151 felesleges h\u0151mennyis\u00e9get. A Szolnok V\u00e1rosi \u00c1llatotthon Alap\u00edtv\u00e1ny ilyenkor fokozott figyelmet ford\u00edt az \u00e1llatok h\u0171t\u00e9s\u00e9re. -Nagyon nagyon meleg van. A kutyusaink [&hellip;]<\/p>\n","protected":false},"author":2,"featured_media":0,"comment_status":"closed","ping_status":"closed","sticky":false,"template":"","format":"standard","meta":[],"categories":[9],"tags":[],"_links":{"self":[{"href":"http:\/\/archiv.szolnoktv.hu\/index.php?rest_route=\/wp\/v2\/posts\/9832"}],"collection":[{"href":"http:\/\/archiv.szolnoktv.hu\/index.php?rest_route=\/wp\/v2\/posts"}],"about":[{"href":"http:\/\/archiv.szolnoktv.hu\/index.php?rest_route=\/wp\/v2\/types\/post"}],"author":[{"embeddable":true,"href":"http:\/\/archiv.szolnoktv.hu\/index.php?rest_route=\/wp\/v2\/users\/2"}],"replies":[{"embeddable":true,"href":"http:\/\/archiv.szolnoktv.hu\/index.php?rest_route=%2Fwp%2Fv2%2Fcomments&post=9832"}],"version-history":[{"count":1,"href":"http:\/\/archiv.szolnoktv.hu\/index.php?rest_route=\/wp\/v2\/posts\/9832\/revisions"}],"predecessor-version":[{"id":9943,"href":"http:\/\/archiv.szolnoktv.hu\/index.php?rest_route=\/wp\/v2\/posts\/9832\/revisions\/9943"}],"wp:attachment":[{"href":"http:\/\/archiv.szolnoktv.hu\/index.php?rest_route=%2Fwp%2Fv2%2Fmedia&parent=9832"}],"wp:term":[{"taxonomy":"category","embeddable":true,"href":"http:\/\/archiv.szolnoktv.hu\/index.php?rest_route=%2Fwp%2Fv2%2Fcategories&post=9832"},{"taxonomy":"post_tag","embeddable":true,"href":"http:\/\/archiv.szolnoktv.hu\/index.php?rest_route=%2Fwp%2Fv2%2Ftags&post=9832"}],"curies":[{"name":"wp","href":"https:\/\/api.w.org\/{rel}","templated":true}]}}