{"id":9831,"date":"2018-08-09T19:25:00","date_gmt":"2018-08-09T19:25:00","guid":{"rendered":"http:\/\/archiv.szolnoktv.hu\/?p=9831"},"modified":"2021-08-14T15:39:37","modified_gmt":"2021-08-14T15:39:37","slug":"illegalis-hulladeklerakok","status":"publish","type":"post","link":"http:\/\/archiv.szolnoktv.hu\/?p=9831","title":{"rendered":"Illeg\u00e1lis hullad\u00e9klerak\u00f3k"},"content":{"rendered":"<div class='booster-block booster-read-block'><\/div><p>V\u00e1rosszerte hetente \u00fajabb \u00e9s \u00fajabb szem\u00e9tkupacok t\u0171nnek fel. Felsz\u00e1mol\u00e1suk nemcsak a szolg\u00e1ltat\u00f3nak, a v\u00e1rosnak, hanem valamennyi ad\u00f3fizet\u0151 \u00e1llampolg\u00e1rnak sokba ker\u00fcl. M\u00e1r az \u00f3vod\u00e1ban elkezd\u0151dik a k\u00f6rnyezettudatos nevel\u00e9s, a kicsik tudj\u00e1k mit szabad \u00e9s mit nem. Itt  a szandasz\u0151l\u0151si  iskola \u00e9s gy\u00f3gyszert\u00e1r k\u00f6rny\u00e9k\u00e9n r\u00e1 is csod\u00e1lkoznak a vak\u00e1ci\u00f3z\u00f3 gyerekek erre a szem\u00e9thalomra. A zs\u00e1kok illeg\u00e1lis kihelyez\u00e9se mindenkinek sz\u00farja a szem\u00e9t. <\/p>\n<p>Lits L\u00e1szl\u00f3 \u00fcgyvezet\u0151 igazgat\u00f3 \u00a0NHSZ Szolnok K\u00f6zszolg\u00e1ltat\u00f3\u00a0Nonprofit\u00a0Kft. : <\/p>\n<p>-&#8220;A k\u00f6rnyezetv\u00e9delemnek h\u00e1rom er\u0151sebb szegmense van, egyik a k\u00f6rnyezettudatos nevel\u00e9s, m\u00e1sik a szoci\u00e1lis helyzet,  a harmadik pedig  a hat\u00f3s\u00e1gi munka. Az \u00f6n \u00e1ltal  eml\u00edtett k\u00f6rnyezetk\u00e1ros\u00edt\u00e1s, kiz\u00e1r\u00f3lag a hat\u00f3s\u00e1g er\u0151teljes, elrettent\u0151 fell\u00e9p\u00e9se szabhat csak g\u00e1tat. &#8211;<\/p>\n<p> Ezt a szem\u00e9tkupacot, melyben m\u0171anyag flakonok, toj\u00e1sh\u00e9j \u00e9s ruhanem\u0171 is van a k\u00f6rny\u00e9ken \u00e9l\u0151k le is f\u00e9nyk\u00e9pezt\u00e9k \u00e9s megosztott\u00e1k a felv\u00e9teleket a k\u00f6z\u00f6ss\u00e9gi oldalon. Ennek ellen\u00e9re \u00e1tt\u00e9telesen mindenki megfizeti az elsz\u00e1ll\u00edt\u00e1s \u00e1r\u00e1t. <\/p>\n<p>-&#8220;Szolnok v\u00e1ros\u00e1ban 2017-es lez\u00e1rt adatot tudok mondani, 12-13 milli\u00f3 forintot k\u00f6lt a v\u00e1ros az illeg\u00e1lis hullad\u00e9kok elsz\u00e1ll\u00edt\u00e1s\u00e1ra \u00e9s mintegy 1500 k\u00f6bm\u00e9ter illeg\u00e1lis hullad\u00e9kot sz\u00e1ll\u00edtottunk el a v\u00e1rosb\u00f3l.&#8221;-tette hozz\u00e1 az \u00fcgyvezet\u0151  igazgat\u00f3.  <\/p>\n<p>Jellegzetes helyek az elhagyott \u00e1rokpartok, a nagyobb kont\u00e9nerek &#8211; \u00e9s szelekt\u00edv hullad\u00e9kgy\u0171jt\u0151 szigetek k\u00f6rny\u00e9ke. No \u00e9s visszat\u00e9r\u0151en a szandai r\u00e9t minden oldala. M\u00e9g az sem riasztja el a tilosban j\u00e1r\u00f3kat, hogy a ter\u00fclet m\u00e1sik fele hamarosan az ejt\u0151erny\u0151s VB helysz\u00edne lesz. Ezt a sitthalmot is ide, a napraforg\u00f3 t\u00e1bla mell\u00e9 tett\u00e9k ki. <br \/>De n\u00e9h\u00e1ny l\u00e9p\u00e9ssel od\u00e9bb \u00fajabb lerak\u00f3ra bukkantunk.  <br \/>Az \u00f6nk\u00e9ntes hullad\u00e9kgy\u0171jt\u0151 akci\u00f3k m\u00e9lt\u00e1nyoland\u00f3k \u00e9s j\u00f3 k\u00f6z\u00f6ss\u00e9g\u00e9p\u00edt\u0151 programok, de a tapasztalatok szerint sosem azok szedik \u00f6ssze a szemetet, akik kidobj\u00e1k azt. Ez\u00e9rt nagy szerepe van az \u00e1llampolg\u00e1roknak \u00e9s a hat\u00f3s\u00e1goknak is. <\/p>\n<p>Lits L\u00e1szl\u00f3 \u00fcgyvezet\u0151 igazgat\u00f3: \u00a0NHSZ Szolnok K\u00f6zszolg\u00e1ltat\u00f3\u00a0Nonprofit\u00a0Kft. : <\/p>\n<p>-&#8220;A hat\u00f3s\u00e1gok munk\u00e1j\u00e1t pr\u00f3b\u00e1ljuk meg seg\u00edteni , hogy a hat\u00f3s\u00e1g a saj\u00e1t t\u00e9tlens\u00e9g\u00e9t h\u00e1tra hagyva belevetn\u00e9 mag\u00e1t ebbe a nagyon komoly \u00e9s neh\u00e9z munk\u00e1ba, akkor igen k\u00e9sz\u00edtsenek felv\u00e9teleket, tegyen rend\u0151rs\u00e9gi bejelent\u00e9st \u00e9s pr\u00f3b\u00e1ljuk seg\u00edteni a hat\u00f3s\u00e1gok munk\u00e1j\u00e1t, mert csak az elrettent\u0151 erej\u0171 hat\u00f3s\u00e1gi fell\u00e9p\u00e9ssel lehet ezeket a probl\u00e9m\u00e1kat megel\u0151zni. &#8211;<\/p>\n<p>Inform\u00e1ci\u00f3ink szerint a tavalyi \u00e9vben t\u00f6bb mint 10 ezer elj\u00e1r\u00e1s indult megy\u00e9nkben gyorshajt\u00e1s miatt, m\u00edg az illeg\u00e1lisan szemetet lerak\u00f3kkal kapcsolatos \u00fcgyek sz\u00e1ma nem gyakori. <\/p>\n<p>A rend\u0151rs\u00e9g k\u00f6zlem\u00e9nye szerint  a btk. az enged\u00e9ly n\u00e9lk\u00fcli lerak\u00e1st 3 \u00e9vig terjed\u0151 szabads\u00e1gveszt\u00e9ssel b\u00fcnteti, ha pedig elem vagy b\u00e1rmilyen vesz\u00e9lyes hullad\u00e9k is van a kupacokban az elk\u00f6vet\u0151 ak\u00e1r 5 \u00e9vet is kaphat. Elj\u00e1r\u00e1s azonban csak az ismert esetekben indul, ez\u00e9rt a rend\u0151rs\u00e9g arra h\u00edvja fel a figyelmet mindenk\u00e9ppen tegyenek bejelent\u00e9st, ha illeg\u00e1lis szem\u00e9tlerak\u00e1st l\u00e1tnak.<br \/>\n<br \/>\n<div style=\"width: 640px;\" class=\"wp-video\"><!--[if lt IE 9]><script>document.createElement('video');<\/script><![endif]-->\n<video class=\"wp-video-shortcode\" id=\"video-9831-1\" width=\"640\" height=\"360\" preload=\"metadata\" controls=\"controls\"><source type=\"video\/mp4\" src=\"\/spots\/hir\/hir_180809_02.mp4?_=1\" \/><a href=\"\/spots\/hir\/hir_180809_02.mp4\">\/spots\/hir\/hir_180809_02.mp4<\/a><\/video><\/div><\/p>\n","protected":false},"excerpt":{"rendered":"<p>V\u00e1rosszerte hetente \u00fajabb \u00e9s \u00fajabb szem\u00e9tkupacok t\u0171nnek fel. Felsz\u00e1mol\u00e1suk nemcsak a szolg\u00e1ltat\u00f3nak, a v\u00e1rosnak, hanem valamennyi ad\u00f3fizet\u0151 \u00e1llampolg\u00e1rnak sokba ker\u00fcl. M\u00e1r az \u00f3vod\u00e1ban elkezd\u0151dik a k\u00f6rnyezettudatos nevel\u00e9s, a kicsik tudj\u00e1k mit szabad \u00e9s mit nem. Itt a szandasz\u0151l\u0151si iskola \u00e9s gy\u00f3gyszert\u00e1r k\u00f6rny\u00e9k\u00e9n r\u00e1 is csod\u00e1lkoznak a vak\u00e1ci\u00f3z\u00f3 gyerekek erre a szem\u00e9thalomra. A zs\u00e1kok illeg\u00e1lis kihelyez\u00e9se [&hellip;]<\/p>\n","protected":false},"author":2,"featured_media":0,"comment_status":"closed","ping_status":"closed","sticky":false,"template":"","format":"standard","meta":[],"categories":[9],"tags":[],"_links":{"self":[{"href":"http:\/\/archiv.szolnoktv.hu\/index.php?rest_route=\/wp\/v2\/posts\/9831"}],"collection":[{"href":"http:\/\/archiv.szolnoktv.hu\/index.php?rest_route=\/wp\/v2\/posts"}],"about":[{"href":"http:\/\/archiv.szolnoktv.hu\/index.php?rest_route=\/wp\/v2\/types\/post"}],"author":[{"embeddable":true,"href":"http:\/\/archiv.szolnoktv.hu\/index.php?rest_route=\/wp\/v2\/users\/2"}],"replies":[{"embeddable":true,"href":"http:\/\/archiv.szolnoktv.hu\/index.php?rest_route=%2Fwp%2Fv2%2Fcomments&post=9831"}],"version-history":[{"count":1,"href":"http:\/\/archiv.szolnoktv.hu\/index.php?rest_route=\/wp\/v2\/posts\/9831\/revisions"}],"predecessor-version":[{"id":9944,"href":"http:\/\/archiv.szolnoktv.hu\/index.php?rest_route=\/wp\/v2\/posts\/9831\/revisions\/9944"}],"wp:attachment":[{"href":"http:\/\/archiv.szolnoktv.hu\/index.php?rest_route=%2Fwp%2Fv2%2Fmedia&parent=9831"}],"wp:term":[{"taxonomy":"category","embeddable":true,"href":"http:\/\/archiv.szolnoktv.hu\/index.php?rest_route=%2Fwp%2Fv2%2Fcategories&post=9831"},{"taxonomy":"post_tag","embeddable":true,"href":"http:\/\/archiv.szolnoktv.hu\/index.php?rest_route=%2Fwp%2Fv2%2Ftags&post=9831"}],"curies":[{"name":"wp","href":"https:\/\/api.w.org\/{rel}","templated":true}]}}