{"id":9828,"date":"2018-08-08T19:14:26","date_gmt":"2018-08-08T19:14:26","guid":{"rendered":"http:\/\/archiv.szolnoktv.hu\/?p=9828"},"modified":"2021-08-14T15:39:38","modified_gmt":"2021-08-14T15:39:38","slug":"vegso-nyughelyere-kisertek-ignacz-kalmant-kadit","status":"publish","type":"post","link":"http:\/\/archiv.szolnoktv.hu\/?p=9828","title":{"rendered":"V\u00e9gs\u0151 nyughely\u00e9re k\u00eds\u00e9rt\u00e9k Ign\u00e1cz K\u00e1lm\u00e1nt, Kadit"},"content":{"rendered":"<div class='booster-block booster-read-block'><\/div><p>J\u00faniusban m\u00e9g  f\u00e1radhatatlanul nyitotta meg a 30-ik Kadi Kup\u00e1t, egy h\u00f3nappal k\u00e9s\u0151bb azonban m\u00e1r elment.  75 \u00e9ves volt.  Ign\u00e1cz K\u00e1lm\u00e1nt akit Szolnok Kadik\u00e9nt ismert. A megyesz\u00e9khely  ikonikus alakja kiv\u00e1l\u00f3 sportol\u00f3 volt, a l\u00e1btenisz sport szerelmese. De \u00e9vtizedeken \u00e1t dolgozott a sz\u00ednh\u00e1zban is. Nem csak \u00fczemeltette a Szigligeti legfels\u0151 emelet\u00e9n a b\u00fcf\u00e9t, \u0151 volt a &#8220;sz\u00ednh\u00e1zb\u00fcf\u00e9 maga&#8221;. Utols\u00f3 \u00fatj\u00e1ra nemcsak bar\u00e1tai, sportt\u00e1rsai, hanem a Szigligeti Sz\u00ednh\u00e1z munkat\u00e1rsai is elk\u00eds\u00e9rt\u00e9k. <br \/>B\u00facs\u00fabesz\u00e9d\u00e9ben Moln\u00e1r L\u00e1szl\u00f3 a b\u00fcf\u00e9sz\u00e1ml\u00e1ra fel\u00edrt trabantr\u00f3l, a Kadi \u00e9nekelte \u00e1ri\u00e1kr\u00f3l, a feledhetetlen sztorikr\u00f3l is besz\u00e9lt. <\/p>\n<p>Moln\u00e1r L\u00e1szl\u00f3 sz\u00ednm\u0171v\u00e9sz: <\/p>\n<p>-&#8220;Szevasz Kadi egy korszakot vitt\u00e9l el magaddal, legenda lett\u00e9l \u00e9s legend\u00e1t alkott\u00e1l. Nincs magyar sz\u00edn\u00e9sz aki ne hallott volna r\u00f3lad. &#8211;<br \/>Menj az \u00e9giek m\u00e1r v\u00e1rnak r\u00e1d..menj Kukuja m\u00e1r s\u00f6pri el\u0151tted az utat. S ha nem tal\u00e1lod \u0151ket csak ki\u00e1ltsd el magad: men\u00fc m\u00e1sodik! &#8211;<\/p>\n<div style=\"width: 640px;\" class=\"wp-video\"><!--[if lt IE 9]><script>document.createElement('video');<\/script><![endif]-->\n<video class=\"wp-video-shortcode\" id=\"video-9828-1\" width=\"640\" height=\"360\" preload=\"metadata\" controls=\"controls\"><source type=\"video\/mp4\" src=\"\/spots\/hir\/hir_180808_06.mp4?_=1\" \/><a href=\"\/spots\/hir\/hir_180808_06.mp4\">\/spots\/hir\/hir_180808_06.mp4<\/a><\/video><\/div>\n","protected":false},"excerpt":{"rendered":"<p>J\u00faniusban m\u00e9g f\u00e1radhatatlanul nyitotta meg a 30-ik Kadi Kup\u00e1t, egy h\u00f3nappal k\u00e9s\u0151bb azonban m\u00e1r elment. 75 \u00e9ves volt. Ign\u00e1cz K\u00e1lm\u00e1nt akit Szolnok Kadik\u00e9nt ismert. A megyesz\u00e9khely ikonikus alakja kiv\u00e1l\u00f3 sportol\u00f3 volt, a l\u00e1btenisz sport szerelmese. De \u00e9vtizedeken \u00e1t dolgozott a sz\u00ednh\u00e1zban is. Nem csak \u00fczemeltette a Szigligeti legfels\u0151 emelet\u00e9n a b\u00fcf\u00e9t, \u0151 volt a &#8220;sz\u00ednh\u00e1zb\u00fcf\u00e9 [&hellip;]<\/p>\n","protected":false},"author":2,"featured_media":0,"comment_status":"closed","ping_status":"closed","sticky":false,"template":"","format":"standard","meta":[],"categories":[9],"tags":[],"_links":{"self":[{"href":"http:\/\/archiv.szolnoktv.hu\/index.php?rest_route=\/wp\/v2\/posts\/9828"}],"collection":[{"href":"http:\/\/archiv.szolnoktv.hu\/index.php?rest_route=\/wp\/v2\/posts"}],"about":[{"href":"http:\/\/archiv.szolnoktv.hu\/index.php?rest_route=\/wp\/v2\/types\/post"}],"author":[{"embeddable":true,"href":"http:\/\/archiv.szolnoktv.hu\/index.php?rest_route=\/wp\/v2\/users\/2"}],"replies":[{"embeddable":true,"href":"http:\/\/archiv.szolnoktv.hu\/index.php?rest_route=%2Fwp%2Fv2%2Fcomments&post=9828"}],"version-history":[{"count":1,"href":"http:\/\/archiv.szolnoktv.hu\/index.php?rest_route=\/wp\/v2\/posts\/9828\/revisions"}],"predecessor-version":[{"id":9947,"href":"http:\/\/archiv.szolnoktv.hu\/index.php?rest_route=\/wp\/v2\/posts\/9828\/revisions\/9947"}],"wp:attachment":[{"href":"http:\/\/archiv.szolnoktv.hu\/index.php?rest_route=%2Fwp%2Fv2%2Fmedia&parent=9828"}],"wp:term":[{"taxonomy":"category","embeddable":true,"href":"http:\/\/archiv.szolnoktv.hu\/index.php?rest_route=%2Fwp%2Fv2%2Fcategories&post=9828"},{"taxonomy":"post_tag","embeddable":true,"href":"http:\/\/archiv.szolnoktv.hu\/index.php?rest_route=%2Fwp%2Fv2%2Ftags&post=9828"}],"curies":[{"name":"wp","href":"https:\/\/api.w.org\/{rel}","templated":true}]}}