{"id":9767,"date":"2018-08-08T19:11:21","date_gmt":"2018-08-08T19:11:21","guid":{"rendered":"http:\/\/archiv.szolnoktv.hu\/?p=9767"},"modified":"2021-08-14T15:32:00","modified_gmt":"2021-08-14T15:32:00","slug":"szolnokra-erkezett-a-fuggetlensegi-stafeta","status":"publish","type":"post","link":"http:\/\/archiv.szolnoktv.hu\/?p=9767","title":{"rendered":"Szolnokra \u00e9rkezett a F\u00fcggetlens\u00e9gi Staf\u00e9ta"},"content":{"rendered":"<div class='booster-block booster-read-block'><\/div><p>Egyen p\u00f3l\u00f3ban, Lengyelorsz\u00e1g z\u00e1szl\u00f3j\u00e1t lebegtetve \u00e9rkeztek meg reggel a Tiszavir\u00e1g- h\u00edd l\u00e1b\u00e1hoz azok a gyerekek, akik k\u00f6zel 2000 m-en kereszt\u00fcl k\u00eds\u00e9rt\u00e9k a Szolnokra \u00e9rkezett -F\u00fcggetlens\u00e9gi Staf\u00e9t\u00e1t&#8221;. A k\u00fcl\u00f6nleges esem\u00e9ny minden r\u00e9szvev\u0151nek fontos volt. <\/p>\n<p>-Ez szimboliz\u00e1lja, ez volt egy szimb\u00f3lum a fut\u00e1shoz. Ahhoz hogy 1918-ban f\u00fcggetlen lett Lengyelorsz\u00e1g \u00e9s emiatt futottunk.&#8221;- mes\u00e9lte Zinkowski J\u00falia. <\/p>\n<p>A staf\u00e9t\u00e1t 17 lengyel sz\u00e1rmaz\u00e1s\u00fa \u00e9s elk\u00f6telezetts\u00e9g\u0171 fiatal is k\u00eds\u00e9rte, akik a Szolnoki Lengyel Nemzetis\u00e9gi \u00d6nkorm\u00e1nyzat ny\u00e1ri t\u00e1bor\u00e1ban vesznek r\u00e9szt. A gyerekek a foglalkoz\u00e1sok keret\u00e9ben Lengyelorsz\u00e1g t\u00f6rt\u00e9nelm\u00e9r\u0151l \u00e9s kult\u00far\u00e1j\u00e1r\u00f3l, valamint a lengyel-magyar kapcsolat l\u00e9trej\u00f6tt\u00e9r\u0151l tanulhatnak.<\/p>\n<p>-Elj\u00f6ttem ebbe a lengyel t\u00e1borba, m\u00e1r m\u00e1sodik \u00e9ve. \u00c9n voltam a legmagasabb, ez\u00e9rt lettem t\u00e1blaviv\u0151.&#8221;- tette hozz\u00e1 B\u00fas Mikl\u00f3s Tivadar. <\/p>\n<p>A staf\u00e9ta j\u00falius 29-\u00e9n indult \u00fatj\u00e1ra Derenkr\u0151l, a magyarorsz\u00e1gi lengyels\u00e9g b\u00f6lcs\u0151j\u00e9b\u0151l. A kezdem\u00e9nyez\u00e9s azokat magyar telep\u00fcl\u00e9seket j\u00e1rja be, ahol lengyel k\u00f6z\u00f6ss\u00e9gek \u00e9lnek. A -f\u00fcggetlens\u00e9gi staf\u00e9ta&#8221; a k\u00e9t nemzet \u00f6sszetartoz\u00e1s\u00e1nak jelk\u00e9pe is. <\/p>\n<p>-A n\u00e9psz\u00e1ml\u00e1l\u00e1s szerint 63 lengyelnek vall\u00f3 \u00e9l Szolnokon \u00e9s  &#8211;   nagyon \u00e9rdekes  &#8211;   63 \u00e9l a megy\u00e9ben. Teh\u00e1t itt a k\u00f6rnyezet\u00fcnkben, megy\u00e9ben 120 lengyelnek vall\u00f3 \u00e9l. De ami enn\u00e9l sokkal l\u00e9nyegesebb, hogy ennek a t\u00f6bbsz\u00f6r\u00f6se az a lengyel \u00e9rzelm\u0171 szimpatiz\u00e1ns, magyarnak vall\u00f3 h\u00e1zasp\u00e1rok, p\u00e1rok, egy\u00e9nek, akik nagy szeretettel j\u00f6nnek a k\u00f6z\u00f6ss\u00e9g\u00fcnkbe \u00e9s mindenben seg\u00edtenek benn\u00fcnket.&#8221;- mondta B\u00e1tori Zsolt a Szolnoki Lengyel Nemezetis\u00e9gi \u00d6nkorm\u00e1nyzat eln\u00f6ke.<\/p>\n<p>Volt, aki kocogva, de akadt, aki s\u00e9t\u00e1lva tette meg a kijel\u00f6lt t\u00e1vot. Az indul\u00f3k az Orsz\u00e1gz\u00e1szl\u00f3n\u00e1l \u00e9rtek c\u00e9lba, ahol a staf\u00e9t\u00e1ra Szolnok szalagja is felker\u00fclt. A r\u00e9szvev\u0151k az \u00fcnneps\u00e9gre lengyel \u00e9nekkel is k\u00e9sz\u00fcltek.<\/p>\n<p>A staf\u00e9t\u00e1t augusztus 18-\u00e1n Kecskem\u00e9t veszi \u00e1t. A menet utols\u00f3 \u00e1llom\u00e1sa Budapest, ahova a k\u00eds\u00e9ret november 11-\u00e9n \u00e9rkezik.<br \/>\n<br \/>\n<div style=\"width: 640px;\" class=\"wp-video\"><!--[if lt IE 9]><script>document.createElement('video');<\/script><![endif]-->\n<video class=\"wp-video-shortcode\" id=\"video-9767-1\" width=\"640\" height=\"360\" preload=\"metadata\" controls=\"controls\"><source type=\"video\/mp4\" src=\"\/spots\/hir\/hir_180808_05.mp4?_=1\" \/><a href=\"\/spots\/hir\/hir_180808_05.mp4\">\/spots\/hir\/hir_180808_05.mp4<\/a><\/video><\/div><\/p>\n","protected":false},"excerpt":{"rendered":"<p>Egyen p\u00f3l\u00f3ban, Lengyelorsz\u00e1g z\u00e1szl\u00f3j\u00e1t lebegtetve \u00e9rkeztek meg reggel a Tiszavir\u00e1g- h\u00edd l\u00e1b\u00e1hoz azok a gyerekek, akik k\u00f6zel 2000 m-en kereszt\u00fcl k\u00eds\u00e9rt\u00e9k a Szolnokra \u00e9rkezett -F\u00fcggetlens\u00e9gi Staf\u00e9t\u00e1t&#8221;. A k\u00fcl\u00f6nleges esem\u00e9ny minden r\u00e9szvev\u0151nek fontos volt. -Ez szimboliz\u00e1lja, ez volt egy szimb\u00f3lum a fut\u00e1shoz. Ahhoz hogy 1918-ban f\u00fcggetlen lett Lengyelorsz\u00e1g \u00e9s emiatt futottunk.&#8221;- mes\u00e9lte Zinkowski J\u00falia. A staf\u00e9t\u00e1t [&hellip;]<\/p>\n","protected":false},"author":2,"featured_media":0,"comment_status":"closed","ping_status":"closed","sticky":false,"template":"","format":"standard","meta":[],"categories":[9],"tags":[],"_links":{"self":[{"href":"http:\/\/archiv.szolnoktv.hu\/index.php?rest_route=\/wp\/v2\/posts\/9767"}],"collection":[{"href":"http:\/\/archiv.szolnoktv.hu\/index.php?rest_route=\/wp\/v2\/posts"}],"about":[{"href":"http:\/\/archiv.szolnoktv.hu\/index.php?rest_route=\/wp\/v2\/types\/post"}],"author":[{"embeddable":true,"href":"http:\/\/archiv.szolnoktv.hu\/index.php?rest_route=\/wp\/v2\/users\/2"}],"replies":[{"embeddable":true,"href":"http:\/\/archiv.szolnoktv.hu\/index.php?rest_route=%2Fwp%2Fv2%2Fcomments&post=9767"}],"version-history":[{"count":1,"href":"http:\/\/archiv.szolnoktv.hu\/index.php?rest_route=\/wp\/v2\/posts\/9767\/revisions"}],"predecessor-version":[{"id":9768,"href":"http:\/\/archiv.szolnoktv.hu\/index.php?rest_route=\/wp\/v2\/posts\/9767\/revisions\/9768"}],"wp:attachment":[{"href":"http:\/\/archiv.szolnoktv.hu\/index.php?rest_route=%2Fwp%2Fv2%2Fmedia&parent=9767"}],"wp:term":[{"taxonomy":"category","embeddable":true,"href":"http:\/\/archiv.szolnoktv.hu\/index.php?rest_route=%2Fwp%2Fv2%2Fcategories&post=9767"},{"taxonomy":"post_tag","embeddable":true,"href":"http:\/\/archiv.szolnoktv.hu\/index.php?rest_route=%2Fwp%2Fv2%2Ftags&post=9767"}],"curies":[{"name":"wp","href":"https:\/\/api.w.org\/{rel}","templated":true}]}}