{"id":9765,"date":"2018-08-08T19:03:57","date_gmt":"2018-08-08T19:03:57","guid":{"rendered":"http:\/\/archiv.szolnoktv.hu\/?p=9765"},"modified":"2021-08-14T15:32:01","modified_gmt":"2021-08-14T15:32:01","slug":"zentan-jartunk","status":"publish","type":"post","link":"http:\/\/archiv.szolnoktv.hu\/?p=9765","title":{"rendered":"Zent\u00e1n j\u00e1rtunk"},"content":{"rendered":"<div class='booster-block booster-read-block'><\/div><p>A Szolnok Telev\u00edzi\u00f3 st\u00e1baut\u00f3ja id\u00e9n is \u00fatra kelt. \u00dati c\u00e9lunk Zenta. A vajdas\u00e1gi telep\u00fcl\u00e9sig kis telep\u00fcl\u00e9seken \u00e9s bevetett f\u00f6ldek k\u00f6zt vezet az \u00fat. Mint minden \u00e9vben, id\u00e9n is S\u00f3ti Ferenc a helyi gazdak\u00f6r eln\u00f6ke volt seg\u00edts\u00e9g\u00fcnkre, hogy a K\u00e1rp\u00e1t-medence kenyere elk\u00e9sz\u00edt\u00e9s\u00e9hez minden a hely\u00e9n legyen. \u00d5 fogadott a v\u00e1ros f\u0151ter\u00e9n.<\/p>\n<p>Zent\u00e1r\u00f3l a kov\u00e1sz \u00e9rkezik a keny\u00e9rbe. Az els\u0151 pr\u00f3bakov\u00e1sz elk\u00e9sz\u00edt\u00e9se el\u0151tt m\u00e9g \u00e1tbesz\u00e9lt\u00fck az augusztus 20-ai teend\u0151ket. Terveink szerint a keny\u00e9rszentel\u00e9s \u00fcnnepi m\u0171sor\u00e1ba Zent\u00e1r\u00f3l is \u00e9rkeznek majd fell\u00e9p\u0151k. <\/p>\n<p>S\u00f3ti Ferenccel err\u0151l is egyeztett\u00fcnk. \u00c9s persze feleleven\u00edtett\u00fck az elm\u00falt 8 \u00e9vet. Ma m\u00e1r elmondhat\u00f3: a r\u00e9sztvev\u0151k k\u00f6zt bar\u00e1ts\u00e1g sz\u00f6v\u0151d\u00f6tt.<\/p>\n<p>&#8220;Di\u00f3szegi Laci sepsiszentgy\u00f6rgyi p\u00e9kmestern\u00e9l t\u00f6bbsz\u00f6r voltunk, de Beregsz\u00e1szon K\u00e9zi L\u00e1szl\u00f3n\u00e1l is, \u0151k is j\u00e1rtak ott, mi is n\u00e1luk, tal\u00e1lkoztunk vel\u00fck, a mi p\u00e9k\u00fcnk is ott van.&#8221; -mondta S\u00d3TI FERENC eln\u00f6k, Zentai Gazdak\u00f6r.<\/p>\n<p>A f\u0151t\u00e9rr\u0151l utunk Cs\u00f3k\u00e1ra, \u00c1rok J\u00f3zsef p\u00e9kmesterhez vezetett. A csal\u00e1d nem csak a keny\u00e9rs\u00fct\u00e9sben vesz r\u00e9szt, a kov\u00e1szt t\u0151le hozzuk. Pr\u00f3bak\u00e9nt kevert is nek\u00fcnk egy adagot.<\/p>\n<p>&#8220;Ez olyan lett, hogy ha ki kell sz\u00e1molni 17 \u00f3r\u00e1t kell utazni, oda\u00e9r, k\u00f6zben dolgozik, megpihen \u00e9s lehet dagasztani vele.&#8221; -mondta \u00c1ROK J\u00d3ZSEF p\u00e9kmester, Cs\u00f3ka.<\/p>\n<p>A pr\u00f3bakov\u00e1sz j\u00f3l siker\u00fclt ma reggel keny\u00e9r k\u00e9sz\u00fclt bel\u0151le. Az \u00f6sszefog\u00e1s kenyer\u00e9hez is ugyan \u00edgy keverik \u00f6ssze a beleval\u00f3kat. A nagy keny\u00e9r mellett kisebbek is s\u00fclnek majd, ezeket a testv\u00e9r telep\u00fcl\u00e9sekre sz\u00e1ll\u00edtjuk majd. Zent\u00e1ra, az egy \u00e9vvel ezel\u0151tt fel\u00faj\u00edtott templomhoz is jut majd egy, ahol -a szolnokival egy id\u0151ben- a testv\u00e9rkenyeret is megszentelik \u00e9s megszegik.<br \/>\n<br \/>\n<div style=\"width: 640px;\" class=\"wp-video\"><!--[if lt IE 9]><script>document.createElement('video');<\/script><![endif]-->\n<video class=\"wp-video-shortcode\" id=\"video-9765-1\" width=\"640\" height=\"360\" preload=\"metadata\" controls=\"controls\"><source type=\"video\/mp4\" src=\"\/spots\/hir\/hir_180808_03.mp4?_=1\" \/><a href=\"\/spots\/hir\/hir_180808_03.mp4\">\/spots\/hir\/hir_180808_03.mp4<\/a><\/video><\/div><\/p>\n","protected":false},"excerpt":{"rendered":"<p>A Szolnok Telev\u00edzi\u00f3 st\u00e1baut\u00f3ja id\u00e9n is \u00fatra kelt. \u00dati c\u00e9lunk Zenta. A vajdas\u00e1gi telep\u00fcl\u00e9sig kis telep\u00fcl\u00e9seken \u00e9s bevetett f\u00f6ldek k\u00f6zt vezet az \u00fat. Mint minden \u00e9vben, id\u00e9n is S\u00f3ti Ferenc a helyi gazdak\u00f6r eln\u00f6ke volt seg\u00edts\u00e9g\u00fcnkre, hogy a K\u00e1rp\u00e1t-medence kenyere elk\u00e9sz\u00edt\u00e9s\u00e9hez minden a hely\u00e9n legyen. \u00d5 fogadott a v\u00e1ros f\u0151ter\u00e9n. Zent\u00e1r\u00f3l a kov\u00e1sz \u00e9rkezik a [&hellip;]<\/p>\n","protected":false},"author":2,"featured_media":0,"comment_status":"closed","ping_status":"closed","sticky":false,"template":"","format":"standard","meta":[],"categories":[9],"tags":[],"_links":{"self":[{"href":"http:\/\/archiv.szolnoktv.hu\/index.php?rest_route=\/wp\/v2\/posts\/9765"}],"collection":[{"href":"http:\/\/archiv.szolnoktv.hu\/index.php?rest_route=\/wp\/v2\/posts"}],"about":[{"href":"http:\/\/archiv.szolnoktv.hu\/index.php?rest_route=\/wp\/v2\/types\/post"}],"author":[{"embeddable":true,"href":"http:\/\/archiv.szolnoktv.hu\/index.php?rest_route=\/wp\/v2\/users\/2"}],"replies":[{"embeddable":true,"href":"http:\/\/archiv.szolnoktv.hu\/index.php?rest_route=%2Fwp%2Fv2%2Fcomments&post=9765"}],"version-history":[{"count":1,"href":"http:\/\/archiv.szolnoktv.hu\/index.php?rest_route=\/wp\/v2\/posts\/9765\/revisions"}],"predecessor-version":[{"id":9770,"href":"http:\/\/archiv.szolnoktv.hu\/index.php?rest_route=\/wp\/v2\/posts\/9765\/revisions\/9770"}],"wp:attachment":[{"href":"http:\/\/archiv.szolnoktv.hu\/index.php?rest_route=%2Fwp%2Fv2%2Fmedia&parent=9765"}],"wp:term":[{"taxonomy":"category","embeddable":true,"href":"http:\/\/archiv.szolnoktv.hu\/index.php?rest_route=%2Fwp%2Fv2%2Fcategories&post=9765"},{"taxonomy":"post_tag","embeddable":true,"href":"http:\/\/archiv.szolnoktv.hu\/index.php?rest_route=%2Fwp%2Fv2%2Ftags&post=9765"}],"curies":[{"name":"wp","href":"https:\/\/api.w.org\/{rel}","templated":true}]}}