{"id":9761,"date":"2018-08-07T19:12:37","date_gmt":"2018-08-07T19:12:37","guid":{"rendered":"http:\/\/archiv.szolnoktv.hu\/?p=9761"},"modified":"2021-08-14T15:32:01","modified_gmt":"2021-08-14T15:32:01","slug":"elkezdodott-a-csango-fesztival","status":"publish","type":"post","link":"http:\/\/archiv.szolnoktv.hu\/?p=9761","title":{"rendered":"Elkezd\u0151d\u00f6tt a Cs\u00e1ng\u00f3 Fesztiv\u00e1l"},"content":{"rendered":"<div class='booster-block booster-read-block'><\/div><p>Mez\u0151s\u00e9gi t\u00e1ncoktat\u00e1ssal vette kezdet\u00e9t a XXVIII. Cs\u00e1ng\u00f3 Fesztiv\u00e1l J\u00e1szber\u00e9nyben. Csaknem 100 n\u00e9pt\u00e1ncos \u00e9rkezett az orsz\u00e1g minden t\u00e1j\u00e1r\u00f3l, hogy a legjobbakt\u00f3l tanulhasson. <\/p>\n<p>V\u00edg Roland , J\u00e1szber\u00e9ny: <\/p>\n<p>-&#8221; \u00c9n m\u00e1r 15 \u00e9ve t\u00e1ncolok \u00e9s minden \u00e9vben nagy lelkesed\u00e9ssel j\u00f6v\u00f6k ide, mert mindig \u00faj t\u00e1ncokat tanulok, sz\u00e1m szerint h\u00e1rmat. \u00c9s a legjobb dolog az eg\u00e9szben az esti bulik, mert ott kamatoztathatom azt amit itt megtanulok. &#8211;<\/p>\n<p> Kov\u00e1cs Norbert, n\u00e9pt\u00e1ncoktat\u00f3:<\/p>\n<p>-&#8220;Nincs olyan magyar ember aki m\u00e1r minden t\u00e1ncot megtanult, m\u00e9g a legjobb t\u00e1ncosok se. Esetleg sokat ismer\u00fcnk. De az igazi n\u00e9pt\u00e1ncos az mindig tanulni akarja az \u00fajabb \u00e9rdekess\u00e9geket. Nagyon nagy a mer\u00edt\u00e9s az eg\u00e9sz nyelvter\u00fcleten, minden falunak van egy t\u00e1nca szinte. &#8211;<\/p>\n<p> F\u00f3nagy Anna, Debrecen:<\/p>\n<p>-&#8220;Rengeteg technikai \u00fajdons\u00e1got tanulok ebben a t\u00e1borban, pl. a mai is. M\u00e9g sosem t\u00e1ncoltam Mez\u0151s\u00e9git \u00e9s a fesztiv\u00e1lon rengeteg \u00e9rdekes program lesz. Alig v\u00e1rom a Parno Graszt koncertet szombaton. &#8211;<\/p>\n<p> A legkisebbeknek a strand kellemes k\u00f6zeg\u00e9ben tartanak \u00f3r\u00e1kat, hiszen a  legt\u00f6bb t\u00e1ncos als\u00f3s kor\u00e1t\u00f3l ismerkedik a l\u00e9p\u00e9sekkel. <br \/>A Cs\u00e1ng\u00f3 Fesztiv\u00e1l c\u00e9lja \u00e9s k\u00fcldet\u00e9se a hagyom\u00e1nyok \u00e1pol\u00e1sa \u00e9s \u0151rz\u00e9se, az ismeretek tov\u00e1bbad\u00e1sa \u00e9s a n\u00e9pi kult\u00fara n\u00e9pszer\u0171s\u00edt\u00e9se. <\/p>\n<p>Sz\u0171cs G\u00e1bor  fesztiv\u00e1ligazgat\u00f3, m\u0171v\u00e9szeti vezet\u0151, J\u00e1szs\u00e1g N\u00e9pi Egy\u00fcttes: <\/p>\n<p>-&#8221; A cs\u00e1ng\u00f3 kult\u00fara, illetve a kisebbs\u00e9gben \u00e9l\u0151 magyars\u00e1gnak a kult\u00far\u00e1j\u00e1nak a bemutat\u00e1sa az a mai nap is aktu\u00e1lis, olyan \u00e9rt\u00e9kben, olyan m\u00e9rt\u00e9kben rendelkez\u00fcnk ezzel a kult\u00far\u00e1val , mint a n\u00e9pt\u00e1nc, n\u00e9pzene, n\u00e9pdal amire Magyarorsz\u00e1gnak b\u00fcszk\u00e9nek kell lenni. A Cs\u00e1ng\u00f3 fesztiv\u00e1l ezt k\u00e9pviseli t\u00f6bbek k\u00f6zt term\u00e9szetesen. &#8211;<\/p>\n<p>T\u00e1nc nincs zene n\u00e9lk\u00fcl, ez\u00e9rt a fesztiv\u00e1l zen\u00e9sztal\u00e1lkoz\u00f3 is egyben. A 6 napos esem\u00e9ny kiv\u00e1l\u00f3 alkalom arra, hogy egym\u00e1st\u00f3l is tanulhassanak a zen\u00e9szek. <\/p>\n<p>Dr. Kurucz Attila  P\u00e1zm\u00e1ndfalur\u00f3l \u00e9rkezett. <\/p>\n<p>-&#8220;Ez egy nagyon r\u00e9gi zen\u00e9szt\u00e1bor, sokan tanultak m\u00e1r itt rengeteget, akik ma m\u00e1r profi zen\u00e9szek. \u00c9 \u00e9n els\u0151 b\u00e1loz\u00f3 vagyok, \u00e9s az\u00e9rt j\u00f6ttem, mert ez egy nagyon j\u00f3 t\u00e1bor, kiv\u00e1l\u00f3 infrastrukt\u00far\u00e1val, a m\u00e1sik pedig, hogy itt van most k\u00f6z\u00f6tt\u00fcnk Kalotaszegr\u0151l k\u00e9t fantasztikus ember, akik m\u00e9g a sz\u00fcleikt\u0151l tanult\u00e1k ezt a muzsik\u00e1t, teh\u00e1t mi unoka tan\u00edtv\u00e1nyokk\u00e9nt els\u0151 k\u00e9zb\u0151l kaphatjuk az instrukci\u00f3kat. Most pont Toni Rudit\u00f3l tanuljuk a br\u00e1cs\u00e1t.&#8221;<\/p>\n<p>R\u00e1cz -Gyula a Ny\u00edregyh\u00e1zi Egyetem tan\u00e1ra is k\u00e9pzi a zen\u00e9szeket. <br \/>A fesztiv\u00e1l hivatalos megnyit\u00f3j\u00e1t szerd\u00e1n este tartj\u00e1k, akkor telik meg minden helysz\u00edn n\u00e9z\u0151tere \u00e9s a sz\u00ednpadok is \u00e9lettel eg\u00e9szen vas\u00e1rnapig.<\/p>\n<div style=\"width: 640px;\" class=\"wp-video\"><!--[if lt IE 9]><script>document.createElement('video');<\/script><![endif]-->\n<video class=\"wp-video-shortcode\" id=\"video-9761-1\" width=\"640\" height=\"360\" preload=\"metadata\" controls=\"controls\"><source type=\"video\/mp4\" src=\"\/spots\/hir\/hir_180807_06.mp4?_=1\" \/><a href=\"\/spots\/hir\/hir_180807_06.mp4\">\/spots\/hir\/hir_180807_06.mp4<\/a><\/video><\/div>\n","protected":false},"excerpt":{"rendered":"<p>Mez\u0151s\u00e9gi t\u00e1ncoktat\u00e1ssal vette kezdet\u00e9t a XXVIII. Cs\u00e1ng\u00f3 Fesztiv\u00e1l J\u00e1szber\u00e9nyben. Csaknem 100 n\u00e9pt\u00e1ncos \u00e9rkezett az orsz\u00e1g minden t\u00e1j\u00e1r\u00f3l, hogy a legjobbakt\u00f3l tanulhasson. V\u00edg Roland , J\u00e1szber\u00e9ny: -&#8221; \u00c9n m\u00e1r 15 \u00e9ve t\u00e1ncolok \u00e9s minden \u00e9vben nagy lelkesed\u00e9ssel j\u00f6v\u00f6k ide, mert mindig \u00faj t\u00e1ncokat tanulok, sz\u00e1m szerint h\u00e1rmat. \u00c9s a legjobb dolog az eg\u00e9szben az esti bulik, [&hellip;]<\/p>\n","protected":false},"author":2,"featured_media":0,"comment_status":"closed","ping_status":"closed","sticky":false,"template":"","format":"standard","meta":[],"categories":[9],"tags":[],"_links":{"self":[{"href":"http:\/\/archiv.szolnoktv.hu\/index.php?rest_route=\/wp\/v2\/posts\/9761"}],"collection":[{"href":"http:\/\/archiv.szolnoktv.hu\/index.php?rest_route=\/wp\/v2\/posts"}],"about":[{"href":"http:\/\/archiv.szolnoktv.hu\/index.php?rest_route=\/wp\/v2\/types\/post"}],"author":[{"embeddable":true,"href":"http:\/\/archiv.szolnoktv.hu\/index.php?rest_route=\/wp\/v2\/users\/2"}],"replies":[{"embeddable":true,"href":"http:\/\/archiv.szolnoktv.hu\/index.php?rest_route=%2Fwp%2Fv2%2Fcomments&post=9761"}],"version-history":[{"count":1,"href":"http:\/\/archiv.szolnoktv.hu\/index.php?rest_route=\/wp\/v2\/posts\/9761\/revisions"}],"predecessor-version":[{"id":9774,"href":"http:\/\/archiv.szolnoktv.hu\/index.php?rest_route=\/wp\/v2\/posts\/9761\/revisions\/9774"}],"wp:attachment":[{"href":"http:\/\/archiv.szolnoktv.hu\/index.php?rest_route=%2Fwp%2Fv2%2Fmedia&parent=9761"}],"wp:term":[{"taxonomy":"category","embeddable":true,"href":"http:\/\/archiv.szolnoktv.hu\/index.php?rest_route=%2Fwp%2Fv2%2Fcategories&post=9761"},{"taxonomy":"post_tag","embeddable":true,"href":"http:\/\/archiv.szolnoktv.hu\/index.php?rest_route=%2Fwp%2Fv2%2Ftags&post=9761"}],"curies":[{"name":"wp","href":"https:\/\/api.w.org\/{rel}","templated":true}]}}