{"id":9760,"date":"2018-08-07T19:09:47","date_gmt":"2018-08-07T19:09:47","guid":{"rendered":"http:\/\/archiv.szolnoktv.hu\/?p=9760"},"modified":"2021-08-14T15:32:01","modified_gmt":"2021-08-14T15:32:01","slug":"orokseg-vilagzenei-fesztival","status":"publish","type":"post","link":"http:\/\/archiv.szolnoktv.hu\/?p=9760","title":{"rendered":"\u00d6r\u00f6ks\u00e9g Vil\u00e1gzenei Fesztiv\u00e1l"},"content":{"rendered":"<div class='booster-block booster-read-block'><\/div><p>Ma m\u00e9g a 3-szor 3-mas kos\u00e1rlabda-selejtez\u0151k p\u00e1ly\u00e1it bontj\u00e1k, n\u00e9h\u00e1ny nap m\u00falva azonban ugyan itt elstartol az \u00d6r\u00f6ks\u00e9g Vil\u00e1gzenei Fesztiv\u00e1l. Imm\u00e1ron 23. alkalommal. A programok augusztus 17-\u00e9n indulnak.<\/p>\n<p>-Lesz egy nulladik napunk, ezzel kezden\u00e9m. A nulladik napon, a vil\u00e1gszerte nagy n\u00e9pszer\u0171s\u00e9gnek \u00f6rvend\u0151, szerb f\u00fav\u00f3s m\u00e1gus: Boban Markovic \u00e9s zenekara j\u00e1tszik kint az egykori Szolnoki F\u0151iskola aul\u00e1j\u00e1ban, a Tiszaligetben. Este 7 \u00f3rakor kezd\u0151dik.&#8221; -nyilatkozta Pap B\u00e9la, az \u00d6r\u00f6ks\u00e9g Vil\u00e1gzenei Fesztiv\u00e1l szervez\u0151je.<\/p>\n<p>A szerb sz\u00e1rmaz\u00e1s\u00fa szt\u00e1r el\u0151tt, a bevezet\u0151 m\u0171sorban V\u00e9gh Janka adja el\u0151 saj\u00e1t szerzem\u00e9nyeit. A nulladik nap esem\u00e9nye lesz \u00e9jjel 1 \u00f3r\u00e1t\u00f3l a Tisza-party folkparty a Dokk teraszon. Augusztus 18-\u00e1n szombaton pedig a gyerekeknek egy k\u00fcl\u00f6nleges programmal k\u00e9sz\u00fclnek.<br \/>-18-\u00e1n f\u00e9l 6-ra, m\u00e1r mindenk\u00e9ppen \u00e9rdemes megfogni az \u00f6sszes kisebb gyereket, a null\u00e1t\u00f3l 12 \u00e9ves korig, persze az id\u0151sebbek is mi\u00e9rt ne j\u00f6hetn\u00e9nek? Anyuka, apuka, nagymama, ugyanis a szolnoki szimfonikusokkal egy id\u0151ben zajlik a Parti-t\u00fara Fesztiv\u00e1l \u00e9s mivel egy\u00fctt m\u0171k\u00f6d\u00fcnk, mivel ez a helysz\u00edn adott \u00e9s egy\u00e9bk\u00e9nt is mi a gyerekeket nagyon fontosnak tartjuk, hogy hamar tal\u00e1lkozzanak j\u00f3 zen\u00e9kkel. A L\u00fadas Matyi b\u00e1bel\u0151ad\u00e1ssal egybe k\u00f6t\u00f6tt kis szvitet fogj\u00e1k a Szimfonikus Zenekar Kamara Zenekar\u00e1nak a tagjai el\u0151adni, ez 17:30-kor kezd\u0151dik.&#8221; -tette hozz\u00e1 a fesztiv\u00e1l szervez\u0151je.<\/p>\n<p>A gyerekeket emellett hangszersimogat\u00f3val \u00e9s kreat\u00edv j\u00e1tsz\u00f3parkkal is v\u00e1rj\u00e1k. A vil\u00e1gzenei fesztiv\u00e1lon 19 hazai \u00e9s nemzetk\u00f6zi el\u0151ad\u00f3, illetve form\u00e1ci\u00f3 l\u00e9p fel a n\u00e9gy nap folyam\u00e1n. Amerikai, cs\u00e1ng\u00f3, orosz, de m\u00e9g \u00e1zsiai dallamok is hallhatnak azok, akik kil\u00e1togatnak augusztus 17-e \u00e9s 20-a k\u00f6z\u00f6tt a Tisza Haj\u00f3sok ter\u00e9re.<\/p>\n<div style=\"width: 640px;\" class=\"wp-video\"><!--[if lt IE 9]><script>document.createElement('video');<\/script><![endif]-->\n<video class=\"wp-video-shortcode\" id=\"video-9760-1\" width=\"640\" height=\"360\" preload=\"metadata\" controls=\"controls\"><source type=\"video\/mp4\" src=\"\/spots\/hir\/hir_180807_05.mp4?_=1\" \/><a href=\"\/spots\/hir\/hir_180807_05.mp4\">\/spots\/hir\/hir_180807_05.mp4<\/a><\/video><\/div>\n","protected":false},"excerpt":{"rendered":"<p>Ma m\u00e9g a 3-szor 3-mas kos\u00e1rlabda-selejtez\u0151k p\u00e1ly\u00e1it bontj\u00e1k, n\u00e9h\u00e1ny nap m\u00falva azonban ugyan itt elstartol az \u00d6r\u00f6ks\u00e9g Vil\u00e1gzenei Fesztiv\u00e1l. Imm\u00e1ron 23. alkalommal. A programok augusztus 17-\u00e9n indulnak. -Lesz egy nulladik napunk, ezzel kezden\u00e9m. A nulladik napon, a vil\u00e1gszerte nagy n\u00e9pszer\u0171s\u00e9gnek \u00f6rvend\u0151, szerb f\u00fav\u00f3s m\u00e1gus: Boban Markovic \u00e9s zenekara j\u00e1tszik kint az egykori Szolnoki F\u0151iskola aul\u00e1j\u00e1ban, [&hellip;]<\/p>\n","protected":false},"author":2,"featured_media":0,"comment_status":"closed","ping_status":"closed","sticky":false,"template":"","format":"standard","meta":[],"categories":[9],"tags":[],"_links":{"self":[{"href":"http:\/\/archiv.szolnoktv.hu\/index.php?rest_route=\/wp\/v2\/posts\/9760"}],"collection":[{"href":"http:\/\/archiv.szolnoktv.hu\/index.php?rest_route=\/wp\/v2\/posts"}],"about":[{"href":"http:\/\/archiv.szolnoktv.hu\/index.php?rest_route=\/wp\/v2\/types\/post"}],"author":[{"embeddable":true,"href":"http:\/\/archiv.szolnoktv.hu\/index.php?rest_route=\/wp\/v2\/users\/2"}],"replies":[{"embeddable":true,"href":"http:\/\/archiv.szolnoktv.hu\/index.php?rest_route=%2Fwp%2Fv2%2Fcomments&post=9760"}],"version-history":[{"count":1,"href":"http:\/\/archiv.szolnoktv.hu\/index.php?rest_route=\/wp\/v2\/posts\/9760\/revisions"}],"predecessor-version":[{"id":9775,"href":"http:\/\/archiv.szolnoktv.hu\/index.php?rest_route=\/wp\/v2\/posts\/9760\/revisions\/9775"}],"wp:attachment":[{"href":"http:\/\/archiv.szolnoktv.hu\/index.php?rest_route=%2Fwp%2Fv2%2Fmedia&parent=9760"}],"wp:term":[{"taxonomy":"category","embeddable":true,"href":"http:\/\/archiv.szolnoktv.hu\/index.php?rest_route=%2Fwp%2Fv2%2Fcategories&post=9760"},{"taxonomy":"post_tag","embeddable":true,"href":"http:\/\/archiv.szolnoktv.hu\/index.php?rest_route=%2Fwp%2Fv2%2Ftags&post=9760"}],"curies":[{"name":"wp","href":"https:\/\/api.w.org\/{rel}","templated":true}]}}