{"id":9759,"date":"2018-08-07T19:06:12","date_gmt":"2018-08-07T19:06:12","guid":{"rendered":"http:\/\/archiv.szolnoktv.hu\/?p=9759"},"modified":"2021-08-14T15:32:02","modified_gmt":"2021-08-14T15:32:02","slug":"hajlektalan-verekedes-a-jatszoteren","status":"publish","type":"post","link":"http:\/\/archiv.szolnoktv.hu\/?p=9759","title":{"rendered":"Hajl\u00e9ktalan vereked\u00e9s a j\u00e1tsz\u00f3t\u00e9ren"},"content":{"rendered":"<div class='booster-block booster-read-block'><\/div><p>A padon \u00fclve n\u00e9zik t\u00e1rsaik azt a k\u00e9t f\u00e9rfit, akik a Szolnoki Isp\u00e1n k\u00f6r\u00fati j\u00e1tsz\u00f3t\u00e9ren verekedett \u00f6ssze. A felv\u00e9telt vas\u00e1rnap a szemk\u00f6zti 10 emeletes h\u00e1zb\u00f3l k\u00e9sz\u00edtett\u00e9k, a vide\u00f3t szerkeszt\u0151s\u00e9g\u00fcnk Facebook oldal\u00e1ra is felt\u00f6lt\u00f6tt\u00e9k. A lak\u00f3k szerint a helyzet napr\u00f3l-napra t\u0171rhetetlenebb. <\/p>\n<p>-K\u00e9t \u00e9ves h\u00fagommal szoktam lej\u00f6nni gyakran ide a j\u00e1tsz\u00f3t\u00e9rre, itt j\u00f3l szoktuk \u00e9rezni magunkat, de megszokt\u00e1k zavarni a hajl\u00e9ktalanok a padokn\u00e1l. Isznak, hangosan k\u00e1romkodnak, tr\u00e1g\u00e1rul besz\u00e9lnek \u00e9s a bokrokat szokt\u00e1k haszn\u00e1lni mell\u00e9khelyis\u00e9gnek.&#8221;- mondta Lading Bianka.<\/p>\n<p>A hajl\u00e9ktalanok megbotr\u00e1nkoztat\u00f3 szok\u00e1saikat rendszeresen a gyerekek el\u0151tt v\u00e9gzik  &#8211;   \u00e1ll\u00edtj\u00e1k a lak\u00f3k. A vide\u00f3n is j\u00f3l l\u00e1tszik, hogy a vereked\u00e9s is abban az id\u0151pontban t\u00f6rt\u00e9nt, amikor- az egy\u00e9bk\u00e9nt is- igen n\u00e9pszer\u0171 j\u00e1tsz\u00f3t\u00e9r tele volt. <\/p>\n<p>Haszn\u00e1lt m\u0171anyagpoharak, \u00fcvegek, ruhadarabok \u00e9s \u00fajs\u00e1gpap\u00edrok- \u00edgy n\u00e9z ki az \u00e9rintett padok alatti ter\u00fclet. Az elm\u00falt id\u0151szakban a park tisztas\u00e1ga is romlott. A jelens\u00e9g a k\u00f6rny\u00e9ken \u00e9l\u0151k elmond\u00e1sa alapj\u00e1n eg\u00e9sz ny\u00e1ron tetten \u00e9rhet\u0151.<\/p>\n<p>A Szolnoki Rend\u0151rkapit\u00e1nys\u00e1gra az omin\u00f3zus j\u00e1tsz\u00f3t\u00e9ri vereked\u00e9ssel kapcsolatban hivatalos bejelent\u00e9s nem \u00e9rkezett. Azonban a k\u00f6z\u00f6ss\u00e9gi m\u00e9di\u00e1ban k\u00f6zz\u00e9tett vide\u00f3 kapcs\u00e1n a rend\u0151rs\u00e9g vizsg\u00e1latot ind\u00edtott. Szab\u00f3 Zita megyei sajt\u00f3sz\u00f3viv\u0151 k\u00f6zlem\u00e9ny\u00e9ben hangs\u00falyozta, hogy Magyarorsz\u00e1gon -az \u00e9letvitelszer\u0171 k\u00f6zter\u00fcleten tart\u00f3zkod\u00e1s&#8221; szab\u00e1lys\u00e9rt\u00e9snek sz\u00e1m\u00edt. Ha b\u00e1rki hasonl\u00f3 esetet l\u00e1t, tapasztal jelezze a 112-es seg\u00e9lyh\u00edv\u00f3sz\u00e1mon.<br \/>\n<br \/>\n<div style=\"width: 640px;\" class=\"wp-video\"><!--[if lt IE 9]><script>document.createElement('video');<\/script><![endif]-->\n<video class=\"wp-video-shortcode\" id=\"video-9759-1\" width=\"640\" height=\"360\" preload=\"metadata\" controls=\"controls\"><source type=\"video\/mp4\" src=\"\/spots\/hir\/hir_180807_04.mp4?_=1\" \/><a href=\"\/spots\/hir\/hir_180807_04.mp4\">\/spots\/hir\/hir_180807_04.mp4<\/a><\/video><\/div><\/p>\n","protected":false},"excerpt":{"rendered":"<p>A padon \u00fclve n\u00e9zik t\u00e1rsaik azt a k\u00e9t f\u00e9rfit, akik a Szolnoki Isp\u00e1n k\u00f6r\u00fati j\u00e1tsz\u00f3t\u00e9ren verekedett \u00f6ssze. A felv\u00e9telt vas\u00e1rnap a szemk\u00f6zti 10 emeletes h\u00e1zb\u00f3l k\u00e9sz\u00edtett\u00e9k, a vide\u00f3t szerkeszt\u0151s\u00e9g\u00fcnk Facebook oldal\u00e1ra is felt\u00f6lt\u00f6tt\u00e9k. A lak\u00f3k szerint a helyzet napr\u00f3l-napra t\u0171rhetetlenebb. -K\u00e9t \u00e9ves h\u00fagommal szoktam lej\u00f6nni gyakran ide a j\u00e1tsz\u00f3t\u00e9rre, itt j\u00f3l szoktuk \u00e9rezni magunkat, de [&hellip;]<\/p>\n","protected":false},"author":2,"featured_media":0,"comment_status":"closed","ping_status":"closed","sticky":false,"template":"","format":"standard","meta":[],"categories":[9],"tags":[],"_links":{"self":[{"href":"http:\/\/archiv.szolnoktv.hu\/index.php?rest_route=\/wp\/v2\/posts\/9759"}],"collection":[{"href":"http:\/\/archiv.szolnoktv.hu\/index.php?rest_route=\/wp\/v2\/posts"}],"about":[{"href":"http:\/\/archiv.szolnoktv.hu\/index.php?rest_route=\/wp\/v2\/types\/post"}],"author":[{"embeddable":true,"href":"http:\/\/archiv.szolnoktv.hu\/index.php?rest_route=\/wp\/v2\/users\/2"}],"replies":[{"embeddable":true,"href":"http:\/\/archiv.szolnoktv.hu\/index.php?rest_route=%2Fwp%2Fv2%2Fcomments&post=9759"}],"version-history":[{"count":1,"href":"http:\/\/archiv.szolnoktv.hu\/index.php?rest_route=\/wp\/v2\/posts\/9759\/revisions"}],"predecessor-version":[{"id":9776,"href":"http:\/\/archiv.szolnoktv.hu\/index.php?rest_route=\/wp\/v2\/posts\/9759\/revisions\/9776"}],"wp:attachment":[{"href":"http:\/\/archiv.szolnoktv.hu\/index.php?rest_route=%2Fwp%2Fv2%2Fmedia&parent=9759"}],"wp:term":[{"taxonomy":"category","embeddable":true,"href":"http:\/\/archiv.szolnoktv.hu\/index.php?rest_route=%2Fwp%2Fv2%2Fcategories&post=9759"},{"taxonomy":"post_tag","embeddable":true,"href":"http:\/\/archiv.szolnoktv.hu\/index.php?rest_route=%2Fwp%2Fv2%2Ftags&post=9759"}],"curies":[{"name":"wp","href":"https:\/\/api.w.org\/{rel}","templated":true}]}}