{"id":9758,"date":"2018-08-07T15:19:52","date_gmt":"2018-08-07T15:19:52","guid":{"rendered":"http:\/\/archiv.szolnoktv.hu\/?p=9758"},"modified":"2021-08-14T15:32:02","modified_gmt":"2021-08-14T15:32:02","slug":"42-katonai-ejtoernyos-vilagbajnoksag","status":"publish","type":"post","link":"http:\/\/archiv.szolnoktv.hu\/?p=9758","title":{"rendered":"42. Katonai Ejt\u0151erny\u0151s Vil\u00e1gbajnoks\u00e1g"},"content":{"rendered":"<div class='booster-block booster-read-block'><\/div><p>-Mindig ezekkel a mozdulatokkal kezdem, mert ezek a legfontosabbak az ejt\u0151erny\u0151 hajtogat\u00e1shoz.&#8221;<\/p>\n<p>2017 szeptember\u00e9ben \u00edgy k\u00e9sz\u00fclt a Vil\u00e1gkupa utols\u00f3 fordul\u00f3j\u00e1ra a magyar katonai ejt\u0151erny\u0151s v\u00e1logatott Szolnokon. Akkor csapatban a 9. helyet, egy\u00e9ni senior kateg\u00f3ri\u00e1ban pedig a bronz \u00e9rmet szerezt\u00e9k meg Sv\u00e1jcban. <\/p>\n<p>-So close!&#8221;<\/p>\n<p>Itt pedig m\u00e1r az ugr\u00f3k\u00f6r pontos hely\u00e9t jel\u00f6li ki a nemzetk\u00f6zi b\u00edr\u00f3i csapat a szandasz\u0151l\u0151si sportrept\u00e9ren, ahol augusztusban rendezik a 42. Katonai Ejt\u0151erny\u0151s Vil\u00e1gbajnoks\u00e1got. A 39 r\u00e9sztvev\u0151 nemzet s\u00e1trait m\u00e1r fel\u00e9p\u00edtett\u00e9k, n\u00e9h\u00e1nyon m\u00e1r az orsz\u00e1gokat jelz\u0151 t\u00e1bl\u00e1k is rajta vannak.<\/p>\n<p>A magyar v\u00e1logatott m\u00e1rcius \u00f3ta k\u00e9sz\u00fcl a vil\u00e1gbajnoks\u00e1gra, t\u00f6bbsz\u00f6r edz\u0151t\u00e1boroztak Szolnokon \u00e9s Kapos\u00fajlakon. A felk\u00e9sz\u00fcl\u00e9s kiv\u00e1l\u00f3an siker\u00fclt, a v\u00e1logatott t\u00f6bb sz\u00e1mban is es\u00e9lyesnek sz\u00e1m\u00edt.<\/p>\n<p>-Ez nem egy fizikai sport, ez egy ment\u00e1lis sport \u00e9s akkor, abban a pillanatban kell \u00fagymond ment\u00e1lisan topon lenni, hogy azt a kis c\u00e9lt el tudjuk tal\u00e1lni.&#8221;  &#8211;   mondta B\u00e1nszki Tam\u00e1s sz\u00e1zados, a magyar v\u00e1logatott tagja<\/p>\n<p>A vil\u00e1gbajnoks\u00e1gon 5 sz\u00e1mban a t\u00f6bbi k\u00f6z\u00f6tt c\u00e9lbaugr\u00e1s, st\u00edlusugr\u00e1s \u00e9s formaugr\u00e1sban indulnak a 6 tag\u00fa csapatok. A r\u00e9sztvev\u0151k a t\u00f6bbi k\u00f6z\u00f6tt Spanyolorsz\u00e1gb\u00f3l, Szerbi\u00e1b\u00f3l, N\u00e9metorsz\u00e1gb\u00f3l \u00e9s Oroszorsz\u00e1gb\u00f3l \u00e9rkeznek, de az afrikai \u00e9s az amerikai kontinenst is t\u00f6bb csapat k\u00e9pviseli. Magyarorsz\u00e1g eddig nem rendezett hasonl\u00f3 preszt\u00edzs\u0171 katonai bajnoks\u00e1got.<\/p>\n<p>Bali Tam\u00e1s ezredes, a vil\u00e1gbajnoks\u00e1g szervez\u0151bizotts\u00e1g\u00e1nak eln\u00f6khelyettese kiemelte: -Ez egy \u00f3ri\u00e1si preszt\u00edzs, illetve katonadiplom\u00e1ciai siker, hiszen 138 orsz\u00e1g k\u00f6z\u00fcl v\u00e1lasztott\u00e1k ki Magyarorsz\u00e1got erre az \u00f3ri\u00e1si feladatra. <\/p>\n<p>A mostani rendezv\u00e9ny amellett, hogy Magyarorsz\u00e1g mellett Szolnok h\u00edr\u00e9t is viszi a vil\u00e1gban a v\u00e1ros \u00e9s a hadsereg kapcsolat\u00e1t is tov\u00e1bb er\u0151s\u00edtheti  &#8211;   fogalmazott Szalay Ferenc. A polg\u00e1rmester r\u00e1mutatott: napjainkra a helikopter b\u00e1zis, valamint az ott \u00e1llom\u00e1soz\u00f3 katon\u00e1k szerves r\u00e9szeiv\u00e9 v\u00e1ltak Szolnoknak.<\/p>\n<p>-Szolnok a m\u00e1sodik legnagyobb hely\u0151rs\u00e9ge az orsz\u00e1gnak, azt gondolom, hogy nek\u00fcnk v\u00e1rosnak is helyt kell \u00e1llnunk mindig, mindenkor, amikor a hadseregnek b\u00e1rmire sz\u00fcks\u00e9ge van. Amikor l\u00e9pni akar, amikor fejl\u0151dni akar, amikor haladni akar. Egy ilyen verseny is err\u0151l sz\u00f3l.&#8221;  &#8211;   tette hozz\u00e1 Szalay Ferenc<\/p>\n<p>A versenyeket k\u00e9t helysz\u00ednen: a szandasz\u0151l\u0151si sportrept\u00e9ren, illetve az MH 86. Szolnok Helikopter B\u00e1zison rendezik augusztus 9-e \u00e9s 20-a k\u00f6z\u00f6tt.<\/p>\n<div style=\"width: 640px;\" class=\"wp-video\"><!--[if lt IE 9]><script>document.createElement('video');<\/script><![endif]-->\n<video class=\"wp-video-shortcode\" id=\"video-9758-1\" width=\"640\" height=\"360\" preload=\"metadata\" controls=\"controls\"><source type=\"video\/mp4\" src=\"\/spots\/hir\/hir_180807_03.mp4?_=1\" \/><a href=\"\/spots\/hir\/hir_180807_03.mp4\">\/spots\/hir\/hir_180807_03.mp4<\/a><\/video><\/div>\n","protected":false},"excerpt":{"rendered":"<p>-Mindig ezekkel a mozdulatokkal kezdem, mert ezek a legfontosabbak az ejt\u0151erny\u0151 hajtogat\u00e1shoz.&#8221; 2017 szeptember\u00e9ben \u00edgy k\u00e9sz\u00fclt a Vil\u00e1gkupa utols\u00f3 fordul\u00f3j\u00e1ra a magyar katonai ejt\u0151erny\u0151s v\u00e1logatott Szolnokon. Akkor csapatban a 9. helyet, egy\u00e9ni senior kateg\u00f3ri\u00e1ban pedig a bronz \u00e9rmet szerezt\u00e9k meg Sv\u00e1jcban. -So close!&#8221; Itt pedig m\u00e1r az ugr\u00f3k\u00f6r pontos hely\u00e9t jel\u00f6li ki a nemzetk\u00f6zi b\u00edr\u00f3i [&hellip;]<\/p>\n","protected":false},"author":2,"featured_media":0,"comment_status":"closed","ping_status":"closed","sticky":false,"template":"","format":"standard","meta":[],"categories":[9],"tags":[],"_links":{"self":[{"href":"http:\/\/archiv.szolnoktv.hu\/index.php?rest_route=\/wp\/v2\/posts\/9758"}],"collection":[{"href":"http:\/\/archiv.szolnoktv.hu\/index.php?rest_route=\/wp\/v2\/posts"}],"about":[{"href":"http:\/\/archiv.szolnoktv.hu\/index.php?rest_route=\/wp\/v2\/types\/post"}],"author":[{"embeddable":true,"href":"http:\/\/archiv.szolnoktv.hu\/index.php?rest_route=\/wp\/v2\/users\/2"}],"replies":[{"embeddable":true,"href":"http:\/\/archiv.szolnoktv.hu\/index.php?rest_route=%2Fwp%2Fv2%2Fcomments&post=9758"}],"version-history":[{"count":1,"href":"http:\/\/archiv.szolnoktv.hu\/index.php?rest_route=\/wp\/v2\/posts\/9758\/revisions"}],"predecessor-version":[{"id":9777,"href":"http:\/\/archiv.szolnoktv.hu\/index.php?rest_route=\/wp\/v2\/posts\/9758\/revisions\/9777"}],"wp:attachment":[{"href":"http:\/\/archiv.szolnoktv.hu\/index.php?rest_route=%2Fwp%2Fv2%2Fmedia&parent=9758"}],"wp:term":[{"taxonomy":"category","embeddable":true,"href":"http:\/\/archiv.szolnoktv.hu\/index.php?rest_route=%2Fwp%2Fv2%2Fcategories&post=9758"},{"taxonomy":"post_tag","embeddable":true,"href":"http:\/\/archiv.szolnoktv.hu\/index.php?rest_route=%2Fwp%2Fv2%2Ftags&post=9758"}],"curies":[{"name":"wp","href":"https:\/\/api.w.org\/{rel}","templated":true}]}}