{"id":9756,"date":"2018-08-07T15:02:43","date_gmt":"2018-08-07T15:02:43","guid":{"rendered":"http:\/\/archiv.szolnoktv.hu\/?p=9756"},"modified":"2021-08-14T15:32:02","modified_gmt":"2021-08-14T15:32:02","slug":"csapatepites-a-miller-horgasztavon","status":"publish","type":"post","link":"http:\/\/archiv.szolnoktv.hu\/?p=9756","title":{"rendered":"Csapat\u00e9p\u00edt\u00e9s a Mill\u00e9r Horg\u00e1sztavon"},"content":{"rendered":"<div class='booster-block booster-read-block'><\/div><p>Az els\u0151 fog\u00e1s a horg\u00e1szversenyen. Csal\u00e1di napot tartottak ugyanis a ment\u0151s\u00f6k. Ennek c\u00e9lja, hogy fenntarts\u00e1k a munkat\u00e1rsak k\u00f6zti j\u00f3 viszonyt, hiszen \u00edgy g\u00f6rd\u00fcl\u00e9kenyebben meg a munka.<\/p>\n<p>-2016 ut\u00e1n egy \u00e9vet kihagytunk \u00e9s igaz\u00e1b\u00f3l, most 2018-ban ism\u00e9telten siker\u00fclt megrendezn\u00fcnk negyedik alkalommal az \u00d6sszetart\u00e1s horg\u00e1szversenyt, amit igaz\u00e1b\u00f3l az \u00e9szak-alf\u00f6ldi r\u00e9gi\u00f3nak szervezt\u00fck. 18 csapatot siker\u00fclt meggy\u0151zn\u00fcnk arr\u00f3l, hogy j\u00f6jjenek el \u00e9s t\u00f6lts\u00e9k vel\u00fcnk ezt a h\u00e9tv\u00e9g\u00e9t.&#8221; -nyilatkozta Kiss Tam\u00e1s ment\u0151 g\u00e9pkocsivezet\u0151.<\/p>\n<p>-A csapat, a t\u00e1rsas\u00e1g hangulata, meg minden, a k\u00f6rnyezete, szeretek horg\u00e1szni, ez pedig j\u00f3 alkalom erre a c\u00e9lra.&#8221; -mondta B\u00e9k\u00e9si Attila.<\/p>\n<p>Kiss S\u00e1ndor a verseny egyik szervez\u0151je elmondta: az a fontos hogy a koll\u00e9g\u00e1k \u00e9s csal\u00e1djaik egy\u00fctt t\u00f6lts\u00e9k el, kellemesen az id\u0151t. Az, hogy kinek, mekkora hal akad a horg\u00e1ra, csak m\u00e1sodrang\u00fa, a fogott halakat a m\u00e9r\u00e9s \u00e9s fert\u0151tlen\u00edt\u00e9s ut\u00e1n azonnal visszaengedik a t\u00f3ba.<\/p>\n<p>-Rendezt\u00fcnk m\u00e1r 3 \u00e9vben horg\u00e1szversenyt m\u00e1s tavakon, tal\u00e1n ez a t\u00f3 \u00fagy n\u00e9z ki, hogy egy kicsit halakban b\u0151velked\u0151bb lesz, minta ez el\u0151z\u0151 versenyeken \u00f6sszej\u00f6tt fog\u00e1s.&#8221;<\/p>\n<p>A Ment\u0151szolg\u00e1latn\u00e1l embert pr\u00f3b\u00e1l\u00f3, neh\u00e9z feladatokb\u00f3l nincs hi\u00e1ny, \u00e9ppen ez\u00e9rt nagy hangs\u00falyt fektetnek a k\u00f6z\u00f6ss\u00e9gi \u00e9lm\u00e9nyekre \u00e9s a kikapcsol\u00f3d\u00e1sra. A h\u00e9tv\u00e9gi horg\u00e1szversenyen 70 f\u0151- k\u00f6zt\u00fck ment\u0151\u00e1pol\u00f3k, tisztek \u00e9s sof\u0151r\u00f6k- vettek r\u00e9szt, akiket term\u00e9szetesen csal\u00e1djuk, s\u0151t, akadt, akit kutyusa is elk\u00eds\u00e9rt a Mill\u00e9ri Horg\u00e1szt\u00f3ra.<\/p>\n<div style=\"width: 640px;\" class=\"wp-video\"><!--[if lt IE 9]><script>document.createElement('video');<\/script><![endif]-->\n<video class=\"wp-video-shortcode\" id=\"video-9756-1\" width=\"640\" height=\"360\" preload=\"metadata\" controls=\"controls\"><source type=\"video\/mp4\" src=\"\/spots\/hir\/hir_180807_01.mp4?_=1\" \/><a href=\"\/spots\/hir\/hir_180807_01.mp4\">\/spots\/hir\/hir_180807_01.mp4<\/a><\/video><\/div>\n","protected":false},"excerpt":{"rendered":"<p>Az els\u0151 fog\u00e1s a horg\u00e1szversenyen. Csal\u00e1di napot tartottak ugyanis a ment\u0151s\u00f6k. Ennek c\u00e9lja, hogy fenntarts\u00e1k a munkat\u00e1rsak k\u00f6zti j\u00f3 viszonyt, hiszen \u00edgy g\u00f6rd\u00fcl\u00e9kenyebben meg a munka. -2016 ut\u00e1n egy \u00e9vet kihagytunk \u00e9s igaz\u00e1b\u00f3l, most 2018-ban ism\u00e9telten siker\u00fclt megrendezn\u00fcnk negyedik alkalommal az \u00d6sszetart\u00e1s horg\u00e1szversenyt, amit igaz\u00e1b\u00f3l az \u00e9szak-alf\u00f6ldi r\u00e9gi\u00f3nak szervezt\u00fck. 18 csapatot siker\u00fclt meggy\u0151zn\u00fcnk arr\u00f3l, hogy [&hellip;]<\/p>\n","protected":false},"author":2,"featured_media":0,"comment_status":"closed","ping_status":"closed","sticky":false,"template":"","format":"standard","meta":[],"categories":[9],"tags":[],"_links":{"self":[{"href":"http:\/\/archiv.szolnoktv.hu\/index.php?rest_route=\/wp\/v2\/posts\/9756"}],"collection":[{"href":"http:\/\/archiv.szolnoktv.hu\/index.php?rest_route=\/wp\/v2\/posts"}],"about":[{"href":"http:\/\/archiv.szolnoktv.hu\/index.php?rest_route=\/wp\/v2\/types\/post"}],"author":[{"embeddable":true,"href":"http:\/\/archiv.szolnoktv.hu\/index.php?rest_route=\/wp\/v2\/users\/2"}],"replies":[{"embeddable":true,"href":"http:\/\/archiv.szolnoktv.hu\/index.php?rest_route=%2Fwp%2Fv2%2Fcomments&post=9756"}],"version-history":[{"count":1,"href":"http:\/\/archiv.szolnoktv.hu\/index.php?rest_route=\/wp\/v2\/posts\/9756\/revisions"}],"predecessor-version":[{"id":9779,"href":"http:\/\/archiv.szolnoktv.hu\/index.php?rest_route=\/wp\/v2\/posts\/9756\/revisions\/9779"}],"wp:attachment":[{"href":"http:\/\/archiv.szolnoktv.hu\/index.php?rest_route=%2Fwp%2Fv2%2Fmedia&parent=9756"}],"wp:term":[{"taxonomy":"category","embeddable":true,"href":"http:\/\/archiv.szolnoktv.hu\/index.php?rest_route=%2Fwp%2Fv2%2Fcategories&post=9756"},{"taxonomy":"post_tag","embeddable":true,"href":"http:\/\/archiv.szolnoktv.hu\/index.php?rest_route=%2Fwp%2Fv2%2Ftags&post=9756"}],"curies":[{"name":"wp","href":"https:\/\/api.w.org\/{rel}","templated":true}]}}