{"id":9755,"date":"2018-08-06T16:40:13","date_gmt":"2018-08-06T16:40:13","guid":{"rendered":"http:\/\/archiv.szolnoktv.hu\/?p=9755"},"modified":"2021-08-14T15:32:02","modified_gmt":"2021-08-14T15:32:02","slug":"baratsag-koncerttel-startolt-el-a-parti-tura-fesztival","status":"publish","type":"post","link":"http:\/\/archiv.szolnoktv.hu\/?p=9755","title":{"rendered":"Bar\u00e1ts\u00e1g koncerttel startolt el a Parti-T\u00fara Fesztiv\u00e1l"},"content":{"rendered":"<div class='booster-block booster-read-block'><\/div><p>A jap\u00e1n taiko dobon \u00fct\u00f6tt ritmusok nyitott\u00e1k meg az idei Parti-T\u00fara Ny\u00e1ri Zeneifesztiv\u00e1lt. Az els\u0151 koncert k\u00fcl\u00f6nlegess\u00e9g\u00e9t ez alkalommal az adta, hogy a Szolnoki Szimfonikusok a Yuza v\u00e1ros\u00e1b\u00f3l \u00e9rkezett filharm\u00f3nikusokkal \u00e9s vegyeskarral egy\u00fctt k\u00e1pr\u00e1ztatta el a k\u00f6z\u00f6ns\u00e9get. Az esten magyar, jap\u00e1n \u00e9s orosz dallamok is felcsend\u00fcltek.<\/p>\n<p>Szolnok \u00e9s Yuza kapcsolata 1983-ban a Tisza T\u00e1ncegy\u00fcttesnek k\u00f6sz\u00f6nhet\u0151en j\u00f6tt l\u00e9tre. Az\u00f3ta a k\u00e9t v\u00e1ros sz\u00e1mos l\u00e1togat\u00e1son van t\u00fal, melynek keret\u00e9ben a nemzetek megismert\u00e9k egym\u00e1s \u00e9letvitel\u00e9t, \u00e9s kult\u00far\u00e1j\u00e1t. Az esten a jap\u00e1n \u00e9s magyar m\u0171v\u00e9szek k\u00f6z\u00f6 produkci\u00f3kkal is bemutatkoztak. A koncerten a M\u00c1V-Kod\u00e1ly Vegyeskar is k\u00f6zrem\u0171k\u00f6d\u00f6tt.<\/p>\n<p>A hagyom\u00e1nyos hangszerek mellett a k\u00f6z\u00f6ns\u00e9g a jap\u00e1n autentikus kult\u00far\u00e1b\u00f3l ismert kagyl\u00f3k\u00fcrt\u00f6t is hallhatta.<\/p>\n<p>A bar\u00e1ts\u00e1g g\u00e1l\u00e1ra zs\u00fafol\u00e1sig megtelt a Hild T\u00e9r. A Parti-T\u00fara Fesztiv\u00e1l k\u00f6vetkez\u0151 koncertje augusztus 12-\u00e9n m\u00e1r a Tiszai Haj\u00f3sok ter\u00e9n v\u00e1rja a zene kedvel\u0151ket. A szimfonikusok akkor a NEOTON-nal k\u00f6z\u00f6sen l\u00e9pnek sz\u00ednpadra.<br \/>\n<br \/>\n<div style=\"width: 640px;\" class=\"wp-video\"><!--[if lt IE 9]><script>document.createElement('video');<\/script><![endif]-->\n<video class=\"wp-video-shortcode\" id=\"video-9755-1\" width=\"640\" height=\"360\" preload=\"metadata\" controls=\"controls\"><source type=\"video\/mp4\" src=\"\/spots\/hir\/hir_180806_08.mp4?_=1\" \/><a href=\"\/spots\/hir\/hir_180806_08.mp4\">\/spots\/hir\/hir_180806_08.mp4<\/a><\/video><\/div><\/p>\n","protected":false},"excerpt":{"rendered":"<p>A jap\u00e1n taiko dobon \u00fct\u00f6tt ritmusok nyitott\u00e1k meg az idei Parti-T\u00fara Ny\u00e1ri Zeneifesztiv\u00e1lt. Az els\u0151 koncert k\u00fcl\u00f6nlegess\u00e9g\u00e9t ez alkalommal az adta, hogy a Szolnoki Szimfonikusok a Yuza v\u00e1ros\u00e1b\u00f3l \u00e9rkezett filharm\u00f3nikusokkal \u00e9s vegyeskarral egy\u00fctt k\u00e1pr\u00e1ztatta el a k\u00f6z\u00f6ns\u00e9get. Az esten magyar, jap\u00e1n \u00e9s orosz dallamok is felcsend\u00fcltek. Szolnok \u00e9s Yuza kapcsolata 1983-ban a Tisza T\u00e1ncegy\u00fcttesnek k\u00f6sz\u00f6nhet\u0151en [&hellip;]<\/p>\n","protected":false},"author":2,"featured_media":0,"comment_status":"closed","ping_status":"closed","sticky":false,"template":"","format":"standard","meta":[],"categories":[9],"tags":[],"_links":{"self":[{"href":"http:\/\/archiv.szolnoktv.hu\/index.php?rest_route=\/wp\/v2\/posts\/9755"}],"collection":[{"href":"http:\/\/archiv.szolnoktv.hu\/index.php?rest_route=\/wp\/v2\/posts"}],"about":[{"href":"http:\/\/archiv.szolnoktv.hu\/index.php?rest_route=\/wp\/v2\/types\/post"}],"author":[{"embeddable":true,"href":"http:\/\/archiv.szolnoktv.hu\/index.php?rest_route=\/wp\/v2\/users\/2"}],"replies":[{"embeddable":true,"href":"http:\/\/archiv.szolnoktv.hu\/index.php?rest_route=%2Fwp%2Fv2%2Fcomments&post=9755"}],"version-history":[{"count":1,"href":"http:\/\/archiv.szolnoktv.hu\/index.php?rest_route=\/wp\/v2\/posts\/9755\/revisions"}],"predecessor-version":[{"id":9780,"href":"http:\/\/archiv.szolnoktv.hu\/index.php?rest_route=\/wp\/v2\/posts\/9755\/revisions\/9780"}],"wp:attachment":[{"href":"http:\/\/archiv.szolnoktv.hu\/index.php?rest_route=%2Fwp%2Fv2%2Fmedia&parent=9755"}],"wp:term":[{"taxonomy":"category","embeddable":true,"href":"http:\/\/archiv.szolnoktv.hu\/index.php?rest_route=%2Fwp%2Fv2%2Fcategories&post=9755"},{"taxonomy":"post_tag","embeddable":true,"href":"http:\/\/archiv.szolnoktv.hu\/index.php?rest_route=%2Fwp%2Fv2%2Ftags&post=9755"}],"curies":[{"name":"wp","href":"https:\/\/api.w.org\/{rel}","templated":true}]}}