{"id":9754,"date":"2018-08-06T16:25:02","date_gmt":"2018-08-06T16:25:02","guid":{"rendered":"http:\/\/archiv.szolnoktv.hu\/?p=9754"},"modified":"2021-08-14T15:32:02","modified_gmt":"2021-08-14T15:32:02","slug":"kozel-150-kg-os-ittebei-kiss-jozsef-szobor-keszult-szolnokon","status":"publish","type":"post","link":"http:\/\/archiv.szolnoktv.hu\/?p=9754","title":{"rendered":"K\u00f6zel 150 kg-os Ittebei Kiss J\u00f3zsef szobor k\u00e9sz\u00fclt Szolnokon"},"content":{"rendered":"<div class='booster-block booster-read-block'><\/div><p>Az MH 86. Szolnok Helikopter B\u00e1zis n\u00e9vad\u00f3j\u00e1nak,  Ittebei Kiss J\u00f3zsefnek szobr\u00e1t mutatja az alkot\u00f3, Pog\u00e1ny G\u00e1bor Ben\u0151.  A magyar l\u00e9gier\u0151 egykori pil\u00f3t\u00e1ja tisztelet\u00e9re k\u00e9sz\u00edtett szobrot augusztus 15-\u00e9n avatj\u00e1k fel. A bronz alakot  a helikopter b\u00e1zis fogad\u00f3 \u00e9p\u00fclete el\u00e9 helyezik majd,  egy m\u00e1r megl\u00e9v\u0151 eml\u00e9kk\u0151 mell\u00e9. <\/p>\n<p>,,Itt a m\u00f6g\u00f6ttem l\u00e1that\u00f3 f\u00e9lalak, a megl\u00e9v\u0151 szikla \u00e9s az a rajta lev\u0151 eml\u00e9kt\u00e1bla m\u00f6g\u00e9 ker\u00fcl \u00e9s a kett\u0151t \u00f6sszek\u00f6ti egy olyan angyal figura, ami egy koszor\u00fat hoz, amin 3 nyelven van fel\u00edrva, hogy tisztelg\u00fcnk a h\u0151s pil\u00f3ta el\u0151tt. F\u00f6nn maradt ez a t\u00f6rt\u00e9net mikor is lel\u0151tt\u00e9k Ittebeit \u00e9s a temet\u00e9si szertart\u00e1s f\u00f6l\u00f6tt ellens\u00e9ges rep\u00fcl\u0151k \u00e1trep\u00fcltek \u00e9s ledobtak egy koszor\u00fat, amin 3 nyelven volt ez a felirat.&#8221; -mondta: Pog\u00e1ny G\u00e1bor Ben\u0151, szobr\u00e1szm\u0171v\u00e9sz<\/p>\n<p>A 150 kil\u00f3s szobron k\u00f6r\u00fclbel\u00fcl egy h\u00f3napig dolgozott a m\u0171v\u00e9sz. <\/p>\n<p>,,A szobor viaszfesz\u00edt\u00e9ses bronz\u00f6nt\u00e9si elj\u00e1r\u00e1ssal k\u00e9sz\u00fclt. Ez a leg\u0151sibb, a bronzkor \u00f3ta ismert elj\u00e1r\u00e1s. Ez a f\u00e9lalak s\u00fct\u0151i feh\u00e9r m\u00e9szk\u0151b\u0151l k\u00e9sz\u00fclt. K\u0151 l\u00e1bazaton fog elhelyezkedni. Illetve a megl\u00e9v\u0151 szikla egy term\u00e9szetes valamilyen magyarorsz\u00e1gi hegyb\u0151l sz\u00e1rmaz\u00f3 szikla.&#8221;-mondta: Pog\u00e1ny G\u00e1bor Ben\u0151, szobr\u00e1szm\u0171v\u00e9sz<\/p>\n<p>Ittebei a csat\u00e1k sor\u00e1n tan\u00fas\u00edtott magatart\u00e1sa miatt v\u00e1lt ismertt\u00e9, mert ellenfeleit lehet\u0151s\u00e9g szerint nem lel\u0151tte, hanem lesz\u00e1ll\u00e1sra k\u00e9nyszer\u00edtette Embers\u00e9ges viselked\u00e9s\u00e9vel mindk\u00e9t oldalon kit\u0171nt a sokszor k\u00edm\u00e9letlen\u00fcl k\u00fczd\u0151 ellenfelek sor\u00e1b\u00f3l, \u00e9s m\u00e9g ellenfelei is -a leveg\u0151 lovagj\u00e1&#8221;-nak nevezt\u00e9k. <\/p>\n<div style=\"width: 640px;\" class=\"wp-video\"><!--[if lt IE 9]><script>document.createElement('video');<\/script><![endif]-->\n<video class=\"wp-video-shortcode\" id=\"video-9754-1\" width=\"640\" height=\"360\" preload=\"metadata\" controls=\"controls\"><source type=\"video\/mp4\" src=\"\/spots\/hir\/hir_180806_07.mp4?_=1\" \/><a href=\"\/spots\/hir\/hir_180806_07.mp4\">\/spots\/hir\/hir_180806_07.mp4<\/a><\/video><\/div>\n","protected":false},"excerpt":{"rendered":"<p>Az MH 86. Szolnok Helikopter B\u00e1zis n\u00e9vad\u00f3j\u00e1nak, Ittebei Kiss J\u00f3zsefnek szobr\u00e1t mutatja az alkot\u00f3, Pog\u00e1ny G\u00e1bor Ben\u0151. A magyar l\u00e9gier\u0151 egykori pil\u00f3t\u00e1ja tisztelet\u00e9re k\u00e9sz\u00edtett szobrot augusztus 15-\u00e9n avatj\u00e1k fel. A bronz alakot a helikopter b\u00e1zis fogad\u00f3 \u00e9p\u00fclete el\u00e9 helyezik majd, egy m\u00e1r megl\u00e9v\u0151 eml\u00e9kk\u0151 mell\u00e9. ,,Itt a m\u00f6g\u00f6ttem l\u00e1that\u00f3 f\u00e9lalak, a megl\u00e9v\u0151 szikla \u00e9s az [&hellip;]<\/p>\n","protected":false},"author":2,"featured_media":0,"comment_status":"closed","ping_status":"closed","sticky":false,"template":"","format":"standard","meta":[],"categories":[9],"tags":[],"_links":{"self":[{"href":"http:\/\/archiv.szolnoktv.hu\/index.php?rest_route=\/wp\/v2\/posts\/9754"}],"collection":[{"href":"http:\/\/archiv.szolnoktv.hu\/index.php?rest_route=\/wp\/v2\/posts"}],"about":[{"href":"http:\/\/archiv.szolnoktv.hu\/index.php?rest_route=\/wp\/v2\/types\/post"}],"author":[{"embeddable":true,"href":"http:\/\/archiv.szolnoktv.hu\/index.php?rest_route=\/wp\/v2\/users\/2"}],"replies":[{"embeddable":true,"href":"http:\/\/archiv.szolnoktv.hu\/index.php?rest_route=%2Fwp%2Fv2%2Fcomments&post=9754"}],"version-history":[{"count":1,"href":"http:\/\/archiv.szolnoktv.hu\/index.php?rest_route=\/wp\/v2\/posts\/9754\/revisions"}],"predecessor-version":[{"id":9781,"href":"http:\/\/archiv.szolnoktv.hu\/index.php?rest_route=\/wp\/v2\/posts\/9754\/revisions\/9781"}],"wp:attachment":[{"href":"http:\/\/archiv.szolnoktv.hu\/index.php?rest_route=%2Fwp%2Fv2%2Fmedia&parent=9754"}],"wp:term":[{"taxonomy":"category","embeddable":true,"href":"http:\/\/archiv.szolnoktv.hu\/index.php?rest_route=%2Fwp%2Fv2%2Fcategories&post=9754"},{"taxonomy":"post_tag","embeddable":true,"href":"http:\/\/archiv.szolnoktv.hu\/index.php?rest_route=%2Fwp%2Fv2%2Ftags&post=9754"}],"curies":[{"name":"wp","href":"https:\/\/api.w.org\/{rel}","templated":true}]}}