{"id":9753,"date":"2018-08-06T15:48:51","date_gmt":"2018-08-06T15:48:51","guid":{"rendered":"http:\/\/archiv.szolnoktv.hu\/?p=9753"},"modified":"2021-08-14T15:32:02","modified_gmt":"2021-08-14T15:32:02","slug":"jubileumot-unnepelt-a-szoloki-buvar-se","status":"publish","type":"post","link":"http:\/\/archiv.szolnoktv.hu\/?p=9753","title":{"rendered":"Jubileumot \u00fcnnepelt a Szoloki B\u00fav\u00e1r SE"},"content":{"rendered":"<div class='booster-block booster-read-block'><\/div><p>F\u00e9nyk\u00e9pek a m\u00faltb\u00f3l \u00e9s jelenb\u0151l egyar\u00e1nt ker\u00fcltek azokra a falakra, amik 50 \u00e9v t\u00f6rt\u00e9net\u00e9t foglalt\u00e1k \u00f6ssze. A Szolnoki B\u00fav\u00e1r Sportegyes\u00fclet anno h\u00e1rom: uszonyos \u00e9s t\u00e1j\u00e9koz\u00f3d\u00e1si b\u00fav\u00e1r\u00fasz\u00f3, valamint sport b\u00fav\u00e1r szakoszt\u00e1lyokkal indult. A korszer\u0171 oktat\u00e1si form\u00e1kat -Magyarorsz\u00e1gon els\u0151 k\u00f6z\u00f6tt-  t\u00f6bb mint 20 \u00e9vvel ezel\u0151tt kezdt\u00e9k alkalmazni. <\/p>\n<p>-Kezdetekt\u0151l id\u00e1ig 50 \u00e9vnek eltelni az egy eszm\u00e9letlen hossz\u00fa id\u0151. Tartalmas rengeteg ember sz\u00e1m\u00e1ra: fiatal, feln\u0151tt sz\u00e1m\u00e1ra, egy bar\u00e1ti k\u00f6r, sportol\u00e1si lehet\u0151s\u00e9g. Fantasztikus kikapcsol\u00f3d\u00e1s. Ezt csak az tudja, aki m\u00e1r j\u00e1rt a v\u00edz alatt.&#8221;- mondta Gabula Mikl\u00f3s a Szolnoki B\u00fav\u00e1r SE t\u00e1rsadalmi eln\u00f6ke.<\/p>\n<p>50 \u00e9v t\u00f6rt\u00e9net\u00e9t nem k\u00f6nny\u0171 \u00f6sszefoglalni. Az egyes\u00fclet \u00e9let\u00e9ben t\u00f6bb hull\u00e1mv\u00f6lgy volt. A t\u00e1rsas\u00e1got napjainkban is a kitart\u00e1sa, tisztelete \u00e9s elhivatotts\u00e1g m\u0171k\u00f6dteti.<\/p>\n<p>-K\u00fczdeni kellett v\u00e9gig a v\u00e1ltoz\u00f3 vil\u00e1gunkban. Eg\u00e9szen addig nagyon j\u00f3l mentek, am\u00edg a rendszerv\u00e1lt\u00e1s nem lett. A rendszerv\u00e1lt\u00e1s ut\u00e1n a t\u00e1mogat\u00f3k, szponzorok elp\u00e1rtoltak \u00e9s most kezdenek visszaj\u00f6nni.&#8221;- tette hozz\u00e1 V\u00e1mosi Antal a Szolnoki B\u00fav\u00e1r SE \u00fcgyvezet\u0151 igazgat\u00f3ja. <\/p>\n<p>A mozg\u00e1sform\u00e1nak Szolnokon jelenleg verseny- \u00e9s szabadid\u0151s sport form\u00e1j\u00e1t v\u00e1laszthatj\u00e1k az \u00e9rdekl\u0151d\u0151k. A v\u00e1ros \u00e9let\u00e9ben a b\u00fav\u00e1rok szerepe a kezdetek \u00f3ta meghat\u00e1roz\u00f3. <\/p>\n<p>-A 2000-es \u00e1rv\u00edz idej\u00e9ben  &#8211;   nagyon r\u00e9gen volt- biztos sokan eml\u00e9keznek r\u00e1, ha nincsenek a szolnoki b\u00fav\u00e1rok, nem biztos, hogy most a Tiszaligetben itt \u00fcnnepelni tudunk. Biztos sokan eml\u00e9keznek arra, hogy egy t\u00f6r\u00f6tt cs\u0151 maradt bent a hull\u00e1mt\u00e9r fel\u00e9 val\u00f3 g\u00e1toldalba. \u00c9jt nappall\u00e1 t\u00e9ve- sz\u00f3 szerint- f\u00e9nysz\u00f3r\u00f3kkal dolgoztak azon, hogy ezt a cs\u00f6vet ellehessen t\u00fcntetni.&#8221;- mondta Szalay Ferenc polg\u00e1rmester.<\/p>\n<p>A k\u00e9pz\u00e9s mellett a klub folyamatos gyakorl\u00e1si lehet\u0151s\u00e9get is biztos\u00edt. Ny\u00e1rv\u00e9g\u00e9n az tagok a hazai terep ut\u00e1n az Adriai-tengerben mer\u00fclnek le. <\/p>\n<div style=\"width: 640px;\" class=\"wp-video\"><!--[if lt IE 9]><script>document.createElement('video');<\/script><![endif]-->\n<video class=\"wp-video-shortcode\" id=\"video-9753-1\" width=\"640\" height=\"360\" preload=\"metadata\" controls=\"controls\"><source type=\"video\/mp4\" src=\"\/spots\/hir\/hir_180806_05.mp4?_=1\" \/><a href=\"\/spots\/hir\/hir_180806_05.mp4\">\/spots\/hir\/hir_180806_05.mp4<\/a><\/video><\/div>\n","protected":false},"excerpt":{"rendered":"<p>F\u00e9nyk\u00e9pek a m\u00faltb\u00f3l \u00e9s jelenb\u0151l egyar\u00e1nt ker\u00fcltek azokra a falakra, amik 50 \u00e9v t\u00f6rt\u00e9net\u00e9t foglalt\u00e1k \u00f6ssze. A Szolnoki B\u00fav\u00e1r Sportegyes\u00fclet anno h\u00e1rom: uszonyos \u00e9s t\u00e1j\u00e9koz\u00f3d\u00e1si b\u00fav\u00e1r\u00fasz\u00f3, valamint sport b\u00fav\u00e1r szakoszt\u00e1lyokkal indult. A korszer\u0171 oktat\u00e1si form\u00e1kat -Magyarorsz\u00e1gon els\u0151 k\u00f6z\u00f6tt- t\u00f6bb mint 20 \u00e9vvel ezel\u0151tt kezdt\u00e9k alkalmazni. -Kezdetekt\u0151l id\u00e1ig 50 \u00e9vnek eltelni az egy eszm\u00e9letlen hossz\u00fa id\u0151. [&hellip;]<\/p>\n","protected":false},"author":2,"featured_media":0,"comment_status":"closed","ping_status":"closed","sticky":false,"template":"","format":"standard","meta":[],"categories":[9],"tags":[],"_links":{"self":[{"href":"http:\/\/archiv.szolnoktv.hu\/index.php?rest_route=\/wp\/v2\/posts\/9753"}],"collection":[{"href":"http:\/\/archiv.szolnoktv.hu\/index.php?rest_route=\/wp\/v2\/posts"}],"about":[{"href":"http:\/\/archiv.szolnoktv.hu\/index.php?rest_route=\/wp\/v2\/types\/post"}],"author":[{"embeddable":true,"href":"http:\/\/archiv.szolnoktv.hu\/index.php?rest_route=\/wp\/v2\/users\/2"}],"replies":[{"embeddable":true,"href":"http:\/\/archiv.szolnoktv.hu\/index.php?rest_route=%2Fwp%2Fv2%2Fcomments&post=9753"}],"version-history":[{"count":1,"href":"http:\/\/archiv.szolnoktv.hu\/index.php?rest_route=\/wp\/v2\/posts\/9753\/revisions"}],"predecessor-version":[{"id":9782,"href":"http:\/\/archiv.szolnoktv.hu\/index.php?rest_route=\/wp\/v2\/posts\/9753\/revisions\/9782"}],"wp:attachment":[{"href":"http:\/\/archiv.szolnoktv.hu\/index.php?rest_route=%2Fwp%2Fv2%2Fmedia&parent=9753"}],"wp:term":[{"taxonomy":"category","embeddable":true,"href":"http:\/\/archiv.szolnoktv.hu\/index.php?rest_route=%2Fwp%2Fv2%2Fcategories&post=9753"},{"taxonomy":"post_tag","embeddable":true,"href":"http:\/\/archiv.szolnoktv.hu\/index.php?rest_route=%2Fwp%2Fv2%2Ftags&post=9753"}],"curies":[{"name":"wp","href":"https:\/\/api.w.org\/{rel}","templated":true}]}}