{"id":9752,"date":"2018-08-06T15:34:33","date_gmt":"2018-08-06T15:34:33","guid":{"rendered":"http:\/\/archiv.szolnoktv.hu\/?p=9752"},"modified":"2021-08-14T15:32:03","modified_gmt":"2021-08-14T15:32:03","slug":"vi-szocijarmu-kiallitas-es-nosztalgia-talalkozo","status":"publish","type":"post","link":"http:\/\/archiv.szolnoktv.hu\/?p=9752","title":{"rendered":"VI. Szocij\u00e1rm\u0171 ki\u00e1ll\u00edt\u00e1s \u00e9s Nosztalgia tal\u00e1lkoz\u00f3"},"content":{"rendered":"<div class='booster-block booster-read-block'><\/div><p>-Trabanton sz\u00e1llni \u00e9lvezet.&#8221; \u00c9nekelte egykoron az Exotic egy\u00fcttes \u00e9s ki gondoln\u00e1, hogy a kartonpap\u00edrb\u00f3l k\u00e9sz\u00fclt n\u00e9paut\u00f3, m\u00e1r 61 \u00e9ves. A Szocij\u00e1rm\u0171 Ki\u00e1ll\u00edt\u00e1s \u00e9s Nosztalgia Tal\u00e1lkoz\u00f3n t\u00f6bb Trabantot is megcsod\u00e1lhattak az \u00e9rdekl\u0151d\u0151k. Az egyik k\u00fcl\u00f6nleges p\u00e9ld\u00e1ny egy 29 \u00e9ves, felh\u00faz\u00f3kulccsal ell\u00e1tott darab volt. Tulajdonosa: Jurnyik M\u00e1ty\u00e1s a Trabantok szerelmese.<\/p>\n<p>&#8211; El\u0151tte 17 \u00e9vig k\u00e9t\u00fctem\u0171 Trabantom volt \u00e9s n\u00e9gy\u00fctem\u0171t szerettem volna. Lecser\u00e9ltem a k\u00e9t\u00fctem\u0171t n\u00e9gy\u00fctem\u0171 Trabantra.&#8221;<\/p>\n<p>M\u00e1sok a Zaporozsecek\u00e9rt rajonganak, \u00edgy p\u00e9ld\u00e1ul Szafi\u00e1n K\u00e1roly, aki a Zaporozsec Aut\u00f3klub akt\u00edv tagja. \u00d5 maga, egy 70-es \u00e9vek v\u00e9g\u00e9n gy\u00e1rtott szovjet kisaut\u00f3 boldog tulajdonosa. Ezek a j\u00e1rm\u0171vek 40 l\u00f3er\u0151vel b\u00edrnak.<br \/>-\u00d5 egy Zaporozsec 960M t\u00edpus\u00fa aut\u00f3. El\u00e9g sokat kellett restaur\u00e1lni, nagyon kev\u00e9s van m\u00e1r az orsz\u00e1gban a Zaporozsec t\u00edpus\u00fa aut\u00f3kb\u00f3l. Most kett\u0151vel tudtunk megjelenni: egy 968-assal \u00e9s egy 968M-essel.&#8221;<\/p>\n<p>A Moszvics 407 kort\u00e1rsaival, az ezres Wartburggal \u00e9s a \u00a9koda Octavi\u00e1val, a 60-as \u00e9vek magyar utcak\u00e9p\u00e9hez szorosan hozz\u00e1tartozott.<\/p>\n<p>-Ezt a Moszvics 407-et a Szovjetuni\u00f3ban gy\u00e1rtott\u00e1k 1959-ben. Rend\u0151r aut\u00f3nak sz\u00e1nt\u00e1k eredetileg, ezt k\u00f6vet\u0151en a szolg\u00e1lati \u00e9vek ut\u00e1n a filmgy\u00e1rba ker\u00fclt. Ut\u00e1na pedig a jelenlegi tulajdonos\u00e1hoz.&#8221;<\/p>\n<p>Az els\u0151 Zsigulit 1970-ben k\u00e9zzel szerelt\u00e9k \u00f6ssze. Szovjet nev\u00e9n Zsiguli, de az export orsz\u00e1gokban m\u00e1r Ladak\u00e9nt ismerhett\u00e9k meg az emberek. Bagosi Jen\u0151 \u00f6lt\u00f6z\u00e9k\u00e9ben is id\u00e9zte a szocializmus szellem\u00e9t, hiszen egy p\u00e1nc\u00e9los, szovjet tiszti egyenruh\u00e1t viselt a tal\u00e1lkoz\u00f3n.<\/p>\n<p>-3 \u00e9ve van meg, Lada 1500-as t\u00edpus, szeretem, nincs vele semmi baj, valamennyire \u00e9rtek is hozz\u00e1.&#8221;<\/p>\n<p>A Szocij\u00e1rm\u0171 Ki\u00e1ll\u00edt\u00e1s \u00e9s Nosztalgia Tal\u00e1lkoz\u00f3 szervez\u0151je: Ifj. K\u00e1nya Zolt\u00e1n, aki nem most kezdte az ilyen jelleg\u0171 programok, rendezv\u00e9nyek szervez\u00e9s\u00e9t. Pontosan 1999-ben. <\/p>\n<p>-A Veter\u00e1n B\u00f6rz\u00e9t, ut\u00e1na kapcsol\u00f3d\u00f3 esem\u00e9nyk\u00e9nt egy\u00e9b ki\u00e1ll\u00edt\u00e1sokkal rendezt\u00fck meg \u00e9s ezek a ki\u00e1ll\u00edt\u00e1sok kin\u0151tt\u00e9k magukat.&#8221;<\/p>\n<p>Az \u00f3ri\u00e1si \u00e9rdekl\u0151d\u00e9s miatt egyre b\u0151v\u00fclt a rendezv\u00e9ny \u00e9s a l\u00e1togat\u00f3k sz\u00e1ma a tavalyihoz k\u00e9pest majd ezerrel n\u0151tt. A v\u00e9gs\u0151 k\u00f6vetkeztet\u00e9st levonhatjuk: a magyar mindent im\u00e1d, ami retro.<\/p>\n<div style=\"width: 640px;\" class=\"wp-video\"><!--[if lt IE 9]><script>document.createElement('video');<\/script><![endif]-->\n<video class=\"wp-video-shortcode\" id=\"video-9752-1\" width=\"640\" height=\"360\" preload=\"metadata\" controls=\"controls\"><source type=\"video\/mp4\" src=\"\/spots\/hir\/hir_180806_03.mp4?_=1\" \/><a href=\"\/spots\/hir\/hir_180806_03.mp4\">\/spots\/hir\/hir_180806_03.mp4<\/a><\/video><\/div>\n","protected":false},"excerpt":{"rendered":"<p>-Trabanton sz\u00e1llni \u00e9lvezet.&#8221; \u00c9nekelte egykoron az Exotic egy\u00fcttes \u00e9s ki gondoln\u00e1, hogy a kartonpap\u00edrb\u00f3l k\u00e9sz\u00fclt n\u00e9paut\u00f3, m\u00e1r 61 \u00e9ves. A Szocij\u00e1rm\u0171 Ki\u00e1ll\u00edt\u00e1s \u00e9s Nosztalgia Tal\u00e1lkoz\u00f3n t\u00f6bb Trabantot is megcsod\u00e1lhattak az \u00e9rdekl\u0151d\u0151k. Az egyik k\u00fcl\u00f6nleges p\u00e9ld\u00e1ny egy 29 \u00e9ves, felh\u00faz\u00f3kulccsal ell\u00e1tott darab volt. Tulajdonosa: Jurnyik M\u00e1ty\u00e1s a Trabantok szerelmese. &#8211; El\u0151tte 17 \u00e9vig k\u00e9t\u00fctem\u0171 Trabantom volt [&hellip;]<\/p>\n","protected":false},"author":2,"featured_media":0,"comment_status":"closed","ping_status":"closed","sticky":false,"template":"","format":"standard","meta":[],"categories":[9],"tags":[],"_links":{"self":[{"href":"http:\/\/archiv.szolnoktv.hu\/index.php?rest_route=\/wp\/v2\/posts\/9752"}],"collection":[{"href":"http:\/\/archiv.szolnoktv.hu\/index.php?rest_route=\/wp\/v2\/posts"}],"about":[{"href":"http:\/\/archiv.szolnoktv.hu\/index.php?rest_route=\/wp\/v2\/types\/post"}],"author":[{"embeddable":true,"href":"http:\/\/archiv.szolnoktv.hu\/index.php?rest_route=\/wp\/v2\/users\/2"}],"replies":[{"embeddable":true,"href":"http:\/\/archiv.szolnoktv.hu\/index.php?rest_route=%2Fwp%2Fv2%2Fcomments&post=9752"}],"version-history":[{"count":1,"href":"http:\/\/archiv.szolnoktv.hu\/index.php?rest_route=\/wp\/v2\/posts\/9752\/revisions"}],"predecessor-version":[{"id":9783,"href":"http:\/\/archiv.szolnoktv.hu\/index.php?rest_route=\/wp\/v2\/posts\/9752\/revisions\/9783"}],"wp:attachment":[{"href":"http:\/\/archiv.szolnoktv.hu\/index.php?rest_route=%2Fwp%2Fv2%2Fmedia&parent=9752"}],"wp:term":[{"taxonomy":"category","embeddable":true,"href":"http:\/\/archiv.szolnoktv.hu\/index.php?rest_route=%2Fwp%2Fv2%2Fcategories&post=9752"},{"taxonomy":"post_tag","embeddable":true,"href":"http:\/\/archiv.szolnoktv.hu\/index.php?rest_route=%2Fwp%2Fv2%2Ftags&post=9752"}],"curies":[{"name":"wp","href":"https:\/\/api.w.org\/{rel}","templated":true}]}}