{"id":9751,"date":"2018-08-06T15:18:11","date_gmt":"2018-08-06T15:18:11","guid":{"rendered":"http:\/\/archiv.szolnoktv.hu\/?p=9751"},"modified":"2021-08-14T15:32:03","modified_gmt":"2021-08-14T15:32:03","slug":"a-rendorseg-osszes-traffipaxa-az-utakon-van","status":"publish","type":"post","link":"http:\/\/archiv.szolnoktv.hu\/?p=9751","title":{"rendered":"A rend\u0151rs\u00e9g \u00f6sszes traffipaxa az utakon van<br>"},"content":{"rendered":"<div class='booster-block booster-read-block'><\/div><p>Reggel \u00f3ta m\u00e9rt\u00e9k az aut\u00f3k sebess\u00e9g\u00e9t a 4-es f\u0151\u00fat Szajol \u00e9s Szolnok k\u00f6z\u00f6tti szakasz\u00e1nak 105-\u00f6s kilom\u00e9terszelv\u00e9ny\u00e9ben a rend\u0151r\u00f6k. A mai napon JNSZ megy\u00e9ben m\u00e9g mintegy 30 helyen tal\u00e1lkozhattak a j\u00e1rm\u0171vezet\u0151k sebess\u00e9gellen\u0151rz\u00e9ssel. A h\u00e9t h\u00e1tral\u00e9v\u0151 napjaiban hasonl\u00f3 helyzetre kell sz\u00e1m\u00edtani, ugyanis a rend\u0151rs\u00e9g a TISPOL csoport \u00e9ves terve alapj\u00e1n augusztus 6-a \u00e9s 12-e k\u00f6z\u00f6tt az orsz\u00e1g teljes ter\u00fclet\u00e9re kiterjed\u0151 ellen\u0151rz\u00e9seket hajt v\u00e9gre.   Az eur\u00f3pai szint\u0171 akci\u00f3ban szinte a hat\u00f3s\u00e1g rendelkez\u00e9s\u00e9re \u00e1ll\u00f3 \u00f6sszes sebess\u00e9gm\u00e9r\u0151 eszk\u00f6zt haszn\u00e1lj\u00e1k annak \u00e9rdek\u00e9ben, hogy a lehet\u0151 legt\u00f6bb jogs\u00e9rt\u00e9sre f\u00e9ny der\u00fclj\u00f6n. Az ellen\u0151rz\u00e9s c\u00e9lja azon g\u00e9pj\u00e1rm\u0171 vezet\u0151k, illetve g\u00e9pj\u00e1rm\u0171vek kisz\u0171r\u00e9se, akik a megengedett legnagyobb sebess\u00e9get t\u00fall\u00e9pik \u00e9s ezzel vesz\u00e9lyeztetik a k\u00f6zleked\u00e9s r\u00e9sztvev\u0151it, illetve az egyhetes sebess\u00e9gellen\u0151rz\u0151 akci\u00f3val a gyorshajt\u00e1s vesz\u00e9lyeire akarj\u00e1k felh\u00edvni az aut\u00f3sok figyelm\u00e9t. A statisztik\u00e1k szerint ugyanis minden harmadik balesetben szerepet j\u00e1tszik a gyorshajt\u00e1s is.<\/p>\n<div style=\"width: 640px;\" class=\"wp-video\"><!--[if lt IE 9]><script>document.createElement('video');<\/script><![endif]-->\n<video class=\"wp-video-shortcode\" id=\"video-9751-1\" width=\"640\" height=\"360\" preload=\"metadata\" controls=\"controls\"><source type=\"video\/mp4\" src=\"\/spots\/hir\/hir_180806_04.mp4?_=1\" \/><a href=\"\/spots\/hir\/hir_180806_04.mp4\">\/spots\/hir\/hir_180806_04.mp4<\/a><\/video><\/div>\n","protected":false},"excerpt":{"rendered":"<p>Reggel \u00f3ta m\u00e9rt\u00e9k az aut\u00f3k sebess\u00e9g\u00e9t a 4-es f\u0151\u00fat Szajol \u00e9s Szolnok k\u00f6z\u00f6tti szakasz\u00e1nak 105-\u00f6s kilom\u00e9terszelv\u00e9ny\u00e9ben a rend\u0151r\u00f6k. A mai napon JNSZ megy\u00e9ben m\u00e9g mintegy 30 helyen tal\u00e1lkozhattak a j\u00e1rm\u0171vezet\u0151k sebess\u00e9gellen\u0151rz\u00e9ssel. A h\u00e9t h\u00e1tral\u00e9v\u0151 napjaiban hasonl\u00f3 helyzetre kell sz\u00e1m\u00edtani, ugyanis a rend\u0151rs\u00e9g a TISPOL csoport \u00e9ves terve alapj\u00e1n augusztus 6-a \u00e9s 12-e k\u00f6z\u00f6tt az orsz\u00e1g [&hellip;]<\/p>\n","protected":false},"author":2,"featured_media":0,"comment_status":"closed","ping_status":"closed","sticky":false,"template":"","format":"standard","meta":[],"categories":[9],"tags":[],"_links":{"self":[{"href":"http:\/\/archiv.szolnoktv.hu\/index.php?rest_route=\/wp\/v2\/posts\/9751"}],"collection":[{"href":"http:\/\/archiv.szolnoktv.hu\/index.php?rest_route=\/wp\/v2\/posts"}],"about":[{"href":"http:\/\/archiv.szolnoktv.hu\/index.php?rest_route=\/wp\/v2\/types\/post"}],"author":[{"embeddable":true,"href":"http:\/\/archiv.szolnoktv.hu\/index.php?rest_route=\/wp\/v2\/users\/2"}],"replies":[{"embeddable":true,"href":"http:\/\/archiv.szolnoktv.hu\/index.php?rest_route=%2Fwp%2Fv2%2Fcomments&post=9751"}],"version-history":[{"count":1,"href":"http:\/\/archiv.szolnoktv.hu\/index.php?rest_route=\/wp\/v2\/posts\/9751\/revisions"}],"predecessor-version":[{"id":9784,"href":"http:\/\/archiv.szolnoktv.hu\/index.php?rest_route=\/wp\/v2\/posts\/9751\/revisions\/9784"}],"wp:attachment":[{"href":"http:\/\/archiv.szolnoktv.hu\/index.php?rest_route=%2Fwp%2Fv2%2Fmedia&parent=9751"}],"wp:term":[{"taxonomy":"category","embeddable":true,"href":"http:\/\/archiv.szolnoktv.hu\/index.php?rest_route=%2Fwp%2Fv2%2Fcategories&post=9751"},{"taxonomy":"post_tag","embeddable":true,"href":"http:\/\/archiv.szolnoktv.hu\/index.php?rest_route=%2Fwp%2Fv2%2Ftags&post=9751"}],"curies":[{"name":"wp","href":"https:\/\/api.w.org\/{rel}","templated":true}]}}