{"id":9750,"date":"2018-08-06T14:38:20","date_gmt":"2018-08-06T14:38:20","guid":{"rendered":"http:\/\/archiv.szolnoktv.hu\/?p=9750"},"modified":"2021-08-14T15:32:03","modified_gmt":"2021-08-14T15:32:03","slug":"mezesnap-jaszberenyben","status":"publish","type":"post","link":"http:\/\/archiv.szolnoktv.hu\/?p=9750","title":{"rendered":"M\u00e9zesnap J\u00e1szber\u00e9nyben"},"content":{"rendered":"<div class='booster-block booster-read-block'><\/div><p>Id\u00e9n is J\u00e1szber\u00e9ny adott otthont Magyarorsz\u00e1g legnagyobb m\u00e9h\u00e9szeti rendezv\u00e9ny\u00e9nek, ahol tal\u00e1lkozhattak termel\u0151k, fogyaszt\u00f3k \u00e9s keresked\u0151k. A haz\u00e1nkban megtermelt m\u00e9zet \u00e9s abb\u00f3l k\u00e9sz\u00fclt k\u00fcl\u00f6nleges term\u00e9keket megk\u00f3stolhatt\u00e1k \u00e9s meg is  v\u00e1s\u00e1rolhatt\u00e1k  az \u00e9rdekl\u0151d\u0151k. A mez\u0151gazdas\u00e1g\u00e9rt felel\u0151s \u00e1llamtitk\u00e1r elmondta: az idei m\u00e9zterm\u00e9s kiemelked\u0151, rendk\u00edv\u00fcl keresett a magyar m\u00e9z : a megtermelt mennyis\u00e9gb\u0151l 20.000 tonn\u00e1nyi exportra ker\u00fcl. <\/p>\n<p> Feldman Zsolt mez\u0151gazdas\u00e1g\u00e9rt felel\u0151s \u00e1llamtitk\u00e1r: <br \/>&#8220;Magyarorsz\u00e1g m\u00e9h\u00e9sz- \u00e9s m\u00e9znagyhatalomnak sz\u00e1m\u00edt Eur\u00f3p\u00e1ban, 15-20 f\u00e9le m\u00e9zet \u00e1ll\u00edtunk el\u0151 \u00e9s \u00e9vente 20.000 tonn\u00e1t is export\u00e1lunk teh\u00e1t van m\u00e9z az orsz\u00e1gban viszont persze \u00e9vj\u00e1ratt\u00f3l f\u00fcgg az, hogy hogyan siker\u00fcl, mikor van ak\u00e1c, napraforg\u00f3 vagy b\u00e1rmilyen m\u00e1s m\u00e9z.&#8221;&#8230;megtal\u00e1ljuk az utat a magyar fogyaszt\u00f3khoz. <br \/>Ha minden nap n\u00e9h\u00e1ny kiskan\u00e1llal t\u00f6bb m\u00e9zet fogyasztan\u00e1nk, azzal nemcsak eg\u00e9szs\u00e9g\u00fcnk\u00e9rt, hanem a haza m\u00e9h\u00e9szek\u00e9rt, a gazdas\u00e1g\u00e9rt is tenn\u00e9nk- mondta. M\u00edg cukorb\u00f3l \u00e9vente csaknem 40  kil\u00f3t fogyaszt fejenk\u00e9nt a magyar ember, addig   az egyetlen term\u00e9szetes \u00e9des\u00edt\u0151szerb\u0151l mind\u00f6ssze 80 dekagramm fogy \u00e9vente.<\/p>\n<p>-&#8221; A magyar m\u00e9z keresett hiszen min\u0151s\u00e9g\u00e9t tekintve jobb, sokkal jobb beltartalmi \u00e9rt\u00e9kekkel rendelkezik mint az eur\u00f3pai versenyt\u00e1rsak\u00e9, \u00e9ppen ez\u00e9rt nek\u00fcnk nem az a c\u00e9lunk, hogy az ottani m\u00e9zhez jav\u00edt\u00f3m\u00e9zk\u00e9nt keverj\u00e9k hozz\u00e1, hanem az lenne a c\u00e9l \u00e1gazati szempontb\u00f3l, hogy min\u00e9l ink\u00e1bb k\u00f6zvetlen kiszerel\u00e9ssel juttassuk el a fogyaszt\u00f3i piacokra a magyar m\u00e9zet&#8221;- tette hozz\u00e1 mez\u0151gazdas\u00e1g\u00e9rt felel\u0151s \u00e1llamtitk\u00e1r.<\/p>\n<p>Legink\u00e1bb a n\u00e9met, olasz, francia piacra \u00e9rt\u00e9kes\u00edtik a haza m\u00e9zet.  Az \u00e1llam a m\u00e9h\u00e9szeket tov\u00e1bbra is seg\u00edti &#8211; tette hozz\u00e1 Feldman Zsolt  &#8211;   Egyebek mellett m\u00e9heg\u00e9szs\u00e9g\u00fcgyi int\u00e9zked\u00e9sekkel, de  t\u00e1mogatnak m\u00e9h\u00e9szeti k\u00e9pz\u00e9seket, eszk\u00f6zv\u00e1s\u00e1rl\u00e1st \u00e9s a k\u00e1rtev\u0151k elleni v\u00e9dekez\u00e9st is. A j\u00e1szber\u00e9nyi m\u00e9zesnapon 25. alkalommal v\u00e1lasztottak m\u00e9zkir\u00e1lyn\u0151t a fiatal h\u00f6lgyek k\u00f6z\u00fcl. <\/p>\n<div style=\"width: 640px;\" class=\"wp-video\"><!--[if lt IE 9]><script>document.createElement('video');<\/script><![endif]-->\n<video class=\"wp-video-shortcode\" id=\"video-9750-1\" width=\"640\" height=\"360\" preload=\"metadata\" controls=\"controls\"><source type=\"video\/mp4\" src=\"\/spots\/hir\/hir_180806_02.mp4?_=1\" \/><a href=\"\/spots\/hir\/hir_180806_02.mp4\">\/spots\/hir\/hir_180806_02.mp4<\/a><\/video><\/div>\n","protected":false},"excerpt":{"rendered":"<p>Id\u00e9n is J\u00e1szber\u00e9ny adott otthont Magyarorsz\u00e1g legnagyobb m\u00e9h\u00e9szeti rendezv\u00e9ny\u00e9nek, ahol tal\u00e1lkozhattak termel\u0151k, fogyaszt\u00f3k \u00e9s keresked\u0151k. A haz\u00e1nkban megtermelt m\u00e9zet \u00e9s abb\u00f3l k\u00e9sz\u00fclt k\u00fcl\u00f6nleges term\u00e9keket megk\u00f3stolhatt\u00e1k \u00e9s meg is v\u00e1s\u00e1rolhatt\u00e1k az \u00e9rdekl\u0151d\u0151k. A mez\u0151gazdas\u00e1g\u00e9rt felel\u0151s \u00e1llamtitk\u00e1r elmondta: az idei m\u00e9zterm\u00e9s kiemelked\u0151, rendk\u00edv\u00fcl keresett a magyar m\u00e9z : a megtermelt mennyis\u00e9gb\u0151l 20.000 tonn\u00e1nyi exportra ker\u00fcl. Feldman Zsolt [&hellip;]<\/p>\n","protected":false},"author":2,"featured_media":0,"comment_status":"closed","ping_status":"closed","sticky":false,"template":"","format":"standard","meta":[],"categories":[9],"tags":[],"_links":{"self":[{"href":"http:\/\/archiv.szolnoktv.hu\/index.php?rest_route=\/wp\/v2\/posts\/9750"}],"collection":[{"href":"http:\/\/archiv.szolnoktv.hu\/index.php?rest_route=\/wp\/v2\/posts"}],"about":[{"href":"http:\/\/archiv.szolnoktv.hu\/index.php?rest_route=\/wp\/v2\/types\/post"}],"author":[{"embeddable":true,"href":"http:\/\/archiv.szolnoktv.hu\/index.php?rest_route=\/wp\/v2\/users\/2"}],"replies":[{"embeddable":true,"href":"http:\/\/archiv.szolnoktv.hu\/index.php?rest_route=%2Fwp%2Fv2%2Fcomments&post=9750"}],"version-history":[{"count":1,"href":"http:\/\/archiv.szolnoktv.hu\/index.php?rest_route=\/wp\/v2\/posts\/9750\/revisions"}],"predecessor-version":[{"id":9785,"href":"http:\/\/archiv.szolnoktv.hu\/index.php?rest_route=\/wp\/v2\/posts\/9750\/revisions\/9785"}],"wp:attachment":[{"href":"http:\/\/archiv.szolnoktv.hu\/index.php?rest_route=%2Fwp%2Fv2%2Fmedia&parent=9750"}],"wp:term":[{"taxonomy":"category","embeddable":true,"href":"http:\/\/archiv.szolnoktv.hu\/index.php?rest_route=%2Fwp%2Fv2%2Fcategories&post=9750"},{"taxonomy":"post_tag","embeddable":true,"href":"http:\/\/archiv.szolnoktv.hu\/index.php?rest_route=%2Fwp%2Fv2%2Ftags&post=9750"}],"curies":[{"name":"wp","href":"https:\/\/api.w.org\/{rel}","templated":true}]}}