{"id":9748,"date":"2018-08-03T19:27:59","date_gmt":"2018-08-03T19:27:59","guid":{"rendered":"http:\/\/archiv.szolnoktv.hu\/?p=9748"},"modified":"2021-08-14T15:32:03","modified_gmt":"2021-08-14T15:32:03","slug":"ujabb-halalos-kimenetelu-baleset-szolnok-kulteruleten","status":"publish","type":"post","link":"http:\/\/archiv.szolnoktv.hu\/?p=9748","title":{"rendered":"\u00dajabb hal\u00e1los kimenetel\u0171 baleset Szolnok k\u00fclter\u00fclet\u00e9n"},"content":{"rendered":"<div class='booster-block booster-read-block'><\/div><p>2 ment\u0151helikopter \u00e9s t\u00f6bb ment\u0151aut\u00f3 is \u00e9rkezett a d\u00e9lben t\u00f6rt\u00e9nt hal\u00e1los kimenetel\u0171 balesethez. A t\u0171zolt\u00f3k \u00e1ramtalan\u00edtott\u00e1k a j\u00e1rm\u0171veket, az egyikb\u0151l az embereket fesz\u00edt\u0151v\u00e1g\u00f3 berendez\u00e9ssel szabad\u00edtott\u00e1k ki. <\/p>\n<p>Hal\u00e1los kimenetel\u0171 k\u00f6z\u00fati k\u00f6zleked\u00e9si baleset t\u00f6rt\u00e9nt Szolnok k\u00fclter\u00fclet\u00e9n p\u00e9nteken d\u00e9l k\u00f6r\u00fcl egy\u00e9bk\u00e9nt. Az eddigi inform\u00e1ci\u00f3ink szerint egy hosszabb kocsisort szab\u00e1lytalanul el\u0151z\u0151 szem\u00e9lyg\u00e9pkocsi k\u00e9s\u0151n \u00e9szlelte a vele szemben szab\u00e1lyosan k\u00f6zleked\u0151 szem\u00e9lyg\u00e9pkocsit \u00e9s f\u00e9l front\u00e1lisan \u00f6ssze\u00fctk\u00f6ztek.-mondta: Szab\u00f3 Zita, alezredes, sajt\u00f3sz\u00f3viv\u0151, JNSZ Megyei Rend\u0151r-f\u0151kapit\u00e1nys\u00e1g<\/p>\n<p> A balesetben 6-an s\u00e9r\u00fcltek meg. Egy ember a helysz\u00ednen \u00e9let\u00e9t vesztette, t\u00f6bbeket s\u00falyos, illetve \u00e9letvesz\u00e9lyes s\u00e9r\u00fcl\u00e9sekkel ment\u0151helikopterrel sz\u00e1ll\u00edtottak k\u00f3rh\u00e1zba. <\/p>\n<p>A rend\u0151rs\u00e9g k\u00fcl\u00f6n\u00f6sen felh\u00edvja a figyelmet. Ny\u00e1ron a k\u00e1nikul\u00e1ban sem feledkezzenek meg arr\u00f3l, hogy kipihenten induljanak g\u00e9pj\u00e1rm\u0171vet vezetni illetve hosszabb \u00fatra indulnak gondoskodjanak a folyad\u00e9kp\u00f3tl\u00e1sr\u00f3l \u00e9s nagyon nagyon figyeljenek oda az el\u0151z\u00e9sre. Hiszen az egyik leg\u00f6sszetettebb j\u00e1rm\u0171vezet\u0151i man\u0151ver. Csak akkor kezdjenek bele, ha szab\u00e1lyszer\u0171en  \u00e9s a szembe j\u00f6v\u0151 forgalom zavar\u00e1sa n\u00e9lk\u00fcl betudj\u00e1k fejezni.-k\u00f6z\u00f6lte: Szab\u00f3 Zita, alezredes, sajt\u00f3sz\u00f3viv\u0151, JNSZ Megyei Rend\u0151r-f\u0151kapit\u00e1nys\u00e1g<\/p>\n<p>A rend\u0151rs\u00e9g szak\u00e9rt\u0151k bevon\u00e1s\u00e1val vizsg\u00e1lja a baleset pontos k\u00f6r\u00fclm\u00e9nyeit \u00e9s ok\u00e1t.<br \/>\n<br \/>\n<div style=\"width: 640px;\" class=\"wp-video\"><!--[if lt IE 9]><script>document.createElement('video');<\/script><![endif]-->\n<video class=\"wp-video-shortcode\" id=\"video-9748-1\" width=\"640\" height=\"360\" preload=\"metadata\" controls=\"controls\"><source type=\"video\/mp4\" src=\"\/spots\/hir\/hir_180803_06.mp4?_=1\" \/><a href=\"\/spots\/hir\/hir_180803_06.mp4\">\/spots\/hir\/hir_180803_06.mp4<\/a><\/video><\/div><\/p>\n","protected":false},"excerpt":{"rendered":"<p>2 ment\u0151helikopter \u00e9s t\u00f6bb ment\u0151aut\u00f3 is \u00e9rkezett a d\u00e9lben t\u00f6rt\u00e9nt hal\u00e1los kimenetel\u0171 balesethez. A t\u0171zolt\u00f3k \u00e1ramtalan\u00edtott\u00e1k a j\u00e1rm\u0171veket, az egyikb\u0151l az embereket fesz\u00edt\u0151v\u00e1g\u00f3 berendez\u00e9ssel szabad\u00edtott\u00e1k ki. Hal\u00e1los kimenetel\u0171 k\u00f6z\u00fati k\u00f6zleked\u00e9si baleset t\u00f6rt\u00e9nt Szolnok k\u00fclter\u00fclet\u00e9n p\u00e9nteken d\u00e9l k\u00f6r\u00fcl egy\u00e9bk\u00e9nt. Az eddigi inform\u00e1ci\u00f3ink szerint egy hosszabb kocsisort szab\u00e1lytalanul el\u0151z\u0151 szem\u00e9lyg\u00e9pkocsi k\u00e9s\u0151n \u00e9szlelte a vele szemben szab\u00e1lyosan k\u00f6zleked\u0151 [&hellip;]<\/p>\n","protected":false},"author":2,"featured_media":0,"comment_status":"closed","ping_status":"closed","sticky":false,"template":"","format":"standard","meta":[],"categories":[9],"tags":[],"_links":{"self":[{"href":"http:\/\/archiv.szolnoktv.hu\/index.php?rest_route=\/wp\/v2\/posts\/9748"}],"collection":[{"href":"http:\/\/archiv.szolnoktv.hu\/index.php?rest_route=\/wp\/v2\/posts"}],"about":[{"href":"http:\/\/archiv.szolnoktv.hu\/index.php?rest_route=\/wp\/v2\/types\/post"}],"author":[{"embeddable":true,"href":"http:\/\/archiv.szolnoktv.hu\/index.php?rest_route=\/wp\/v2\/users\/2"}],"replies":[{"embeddable":true,"href":"http:\/\/archiv.szolnoktv.hu\/index.php?rest_route=%2Fwp%2Fv2%2Fcomments&post=9748"}],"version-history":[{"count":1,"href":"http:\/\/archiv.szolnoktv.hu\/index.php?rest_route=\/wp\/v2\/posts\/9748\/revisions"}],"predecessor-version":[{"id":9787,"href":"http:\/\/archiv.szolnoktv.hu\/index.php?rest_route=\/wp\/v2\/posts\/9748\/revisions\/9787"}],"wp:attachment":[{"href":"http:\/\/archiv.szolnoktv.hu\/index.php?rest_route=%2Fwp%2Fv2%2Fmedia&parent=9748"}],"wp:term":[{"taxonomy":"category","embeddable":true,"href":"http:\/\/archiv.szolnoktv.hu\/index.php?rest_route=%2Fwp%2Fv2%2Fcategories&post=9748"},{"taxonomy":"post_tag","embeddable":true,"href":"http:\/\/archiv.szolnoktv.hu\/index.php?rest_route=%2Fwp%2Fv2%2Ftags&post=9748"}],"curies":[{"name":"wp","href":"https:\/\/api.w.org\/{rel}","templated":true}]}}