{"id":9747,"date":"2018-08-03T19:25:11","date_gmt":"2018-08-03T19:25:11","guid":{"rendered":"http:\/\/archiv.szolnoktv.hu\/?p=9747"},"modified":"2021-08-14T15:32:03","modified_gmt":"2021-08-14T15:32:03","slug":"holnap-kezdodik-a-parti-tura","status":"publish","type":"post","link":"http:\/\/archiv.szolnoktv.hu\/?p=9747","title":{"rendered":"Holnap kezd\u0151dik a Parti-t\u00fara"},"content":{"rendered":"<div class='booster-block booster-read-block'><\/div><p>Az utols\u00f3 pr\u00f3ba az a szombati koncert el\u0151tt. A Szolnoki Szimfonikus Zenekar Parti-t\u00far\u00e1j\u00e1nak els\u0151 \u00e1llom\u00e1sa, mondhatni kiindul\u00f3 pontja a Hild t\u00e9ren lesz. 20 \u00f3ra 30 perckor kezd\u0151dik a Bar\u00e1ts\u00e1g G\u00e1la Koncert.<\/p>\n<p>-Egy k\u00e1pr\u00e1zatos \u00f6ssze\u00e1ll\u00edt\u00e1st k\u00e9sz\u00edtett Izaki Masahiro. Orosz est lesz \u00e9s jap\u00e1n sz\u00e1mok is lesznek a m\u0171soron az\u00e9rt, mert ez a koncert nem csak egy koncert, hanem a Szolnok-Yuza testv\u00e9rv\u00e1rosi kapcsolat 35. sz\u00fclet\u00e9snapj\u00e1ra szervezett \u00fcnneps\u00e9gsorozat egy z\u00e1r\u00f3 momentuma.&#8221;  &#8211;   mondta Patk\u00f3s Imre \u00fcgyvezet\u0151-szakmai igazgat\u00f3.<\/p>\n<p>Yuz\u00e1b\u00f3l is \u00e9rkeztek zen\u00e9szek, \u0151k m\u00e1r be\u00fcltek a szolnokiak k\u00f6z\u00e9 \u00e9s egy\u00fctt k\u00e9sz\u00fclnek a koncertre. Az eddigi pr\u00f3b\u00e1k z\u00f6kken\u0151mentesek voltak, a jap\u00e1n vend\u00e9gek hamar beilleszkedtek. Nekik nem csak a zenekarban, hanem a k\u00f3rusban is lesz feladatuk.<\/p>\n<p>-A Yuza-i csoport k\u00f3rustagjai egy\u00fctt \u00e9nekelnek a Szolnoki M\u00c1V J\u00e1rm\u0171jav\u00edt\u00f3 \u00e9s Kod\u00e1ly K\u00f3rus tagjaival \u00e9s a m\u0171sor sor\u00e1n meghitt hangulat\u00fa kisebb tagol\u00e1ssal lesz elv\u00e1lasztva a k\u00fcl\u00f6nb\u00f6z\u0151 zenekari blokkok t\u00f6mege.&#8221;  &#8211;   tette hozz\u00e1 Patk\u00f3s Imre.<\/p>\n<p>Dramaturgiailag a v\u00e9g\u00e9re teljesedik ki a koncert  &#8211;   mondta Patk\u00f3s Imre, igazai katartikus \u00e9lm\u00e9ny lesz r\u00e9sztvev\u0151knek \u00e9s n\u00e9z\u0151knek egyar\u00e1nt. 1.500 hely lesz a Hild t\u00e9ren, minden bizonnyal meg is telik az \u00f6sszes \u00fcl\u0151hely a esti koncerten, amit a Szolnok Telev\u00edzi\u00f3 5 kamer\u00e1val r\u00f6gz\u00edt, majd egy k\u00e9s\u0151bbi id\u0151pontban ad\u00e1sba is illesztj\u00fck.<\/p>\n<div style=\"width: 640px;\" class=\"wp-video\"><!--[if lt IE 9]><script>document.createElement('video');<\/script><![endif]-->\n<video class=\"wp-video-shortcode\" id=\"video-9747-1\" width=\"640\" height=\"360\" preload=\"metadata\" controls=\"controls\"><source type=\"video\/mp4\" src=\"\/spots\/hir\/hir_180803_05.mp4?_=1\" \/><a href=\"\/spots\/hir\/hir_180803_05.mp4\">\/spots\/hir\/hir_180803_05.mp4<\/a><\/video><\/div>\n","protected":false},"excerpt":{"rendered":"<p>Az utols\u00f3 pr\u00f3ba az a szombati koncert el\u0151tt. A Szolnoki Szimfonikus Zenekar Parti-t\u00far\u00e1j\u00e1nak els\u0151 \u00e1llom\u00e1sa, mondhatni kiindul\u00f3 pontja a Hild t\u00e9ren lesz. 20 \u00f3ra 30 perckor kezd\u0151dik a Bar\u00e1ts\u00e1g G\u00e1la Koncert. -Egy k\u00e1pr\u00e1zatos \u00f6ssze\u00e1ll\u00edt\u00e1st k\u00e9sz\u00edtett Izaki Masahiro. Orosz est lesz \u00e9s jap\u00e1n sz\u00e1mok is lesznek a m\u0171soron az\u00e9rt, mert ez a koncert nem csak egy [&hellip;]<\/p>\n","protected":false},"author":2,"featured_media":0,"comment_status":"closed","ping_status":"closed","sticky":false,"template":"","format":"standard","meta":[],"categories":[9],"tags":[],"_links":{"self":[{"href":"http:\/\/archiv.szolnoktv.hu\/index.php?rest_route=\/wp\/v2\/posts\/9747"}],"collection":[{"href":"http:\/\/archiv.szolnoktv.hu\/index.php?rest_route=\/wp\/v2\/posts"}],"about":[{"href":"http:\/\/archiv.szolnoktv.hu\/index.php?rest_route=\/wp\/v2\/types\/post"}],"author":[{"embeddable":true,"href":"http:\/\/archiv.szolnoktv.hu\/index.php?rest_route=\/wp\/v2\/users\/2"}],"replies":[{"embeddable":true,"href":"http:\/\/archiv.szolnoktv.hu\/index.php?rest_route=%2Fwp%2Fv2%2Fcomments&post=9747"}],"version-history":[{"count":1,"href":"http:\/\/archiv.szolnoktv.hu\/index.php?rest_route=\/wp\/v2\/posts\/9747\/revisions"}],"predecessor-version":[{"id":9788,"href":"http:\/\/archiv.szolnoktv.hu\/index.php?rest_route=\/wp\/v2\/posts\/9747\/revisions\/9788"}],"wp:attachment":[{"href":"http:\/\/archiv.szolnoktv.hu\/index.php?rest_route=%2Fwp%2Fv2%2Fmedia&parent=9747"}],"wp:term":[{"taxonomy":"category","embeddable":true,"href":"http:\/\/archiv.szolnoktv.hu\/index.php?rest_route=%2Fwp%2Fv2%2Fcategories&post=9747"},{"taxonomy":"post_tag","embeddable":true,"href":"http:\/\/archiv.szolnoktv.hu\/index.php?rest_route=%2Fwp%2Fv2%2Ftags&post=9747"}],"curies":[{"name":"wp","href":"https:\/\/api.w.org\/{rel}","templated":true}]}}