{"id":9745,"date":"2018-08-03T18:26:47","date_gmt":"2018-08-03T18:26:47","guid":{"rendered":"http:\/\/archiv.szolnoktv.hu\/?p=9745"},"modified":"2021-08-14T15:32:04","modified_gmt":"2021-08-14T15:32:04","slug":"vedekezzunk-az-uv-ellen","status":"publish","type":"post","link":"http:\/\/archiv.szolnoktv.hu\/?p=9745","title":{"rendered":"V\u00e9dekezz\u00fcnk az UV ellen"},"content":{"rendered":"<div class='booster-block booster-read-block'><\/div><p>A napf\u00e9ny az \u00e9let alapvet\u0151 felt\u00e9tele, azonban a b\u0151rt t\u00fal nagy mennyis\u00e9gben \u00e9r\u0151 napsug\u00e1rz\u00e1s k\u00e1ros hat\u00e1st gyakorol r\u00e1. A napf\u00e9ny akut \u00e9s kr\u00f3nikus hat\u00e1sokat v\u00e1lthat ki a test\u00fcnket bor\u00edt\u00f3 sz\u00f6vetben. Ez, szinte minden b\u0151rt\u00edpusra igaz, de az \u00e9rz\u00e9keny b\u0151r\u0171eknek hatv\u00e1nyozottan \u00fcgyelni kell annak v\u00e9delm\u00e9re, eg\u00e9szs\u00e9g\u00e9re.<\/p>\n<p>-Egyt\u0151l hatig oszt\u00e1lyozzuk. Az 1-es fototipus az azt jelenti, hogy valaki feh\u00e9r b\u0151r\u0171, sz\u0151ke haj\u00fa, mindig le\u00e9g, soha sem barnul le. A 2-es fototipus az az, amikor valaki szint\u00e9n vil\u00e1gos b\u0151r\u0171, vil\u00e1gos haj\u00fa, vil\u00e1gos szem\u0171, ritk\u00e1n barnul le, viszont nagyon gyakran le\u00e9g.&#8221; -nyilatkozta Dr. Szab\u00f3 Andr\u00e1s, b\u0151rgy\u00f3gy\u00e1sz.<\/p>\n<p>A t\u00falz\u00e1sba vitt, m\u00e9rt\u00e9ktelen napoz\u00e1s, illetve a barna b\u0151r divatj\u00e1nak val\u00f3 megfelel\u00e9s er\u0151sen n\u00f6veli a b\u0151rr\u00e1k kock\u00e1zat\u00e1t. A betegs\u00e9g kialakul\u00e1s\u00e1\u00e9rt a napsug\u00e1rz\u00e1s UV tartom\u00e1nya a felel\u0151s.<\/p>\n<p>-Sokan nem tudj\u00e1k azt, hogy p\u00e9ld\u00e1ul az UV sugarak az aut\u00f3\u00fcvegen kereszt\u00fcl is \u00e1thatolnak, teh\u00e1t le lehet \u00e9gni az aut\u00f3ban is. Egy kis k\u00f6nny\u0171 feh\u00e9r p\u00f3l\u00f3 is \u00e1tengedi az UV sugarak nagy r\u00e9sz\u00e9t, ugyan \u00edgy, p\u00e9ld\u00e1ul felh\u0151s id\u0151ben is le\u00e9ghet\u00fcnk a szabadban val\u00f3 tart\u00f3zkod\u00e1s sor\u00e1n. A m\u00e1sik dolog, hogy a szem\u00fcnket is v\u00e9deni kell, megfelel\u0151 napszem\u00fcveget haszn\u00e1lni kell, illetve k\u00fcl\u00f6n v\u00e9deni kell az ajkainkat, amire k\u00fcl\u00f6n vannak ilyen napv\u00e9d\u0151s stiftek.&#8221; -tette hozz\u00e1 Szab\u00f3 doktor.<\/p>\n<p>Az UV sug\u00e1rz\u00e1s n\u00f6veli a sz\u00fcrkeh\u00e1lyog kock\u00e1zat\u00e1t, ez\u00e9rt olyan helyeken, ahol a naps\u00fct\u00e9s k\u00fcl\u00f6n\u00f6sen er\u0151s pl. v\u00edzparton, viselj\u00fcnk speci\u00e1lis napszem\u00fcvegeket. Lehet\u0151leg olyat, melybe oldalt sem s\u00fct be a nap \u00e9s a f\u00e9nyvisszaver\u0151-blokkol\u00f3 hat\u00e1sa 90 sz\u00e1zal\u00e9k feletti. A gyerekeket tilos napoztatni. K\u00e9t \u00e9ves kor alatti bab\u00e1kn\u00e1l f\u00e9nyv\u00e9d\u0151t sem aj\u00e1nlott haszn\u00e1lni, amennyire lehet, test\u00fcket lenge ruh\u00e1val takarjuk \u00e9s tartsuk \u0151ket az \u00e1rny\u00e9kban. V\u00edzparton minimum 30 faktoros f\u00e9nyv\u00e9d\u0151 kr\u00e9met haszn\u00e1ljunk. A le\u00e9g\u00e9st\u0151l feln\u0151ttnek \u00e9s gyermeknek egyar\u00e1nt, folytonosan tart\u00f3zkodni kell!<br \/>\n<br \/>\n<div style=\"width: 640px;\" class=\"wp-video\"><!--[if lt IE 9]><script>document.createElement('video');<\/script><![endif]-->\n<video class=\"wp-video-shortcode\" id=\"video-9745-1\" width=\"640\" height=\"360\" preload=\"metadata\" controls=\"controls\"><source type=\"video\/mp4\" src=\"\/spots\/hir\/hir_180803_03.mp4?_=1\" \/><a href=\"\/spots\/hir\/hir_180803_03.mp4\">\/spots\/hir\/hir_180803_03.mp4<\/a><\/video><\/div><\/p>\n","protected":false},"excerpt":{"rendered":"<p>A napf\u00e9ny az \u00e9let alapvet\u0151 felt\u00e9tele, azonban a b\u0151rt t\u00fal nagy mennyis\u00e9gben \u00e9r\u0151 napsug\u00e1rz\u00e1s k\u00e1ros hat\u00e1st gyakorol r\u00e1. A napf\u00e9ny akut \u00e9s kr\u00f3nikus hat\u00e1sokat v\u00e1lthat ki a test\u00fcnket bor\u00edt\u00f3 sz\u00f6vetben. Ez, szinte minden b\u0151rt\u00edpusra igaz, de az \u00e9rz\u00e9keny b\u0151r\u0171eknek hatv\u00e1nyozottan \u00fcgyelni kell annak v\u00e9delm\u00e9re, eg\u00e9szs\u00e9g\u00e9re. -Egyt\u0151l hatig oszt\u00e1lyozzuk. Az 1-es fototipus az azt jelenti, hogy [&hellip;]<\/p>\n","protected":false},"author":2,"featured_media":0,"comment_status":"closed","ping_status":"closed","sticky":false,"template":"","format":"standard","meta":[],"categories":[9],"tags":[],"_links":{"self":[{"href":"http:\/\/archiv.szolnoktv.hu\/index.php?rest_route=\/wp\/v2\/posts\/9745"}],"collection":[{"href":"http:\/\/archiv.szolnoktv.hu\/index.php?rest_route=\/wp\/v2\/posts"}],"about":[{"href":"http:\/\/archiv.szolnoktv.hu\/index.php?rest_route=\/wp\/v2\/types\/post"}],"author":[{"embeddable":true,"href":"http:\/\/archiv.szolnoktv.hu\/index.php?rest_route=\/wp\/v2\/users\/2"}],"replies":[{"embeddable":true,"href":"http:\/\/archiv.szolnoktv.hu\/index.php?rest_route=%2Fwp%2Fv2%2Fcomments&post=9745"}],"version-history":[{"count":1,"href":"http:\/\/archiv.szolnoktv.hu\/index.php?rest_route=\/wp\/v2\/posts\/9745\/revisions"}],"predecessor-version":[{"id":9790,"href":"http:\/\/archiv.szolnoktv.hu\/index.php?rest_route=\/wp\/v2\/posts\/9745\/revisions\/9790"}],"wp:attachment":[{"href":"http:\/\/archiv.szolnoktv.hu\/index.php?rest_route=%2Fwp%2Fv2%2Fmedia&parent=9745"}],"wp:term":[{"taxonomy":"category","embeddable":true,"href":"http:\/\/archiv.szolnoktv.hu\/index.php?rest_route=%2Fwp%2Fv2%2Fcategories&post=9745"},{"taxonomy":"post_tag","embeddable":true,"href":"http:\/\/archiv.szolnoktv.hu\/index.php?rest_route=%2Fwp%2Fv2%2Ftags&post=9745"}],"curies":[{"name":"wp","href":"https:\/\/api.w.org\/{rel}","templated":true}]}}