{"id":9744,"date":"2018-08-03T17:59:42","date_gmt":"2018-08-03T17:59:42","guid":{"rendered":"http:\/\/archiv.szolnoktv.hu\/?p=9744"},"modified":"2021-08-14T15:32:04","modified_gmt":"2021-08-14T15:32:04","slug":"biciklis-rendorok-es-polgarorok-szolnokon","status":"publish","type":"post","link":"http:\/\/archiv.szolnoktv.hu\/?p=9744","title":{"rendered":"Biciklis rend\u0151r\u00f6k \u00e9s polg\u00e1r\u0151r\u00f6k Szolnokon"},"content":{"rendered":"<div class='booster-block booster-read-block'><\/div><p>K\u00e9t f\u0151b\u0151l \u00e1ll az a j\u00e1r\u0151rszolg\u00e1lat, akik biciklin j\u00e1rj\u00e1k Szolnokot a vak\u00e1ci\u00f3 ideje alatt. Ma d\u00e9lel\u0151tt a Tiszaligeti Strand k\u00f6rny\u00e9k\u00e9n kezd\u0151d\u00f6tt az ellen\u0151rz\u00e9s. A kezdem\u00e9nyez\u00e9s a megye t\u00f6bb telep\u00fcl\u00e9s\u00e9n is m\u0171k\u00f6dik. A rend\u0151r\u00f6k a szolg\u00e1lat ideje alatt az eddigi \u00e9vekhez hasonl\u00f3an polg\u00e1r\u0151r\u0151r\u00f6kkel dolgoznak egy\u00fctt. <\/p>\n<p> -Nagyon sokszor ilyen vegyes rend\u0151r, illetve polg\u00e1r\u0151r p\u00e1rosb\u00f3l \u00e1ll\u00f3 j\u00e1r\u0151rszolg\u00e1latot l\u00e1thatnak a lakosok. Legf\u0151bb feladatuk ezen k\u00edv\u00fcl term\u00e9szetesen az ide l\u00e1togat\u00f3k \u00e9s az itt \u00e9l\u0151k s\u00e9relm\u00e9re elk\u00f6vetett b\u0171ncselekm\u00e9nyek megakad\u00e1lyoz\u00e1sa \u00e9s megel\u0151z\u00e9se. Ennek a ker\u00e9kp\u00e1ros j\u00e1r\u0151rszolg\u00e1latnak az egyik legnagyobb el\u0151nye, hogy a g\u00e9pj\u00e1rm\u0171vel nehezen megk\u00f6zel\u00edthet\u0151 ter\u00fcleteken is hat\u00e9konyan \u00e9s gyorsan tudnak fell\u00e9pni sz\u00fcks\u00e9g eset\u00e9n.&#8221;- mondta Szab\u00f3 Zita  JNSZ Megyei Rend\u0151r-f\u0151kapit\u00e1nys\u00e1g c.z. alezredese, sajt\u00f3sz\u00f3v\u00edv\u0151je.<\/p>\n<p>A j\u00e1r\u0151r\u00f6k a prevenci\u00f3 fontoss\u00e1g\u00e1ra is felh\u00edvj\u00e1k a figyelmet. Ma a strandol\u00f3k t\u00e1j\u00e9koz\u00f3dhattak a ny\u00e1ri szezon vesz\u00e9lyeir\u0151l. A rend\u0151r\u00f6k \u00e9s polg\u00e1r\u0151r t\u00e1rsaik a h\u00e9t minden napj\u00e1n l\u00e1that\u00f3k a kiemelt pontokon d\u00e9lel\u0151tt 10 \u00f3r\u00e1t\u00f3l d\u00e9lut\u00e1n 18 \u00f3r\u00e1ig, valamint az esti \u00e9s \u00e9jszakai \u00f3r\u00e1kban. Az eddigi \u00e9vek tapasztalatai alapj\u00e1n a b\u0171ncselekm\u00e9nyek sz\u00e1ma cs\u00f6kkent.<\/p>\n<p>-A turisztikai id\u00e9ny alatt az idei \u00e9vben azt gondolom, hogy nagyon nagyon j\u00f3l \u00e1llunk. Kev\u00e9s olyan b\u0171ncselekm\u00e9ny t\u00f6rt\u00e9nt, ami kifejezetten a turisztikai id\u00e9nnyel kapcsolatba hozhat\u00f3 \u00e9s b\u00edzunk benne, hogy ebben el\u0151nye van, vagy pontosabban mondva a ker\u00e9kp\u00e1ros szolg\u00e1latnak is szerepe van.&#8221;- tette hozz\u00e1 Szab\u00f3 Zita.<\/p>\n<p>A j\u00e1r\u0151rszolg\u00e1latok nemcsak ker\u00e9kp\u00e1rral, hanem gyalogosan is megjelennek a v\u00e1rosban. A b\u0171ncselekm\u00e9nyek megel\u0151z\u00e9se \u00e9s a tan\u00e1csad\u00e1s mellett, a turist\u00e1k t\u00e1j\u00e9koz\u00f3d\u00e1s\u00e1ban is seg\u00edtenek. A rend\u0151r\u00f6k \u00e9s polg\u00e1r\u0151r\u00f6k ny\u00e1r v\u00e9g\u00e9ig j\u00e1r\u0151r\u00f6znek.<br \/>\n<br \/>\n<div style=\"width: 640px;\" class=\"wp-video\"><!--[if lt IE 9]><script>document.createElement('video');<\/script><![endif]-->\n<video class=\"wp-video-shortcode\" id=\"video-9744-1\" width=\"640\" height=\"360\" preload=\"metadata\" controls=\"controls\"><source type=\"video\/mp4\" src=\"\/spots\/hir\/hir_180803_02.mp4?_=1\" \/><a href=\"\/spots\/hir\/hir_180803_02.mp4\">\/spots\/hir\/hir_180803_02.mp4<\/a><\/video><\/div><\/p>\n","protected":false},"excerpt":{"rendered":"<p>K\u00e9t f\u0151b\u0151l \u00e1ll az a j\u00e1r\u0151rszolg\u00e1lat, akik biciklin j\u00e1rj\u00e1k Szolnokot a vak\u00e1ci\u00f3 ideje alatt. Ma d\u00e9lel\u0151tt a Tiszaligeti Strand k\u00f6rny\u00e9k\u00e9n kezd\u0151d\u00f6tt az ellen\u0151rz\u00e9s. A kezdem\u00e9nyez\u00e9s a megye t\u00f6bb telep\u00fcl\u00e9s\u00e9n is m\u0171k\u00f6dik. A rend\u0151r\u00f6k a szolg\u00e1lat ideje alatt az eddigi \u00e9vekhez hasonl\u00f3an polg\u00e1r\u0151r\u0151r\u00f6kkel dolgoznak egy\u00fctt. -Nagyon sokszor ilyen vegyes rend\u0151r, illetve polg\u00e1r\u0151r p\u00e1rosb\u00f3l \u00e1ll\u00f3 j\u00e1r\u0151rszolg\u00e1latot l\u00e1thatnak [&hellip;]<\/p>\n","protected":false},"author":2,"featured_media":0,"comment_status":"closed","ping_status":"closed","sticky":false,"template":"","format":"standard","meta":[],"categories":[9],"tags":[],"_links":{"self":[{"href":"http:\/\/archiv.szolnoktv.hu\/index.php?rest_route=\/wp\/v2\/posts\/9744"}],"collection":[{"href":"http:\/\/archiv.szolnoktv.hu\/index.php?rest_route=\/wp\/v2\/posts"}],"about":[{"href":"http:\/\/archiv.szolnoktv.hu\/index.php?rest_route=\/wp\/v2\/types\/post"}],"author":[{"embeddable":true,"href":"http:\/\/archiv.szolnoktv.hu\/index.php?rest_route=\/wp\/v2\/users\/2"}],"replies":[{"embeddable":true,"href":"http:\/\/archiv.szolnoktv.hu\/index.php?rest_route=%2Fwp%2Fv2%2Fcomments&post=9744"}],"version-history":[{"count":1,"href":"http:\/\/archiv.szolnoktv.hu\/index.php?rest_route=\/wp\/v2\/posts\/9744\/revisions"}],"predecessor-version":[{"id":9791,"href":"http:\/\/archiv.szolnoktv.hu\/index.php?rest_route=\/wp\/v2\/posts\/9744\/revisions\/9791"}],"wp:attachment":[{"href":"http:\/\/archiv.szolnoktv.hu\/index.php?rest_route=%2Fwp%2Fv2%2Fmedia&parent=9744"}],"wp:term":[{"taxonomy":"category","embeddable":true,"href":"http:\/\/archiv.szolnoktv.hu\/index.php?rest_route=%2Fwp%2Fv2%2Fcategories&post=9744"},{"taxonomy":"post_tag","embeddable":true,"href":"http:\/\/archiv.szolnoktv.hu\/index.php?rest_route=%2Fwp%2Fv2%2Ftags&post=9744"}],"curies":[{"name":"wp","href":"https:\/\/api.w.org\/{rel}","templated":true}]}}