{"id":9742,"date":"2018-08-02T19:04:53","date_gmt":"2018-08-02T19:04:53","guid":{"rendered":"http:\/\/archiv.szolnoktv.hu\/?p=9742"},"modified":"2021-08-14T15:32:04","modified_gmt":"2021-08-14T15:32:04","slug":"szofogado-kutyak","status":"publish","type":"post","link":"http:\/\/archiv.szolnoktv.hu\/?p=9742","title":{"rendered":"Sz\u00f3fogad\u00f3 kuty\u00e1k"},"content":{"rendered":"<div class='booster-block booster-read-block'><\/div><p>A hivatalos versenyekkel ellent\u00e9tben ezen a rendezv\u00e9nyen jutalmazhatj\u00e1k kedvenc\u00fcket \u00e9s besz\u00e9lhetnek is hozz\u00e1juk a p\u00e1ly\u00e1n. Az esem\u00e9ny a felel\u0151s kutyatart\u00e1sra h\u00edvja fel a figyelmet. <\/p>\n<p> Kr\u00f6pfl Erzs\u00e9bet vezet\u0151 TopDogs Kutyaiskola:<\/p>\n<p>-&#8220;\u00c9letszer\u0171 feladatok vannak, amiket mindenki haszn\u00e1l az \u00e9letben, a v\u00e1rosban s\u00e9t\u00e1lnak p\u00f3r\u00e1zon, ugyan\u00fagy ez is egy vizsgafaladat lesz. Az erd\u0151ben s\u00e9t\u00e1lnak p\u00f3r\u00e1z n\u00e9lk\u00fcl , elengednek esetleg egy biciklist, vagy meg\u00e1llnak a zebr\u00e1n\u00e1l, ott ugye bent marad\u00e1s lesz. Van egy pici tr\u00fckk esetleg, szabadon v\u00e1lasztott, amit a gazdi bemutat, pacsit ad a kutya, amit \u0151 v\u00e1laszt. Ilyen \u00e9letszitu\u00e1ci\u00f3k vannak. Van egy \u00e9lelemfolyos\u00f3. &#8211;<\/p>\n<p>A lak\u00f3telepen ugyanis el\u0151fordult, hogy m\u00e9rgezett \u00e9lelmet raktak ki, ez\u00e9rt nagyon fontos megtan\u00edtani a kuty\u00e1knak, hogy ne egyenek meg semmit az utc\u00e1n. <\/p>\n<p> A J\u00f3t\u00e9konys\u00e1gi vizsga adom\u00e1nygy\u0171jt\u00e9s is egyben, hiszen a  szolnoki \u00e1llatotthon v\u00e1s\u00e1rol majd \u00e9lelmet a bev\u00e9telb\u0151l-  a menhelyes kuty\u00e1k sz\u00e1m\u00e1ra. <\/p>\n<p>-&#8220;Mindenki v\u00e1runk szeretettel, ak\u00e1r m\u00e1s kutyaiskol\u00e1b\u00f3l, sima h\u00e1zi kedvenceket, k\u00e9pzett kuty\u00e1kat, csak n\u00e9z\u0151ket, csak adom\u00e1nyoz\u00f3kat, vizsg\u00e1z\u00f3kat, csal\u00e1dosokat, gyermekeseket, b\u00e1rki aki szeretne egy j\u00f3 kis kuty\u00e1s rendezv\u00e9nyen r\u00e9szt venni \u00e9s ez\u00e1ltal seg\u00edteni az \u00e1llatotthonnak \u00e9s kicsit t\u00e1j\u00e9koz\u00f3dni, hogy milyen is az a kuty\u00e1s \u00e9let. &#8211;<\/p>\n<p>A Sz\u00e9chenyi Lak\u00f3telepen az Aranyi S\u00e1ndor \u00fat v\u00e9g\u00e9n a fah\u00eddon t\u00fal rendezik az esem\u00e9nyt szombaton eg\u00e9sz nap. <\/p>\n<div style=\"width: 640px;\" class=\"wp-video\"><!--[if lt IE 9]><script>document.createElement('video');<\/script><![endif]-->\n<video class=\"wp-video-shortcode\" id=\"video-9742-1\" width=\"640\" height=\"360\" preload=\"metadata\" controls=\"controls\"><source type=\"video\/mp4\" src=\"\/spots\/hir\/hir_180802_01_1.mp4?_=1\" \/><a href=\"\/spots\/hir\/hir_180802_01_1.mp4\">\/spots\/hir\/hir_180802_01_1.mp4<\/a><\/video><\/div>\n","protected":false},"excerpt":{"rendered":"<p>A hivatalos versenyekkel ellent\u00e9tben ezen a rendezv\u00e9nyen jutalmazhatj\u00e1k kedvenc\u00fcket \u00e9s besz\u00e9lhetnek is hozz\u00e1juk a p\u00e1ly\u00e1n. Az esem\u00e9ny a felel\u0151s kutyatart\u00e1sra h\u00edvja fel a figyelmet. Kr\u00f6pfl Erzs\u00e9bet vezet\u0151 TopDogs Kutyaiskola: -&#8220;\u00c9letszer\u0171 feladatok vannak, amiket mindenki haszn\u00e1l az \u00e9letben, a v\u00e1rosban s\u00e9t\u00e1lnak p\u00f3r\u00e1zon, ugyan\u00fagy ez is egy vizsgafaladat lesz. Az erd\u0151ben s\u00e9t\u00e1lnak p\u00f3r\u00e1z n\u00e9lk\u00fcl , elengednek esetleg [&hellip;]<\/p>\n","protected":false},"author":2,"featured_media":0,"comment_status":"closed","ping_status":"closed","sticky":false,"template":"","format":"standard","meta":[],"categories":[9],"tags":[],"_links":{"self":[{"href":"http:\/\/archiv.szolnoktv.hu\/index.php?rest_route=\/wp\/v2\/posts\/9742"}],"collection":[{"href":"http:\/\/archiv.szolnoktv.hu\/index.php?rest_route=\/wp\/v2\/posts"}],"about":[{"href":"http:\/\/archiv.szolnoktv.hu\/index.php?rest_route=\/wp\/v2\/types\/post"}],"author":[{"embeddable":true,"href":"http:\/\/archiv.szolnoktv.hu\/index.php?rest_route=\/wp\/v2\/users\/2"}],"replies":[{"embeddable":true,"href":"http:\/\/archiv.szolnoktv.hu\/index.php?rest_route=%2Fwp%2Fv2%2Fcomments&post=9742"}],"version-history":[{"count":1,"href":"http:\/\/archiv.szolnoktv.hu\/index.php?rest_route=\/wp\/v2\/posts\/9742\/revisions"}],"predecessor-version":[{"id":9793,"href":"http:\/\/archiv.szolnoktv.hu\/index.php?rest_route=\/wp\/v2\/posts\/9742\/revisions\/9793"}],"wp:attachment":[{"href":"http:\/\/archiv.szolnoktv.hu\/index.php?rest_route=%2Fwp%2Fv2%2Fmedia&parent=9742"}],"wp:term":[{"taxonomy":"category","embeddable":true,"href":"http:\/\/archiv.szolnoktv.hu\/index.php?rest_route=%2Fwp%2Fv2%2Fcategories&post=9742"},{"taxonomy":"post_tag","embeddable":true,"href":"http:\/\/archiv.szolnoktv.hu\/index.php?rest_route=%2Fwp%2Fv2%2Ftags&post=9742"}],"curies":[{"name":"wp","href":"https:\/\/api.w.org\/{rel}","templated":true}]}}