{"id":9740,"date":"2018-08-02T18:55:59","date_gmt":"2018-08-02T18:55:59","guid":{"rendered":"http:\/\/archiv.szolnoktv.hu\/?p=9740"},"modified":"2021-08-14T15:32:04","modified_gmt":"2021-08-14T15:32:04","slug":"sirokra-bukkantak-az-asatason","status":"publish","type":"post","link":"http:\/\/archiv.szolnoktv.hu\/?p=9740","title":{"rendered":"S\u00edrokra bukkantak az \u00e1sat\u00e1son"},"content":{"rendered":"<div class='booster-block booster-read-block'><\/div><p>A k\u00e1nikula ellen\u00e9re is folytat\u00f3dnak az \u00e1sat\u00e1sok a M\u0171v\u00e9sztelepen. Szerd\u00e1n egy ny\u00fajtott helyzet\u0171, keleti t\u00e1jol\u00e1s\u00fa, feln\u0151tt s\u00edrt tal\u00e1ltak.<\/p>\n<p>-Eddig ez az \u00f6t\u00f6dik s\u00edrunk. Kett\u0151 gyermek s\u00edrt \u00e9s h\u00e1rom feln\u0151tt s\u00edrt tal\u00e1ltunk eddig. Ez egy temet\u0151, nyilv\u00e1nval\u00f3. Egy olyan temet\u0151, amit az egykori dzs\u00e1mib\u00f3l \u00e1talak\u00edtott kereszt\u00e9ny templom k\u00f6r\u00e9 alak\u00edtottak ki \u00e9s \u00f6t s\u00edrt tal\u00e1ltunk ebben az \u00e1sat\u00e1si kamp\u00e1nyban. Azt gondolom, ez a temet\u0151 \u00e9szaki sz\u00e9le m\u00e1r.&#8221; -nyilatkozta Dr. Kert\u00e9sz R\u00f3bert r\u00e9g\u00e9sz.<\/p>\n<p>A dzs\u00e1mi a mohamed\u00e1n vall\u00e1s\u00faak temploma \u00e9s a t\u00f6r\u00f6k\u00f6k eml\u00e9k\u00e9t \u0151rzi, m\u00e9g az 1550-es \u00e9vekb\u0151l. A temet\u0151t azonban nem \u0151k hozt\u00e1k l\u00e9tre.<\/p>\n<p>-Ez a R\u00e1k\u00f3czi-kor id\u0151szaka, amikor 1703-ban elfoglalj\u00e1k Szolnokot a cs\u00e1sz\u00e1ri csapatokt\u00f3l \u00e9s 1710-ig a kurucok tartj\u00e1k t\u00f6bb\u00e9-kev\u00e9sb\u00e9 a kez\u00fckben Szolnokot. Vannak id\u0151szakok, mikor a cs\u00e1sz\u00e1ri csapatok visszafoglalj\u00e1k, de jobb\u00e1ra kuruc k\u00e9zen van Szolnok \u00e9s ehhez az id\u0151szakhoz kapcsol\u00f3dnak a temetkez\u00e9sek.&#8221;<\/p>\n<p>A kurucok f\u0151k\u00e9nt reform\u00e1tusok voltak. A temet\u0151j\u00fcket az egykori dzs\u00e1mib\u00f3l \u00e1talak\u00edtott kereszt\u00e9ny templom k\u00f6r\u00e9 hozt\u00e1k l\u00e9tre. A M\u0171v\u00e9sztelepen jelenleg egy m\u00e1sik jelent\u0151s lelet , egy 17.sz\u00e1zadi, h\u00e1romosztat\u00fa \u00e9p\u00fclet f\u00f6lt\u00e1r\u00e1s\u00e1t \u00e9s annak k\u00fcls\u0151, j\u00e1r\u00f3szintjeit bontj\u00e1k ki. Dr. Kert\u00e9sz R\u00f3bert azt is elmondta, \u00fajabb s\u00edrokra m\u00e1r nem sz\u00e1m\u00edtanak az egykori v\u00e1r ter\u00fclet\u00e9n.<br \/>\n<br \/>\n<div style=\"width: 640px;\" class=\"wp-video\"><!--[if lt IE 9]><script>document.createElement('video');<\/script><![endif]-->\n<video class=\"wp-video-shortcode\" id=\"video-9740-1\" width=\"640\" height=\"360\" preload=\"metadata\" controls=\"controls\"><source type=\"video\/mp4\" src=\"\/spots\/hir\/hir_180802_06.mp4?_=1\" \/><a href=\"\/spots\/hir\/hir_180802_06.mp4\">\/spots\/hir\/hir_180802_06.mp4<\/a><\/video><\/div><\/p>\n","protected":false},"excerpt":{"rendered":"<p>A k\u00e1nikula ellen\u00e9re is folytat\u00f3dnak az \u00e1sat\u00e1sok a M\u0171v\u00e9sztelepen. Szerd\u00e1n egy ny\u00fajtott helyzet\u0171, keleti t\u00e1jol\u00e1s\u00fa, feln\u0151tt s\u00edrt tal\u00e1ltak. -Eddig ez az \u00f6t\u00f6dik s\u00edrunk. Kett\u0151 gyermek s\u00edrt \u00e9s h\u00e1rom feln\u0151tt s\u00edrt tal\u00e1ltunk eddig. Ez egy temet\u0151, nyilv\u00e1nval\u00f3. Egy olyan temet\u0151, amit az egykori dzs\u00e1mib\u00f3l \u00e1talak\u00edtott kereszt\u00e9ny templom k\u00f6r\u00e9 alak\u00edtottak ki \u00e9s \u00f6t s\u00edrt tal\u00e1ltunk ebben az [&hellip;]<\/p>\n","protected":false},"author":2,"featured_media":0,"comment_status":"closed","ping_status":"closed","sticky":false,"template":"","format":"standard","meta":[],"categories":[9],"tags":[],"_links":{"self":[{"href":"http:\/\/archiv.szolnoktv.hu\/index.php?rest_route=\/wp\/v2\/posts\/9740"}],"collection":[{"href":"http:\/\/archiv.szolnoktv.hu\/index.php?rest_route=\/wp\/v2\/posts"}],"about":[{"href":"http:\/\/archiv.szolnoktv.hu\/index.php?rest_route=\/wp\/v2\/types\/post"}],"author":[{"embeddable":true,"href":"http:\/\/archiv.szolnoktv.hu\/index.php?rest_route=\/wp\/v2\/users\/2"}],"replies":[{"embeddable":true,"href":"http:\/\/archiv.szolnoktv.hu\/index.php?rest_route=%2Fwp%2Fv2%2Fcomments&post=9740"}],"version-history":[{"count":1,"href":"http:\/\/archiv.szolnoktv.hu\/index.php?rest_route=\/wp\/v2\/posts\/9740\/revisions"}],"predecessor-version":[{"id":9795,"href":"http:\/\/archiv.szolnoktv.hu\/index.php?rest_route=\/wp\/v2\/posts\/9740\/revisions\/9795"}],"wp:attachment":[{"href":"http:\/\/archiv.szolnoktv.hu\/index.php?rest_route=%2Fwp%2Fv2%2Fmedia&parent=9740"}],"wp:term":[{"taxonomy":"category","embeddable":true,"href":"http:\/\/archiv.szolnoktv.hu\/index.php?rest_route=%2Fwp%2Fv2%2Fcategories&post=9740"},{"taxonomy":"post_tag","embeddable":true,"href":"http:\/\/archiv.szolnoktv.hu\/index.php?rest_route=%2Fwp%2Fv2%2Ftags&post=9740"}],"curies":[{"name":"wp","href":"https:\/\/api.w.org\/{rel}","templated":true}]}}