{"id":9737,"date":"2018-08-02T18:47:25","date_gmt":"2018-08-02T18:47:25","guid":{"rendered":"http:\/\/archiv.szolnoktv.hu\/?p=9737"},"modified":"2021-08-14T15:32:05","modified_gmt":"2021-08-14T15:32:05","slug":"iden-erdelyben-sul-a-karpat-medence-kenyere","status":"publish","type":"post","link":"http:\/\/archiv.szolnoktv.hu\/?p=9737","title":{"rendered":"Id\u00e9n Erd\u00e9lyben s\u00fcl a K\u00e1rp\u00e1t-medence Kenyere"},"content":{"rendered":"<div class='booster-block booster-read-block'><\/div><p>Tavaly t\u00f6bb, mint 12 \u00f3r\u00e1s munka ut\u00e1n \u00edgy vett\u00fck ki a K\u00e1rp\u00e1t-medence kenyer\u00e9t. Az \u00f6sszetartoz\u00e1s szimb\u00f3luma ez\u00fattal is megs\u00fcl, de a M\u0171v\u00e9sztelep fel\u00faj\u00edt\u00e1sa miatt nem Szolnokon, hanem  &#8211;   \u00fagy, mint az els\u0151 k\u00e9t \u00e9vben  &#8211;   Sepsiszentgy\u00f6rgy\u00f6n.<\/p>\n<p>-J\u00f3 h\u00e1zigazdak\u00e9nt nagyon sz\u00edvesen v\u00e1runk mindenkit augusztus 18-\u00e1n Sepsiszentgy\u00f6rgyre, rem\u00e9lj\u00fck, hogy m\u00e9lt\u00f3 h\u00e1zigazd\u00e1i tudunk lenni ennek az \u00fcnneps\u00e9gnek, ami most m\u00e1r 8 \u00e9ve, hogy tart. Rem\u00e9lem, hogy j\u00f3l fog siker\u00fclni \u00e9s mindenki meg lesz el\u00e9gedve a keny\u00e9rre l is.&#8221;  &#8211;   mondta Di\u00f3szegi L\u00e1szl\u00f3 tulajdonos, p\u00e9kmester, Di\u00f3szegi P\u00e9ks\u00e9g Sepsiszentgy\u00f6rgy.<\/p>\n<p>Erd\u00e9lybe v\u00e1rjuk a programban r\u00e9sztvev\u0151, hat\u00e1ron t\u00fali v\u00e1rosok m\u00e1r j\u00f3l ismert p\u00e9keit &#8211; Zent\u00e1r\u00f3l, Beregsz\u00e1szr\u00f3l \u00e9s Kom\u00e1romb\u00f3l, akik a szentgy\u00f6rgyiekkel egy\u00fctt ism\u00e9t k\u00f6z\u00f6sen dagaszthatj\u00e1k, gy\u00farhatj\u00e1k, s\u00fcthetik a kenyeret. Pontosabban kenyereket, hiszen H\u00e1romsz\u00e9k sz\u00e9kv\u00e1ros\u00e1ban a Di\u00f3szegi P\u00e9ks\u00e9gben kisebb a kemence, mint Szolnokon, \u00edgy ott nincs lehet\u0151s\u00e9g 350 kilogrammos keny\u00e9r elk\u00e9sz\u00edt\u00e9s\u00e9re.<\/p>\n<p>-\u00c9n most \u00fagy terveztem, hogy 100 kil\u00f3s kenyeret fogunk s\u00fctni Szolnoknak, 100 kil\u00f3s keny\u00e9r marad Sepsiszentgy\u00f6rgy\u00f6n \u00e9s a testv\u00e9rv\u00e1rosoknak ilyen 30-40-50 kil\u00f3s kenyereket fogunk sz\u00e9tosztani.&#8221;  &#8211;   tette hozz\u00e1 Di\u00f3szegi L\u00e1szl\u00f3.<\/p>\n<p>T\u00f6bb 100 kilogrammos keny\u00e9r s\u00fcl majd, kett\u0151 \u00e9rkezik Szolnokra  &#8211;   ez most kicsit kisebb lesz, mint a kor\u00e1bbi \u00e9vekben megszokott, de az \u00f6sszetartoz\u00e1s ett\u0151l szemernyit sem gyeng\u00fcl.<\/p>\n<p>-Ami mi sz\u00e1munkra nem \u00f3ri\u00e1si az gyakorlatilag m\u00e9g mindig \u00f3ri\u00e1si, t\u00f6bb, mint 1 m\u00e1zs\u00e1s keny\u00e9r fog \u00e9rkezni Sepsiszentgy\u00f6rgyr\u0151l \u00e9s ebb\u0151l mindj\u00e1rt kett\u0151t is hozunk, mert a hossz\u00fa \u00e9vek tapasztalatai azt mutatj\u00e1k, hogy a 200 kilogramm keny\u00e9r pillanatok alatt elfogy Szolnokon, teh\u00e1t ezt a k\u00e9t kenyeret fogjuk megszentelni, felszegni \u00e9s sz\u00e9tosztani az emberek k\u00f6z\u00f6tt.&#8221;  &#8211;   mondta Szekeres S\u00e1ndor szervez\u0151, Szolnok Telev\u00edzi\u00f3.<\/p>\n<p>A keny\u00e9rhez id\u00e9n is alf\u00f6ldi lisztet, felvid\u00e9ki pity\u00f3k\u00e1t, vajdas\u00e1gi kov\u00e1szt \u00e9s k\u00e1rp\u00e1taljai forr\u00e1svizet haszn\u00e1lunk no \u00e9s persze parajdi s\u00f3t. Az \u00fcnneps\u00e9gre Telev\u00edzi\u00f3nk is k\u00e9sz\u00fcl, \u00e9l\u0151ben k\u00f6zvet\u00edtj\u00fck majd a Szentmis\u00e9t a V\u00e1rtemplomb\u00f3l, a v\u00edzi \u00e9s l\u00e9gi par\u00e1d\u00e9t, a K\u00e1rp\u00e1t-medence kenyer\u00e9nek megszentel\u00e9s\u00e9t, felszeg\u00e9s\u00e9t \u00e9s sz\u00e9toszt\u00e1s\u00e1t valamint a t\u0171zij\u00e1t\u00e9kot is. Id\u00e9n sem maradhat el a kisp\u00e9kverseny, melyre minden 14 \u00e9ven aluli gyerk\u0151c\u00f6t v\u00e1runk.<br \/>\n<br \/>\n<div style=\"width: 640px;\" class=\"wp-video\"><!--[if lt IE 9]><script>document.createElement('video');<\/script><![endif]-->\n<video class=\"wp-video-shortcode\" id=\"video-9737-1\" width=\"640\" height=\"360\" preload=\"metadata\" controls=\"controls\"><source type=\"video\/mp4\" src=\"\/spots\/hir\/hir_180802_03_1.mp4?_=1\" \/><a href=\"\/spots\/hir\/hir_180802_03_1.mp4\">\/spots\/hir\/hir_180802_03_1.mp4<\/a><\/video><\/div><\/p>\n","protected":false},"excerpt":{"rendered":"<p>Tavaly t\u00f6bb, mint 12 \u00f3r\u00e1s munka ut\u00e1n \u00edgy vett\u00fck ki a K\u00e1rp\u00e1t-medence kenyer\u00e9t. Az \u00f6sszetartoz\u00e1s szimb\u00f3luma ez\u00fattal is megs\u00fcl, de a M\u0171v\u00e9sztelep fel\u00faj\u00edt\u00e1sa miatt nem Szolnokon, hanem &#8211; \u00fagy, mint az els\u0151 k\u00e9t \u00e9vben &#8211; Sepsiszentgy\u00f6rgy\u00f6n. -J\u00f3 h\u00e1zigazdak\u00e9nt nagyon sz\u00edvesen v\u00e1runk mindenkit augusztus 18-\u00e1n Sepsiszentgy\u00f6rgyre, rem\u00e9lj\u00fck, hogy m\u00e9lt\u00f3 h\u00e1zigazd\u00e1i tudunk lenni ennek az \u00fcnneps\u00e9gnek, ami [&hellip;]<\/p>\n","protected":false},"author":2,"featured_media":0,"comment_status":"closed","ping_status":"closed","sticky":false,"template":"","format":"standard","meta":[],"categories":[9],"tags":[],"_links":{"self":[{"href":"http:\/\/archiv.szolnoktv.hu\/index.php?rest_route=\/wp\/v2\/posts\/9737"}],"collection":[{"href":"http:\/\/archiv.szolnoktv.hu\/index.php?rest_route=\/wp\/v2\/posts"}],"about":[{"href":"http:\/\/archiv.szolnoktv.hu\/index.php?rest_route=\/wp\/v2\/types\/post"}],"author":[{"embeddable":true,"href":"http:\/\/archiv.szolnoktv.hu\/index.php?rest_route=\/wp\/v2\/users\/2"}],"replies":[{"embeddable":true,"href":"http:\/\/archiv.szolnoktv.hu\/index.php?rest_route=%2Fwp%2Fv2%2Fcomments&post=9737"}],"version-history":[{"count":1,"href":"http:\/\/archiv.szolnoktv.hu\/index.php?rest_route=\/wp\/v2\/posts\/9737\/revisions"}],"predecessor-version":[{"id":9798,"href":"http:\/\/archiv.szolnoktv.hu\/index.php?rest_route=\/wp\/v2\/posts\/9737\/revisions\/9798"}],"wp:attachment":[{"href":"http:\/\/archiv.szolnoktv.hu\/index.php?rest_route=%2Fwp%2Fv2%2Fmedia&parent=9737"}],"wp:term":[{"taxonomy":"category","embeddable":true,"href":"http:\/\/archiv.szolnoktv.hu\/index.php?rest_route=%2Fwp%2Fv2%2Fcategories&post=9737"},{"taxonomy":"post_tag","embeddable":true,"href":"http:\/\/archiv.szolnoktv.hu\/index.php?rest_route=%2Fwp%2Fv2%2Ftags&post=9737"}],"curies":[{"name":"wp","href":"https:\/\/api.w.org\/{rel}","templated":true}]}}