{"id":9736,"date":"2018-08-02T18:33:19","date_gmt":"2018-08-02T18:33:19","guid":{"rendered":"http:\/\/archiv.szolnoktv.hu\/?p=9736"},"modified":"2021-08-14T15:32:05","modified_gmt":"2021-08-14T15:32:05","slug":"agrarkarok-eddig-11-hektaron","status":"publish","type":"post","link":"http:\/\/archiv.szolnoktv.hu\/?p=9736","title":{"rendered":"Agr\u00e1rk\u00e1rok eddig 11 hekt\u00e1ron"},"content":{"rendered":"<div class='booster-block booster-read-block'><\/div><p>Mez\u0151gazdas\u00e1gi \u00e1rv\u00edzk\u00e1ron k\u00edv\u00fcl t\u00e9rs\u00e9g\u00fcnkben minden egy\u00e9b el\u0151fordult ebben a gazdas\u00e1gi \u00e9vben  &#8211;   volt fagy, asz\u00e1ly, vihar, j\u00e9gver\u00e9s. Azt m\u00e9g nem lehet tudni, hogy a term\u00e9szet er\u0151i pontosan mekkora k\u00e1rokat okoztak a gazd\u00e1lkod\u00f3knak, \u00e9s ezzel egy\u00fctt az eg\u00e9sz nemzetgazdas\u00e1gnak, azt viszont m\u00e1r igen, hogy a megy\u00e9b\u0151l eddig 11 ezer hekt\u00e1rr\u00f3l \u00e9rkezett k\u00e1rbejelent\u00e9s az illet\u00e9kes hat\u00f3s\u00e1ghoz. A term\u00e9skies\u00e9s m\u00e9rt\u00e9k\u00e9t \u00e9s a t\u00e9nyleges anyagi k\u00e1rokat csak a gazd\u00e1lkod\u00e1si \u00e9v v\u00e9g\u00e9n lehet majd meg\u00e1llap\u00edtani. A gazd\u00e1lkod\u00f3knak most csak annyit tehetnek, hogy bejelentik a ter\u00fclet\u00fck\u00f6n \u00e9szlelt k\u00e1rt. -Agr\u00e1r k\u00e1renyh\u00edt\u00e9st akkor ig\u00e9nyelhet a gazd\u00e1lkod\u00f3, ha a k\u00e1rosod\u00e1ssal \u00e9rintett ter\u00fcleten a hozamkies\u00e9s meghaladja a 30%-ot.&#8221; &#8211; mondta az Aktu\u00e1lisnak Holl\u00f3 L\u00e1szl\u00f3. A Szolnoki J\u00e1r\u00e1si Hivatal agr\u00e1r\u00fcgyi f\u0151oszt\u00e1lyvezet\u0151je hozz\u00e1tette azt is, hogy ahhoz, hogy a gazda jogosults\u00e1g eset\u00e9n k\u00e1renyh\u00edt\u00e9st kaphasson, magyar\u00e1n bizonyos m\u00e9rt\u00e9kben m\u00e9rs\u00e9kelni tudja az \u0151t \u00e9rt anyagi k\u00e1rt, k\u00fcl\u00f6n bejelent\u00e9st kell tennie november 30-ig. A k\u00e1renyh\u00edt\u00e9s m\u00e9rt\u00e9k\u00e9t a Magyar \u00c1llamkincst\u00e1r sz\u00e1molja ki \u00e9s gondoskodik a kifizet\u00e9sr\u0151l is.<br \/>\n<br \/>\n<div style=\"width: 640px;\" class=\"wp-video\"><!--[if lt IE 9]><script>document.createElement('video');<\/script><![endif]-->\n<video class=\"wp-video-shortcode\" id=\"video-9736-1\" width=\"640\" height=\"360\" preload=\"metadata\" controls=\"controls\"><source type=\"video\/mp4\" src=\"\/spots\/hir\/hir_180802_02.mp4?_=1\" \/><a href=\"\/spots\/hir\/hir_180802_02.mp4\">\/spots\/hir\/hir_180802_02.mp4<\/a><\/video><\/div><\/p>\n","protected":false},"excerpt":{"rendered":"<p>Mez\u0151gazdas\u00e1gi \u00e1rv\u00edzk\u00e1ron k\u00edv\u00fcl t\u00e9rs\u00e9g\u00fcnkben minden egy\u00e9b el\u0151fordult ebben a gazdas\u00e1gi \u00e9vben &#8211; volt fagy, asz\u00e1ly, vihar, j\u00e9gver\u00e9s. Azt m\u00e9g nem lehet tudni, hogy a term\u00e9szet er\u0151i pontosan mekkora k\u00e1rokat okoztak a gazd\u00e1lkod\u00f3knak, \u00e9s ezzel egy\u00fctt az eg\u00e9sz nemzetgazdas\u00e1gnak, azt viszont m\u00e1r igen, hogy a megy\u00e9b\u0151l eddig 11 ezer hekt\u00e1rr\u00f3l \u00e9rkezett k\u00e1rbejelent\u00e9s az illet\u00e9kes hat\u00f3s\u00e1ghoz. A [&hellip;]<\/p>\n","protected":false},"author":2,"featured_media":0,"comment_status":"closed","ping_status":"closed","sticky":false,"template":"","format":"standard","meta":[],"categories":[9],"tags":[],"_links":{"self":[{"href":"http:\/\/archiv.szolnoktv.hu\/index.php?rest_route=\/wp\/v2\/posts\/9736"}],"collection":[{"href":"http:\/\/archiv.szolnoktv.hu\/index.php?rest_route=\/wp\/v2\/posts"}],"about":[{"href":"http:\/\/archiv.szolnoktv.hu\/index.php?rest_route=\/wp\/v2\/types\/post"}],"author":[{"embeddable":true,"href":"http:\/\/archiv.szolnoktv.hu\/index.php?rest_route=\/wp\/v2\/users\/2"}],"replies":[{"embeddable":true,"href":"http:\/\/archiv.szolnoktv.hu\/index.php?rest_route=%2Fwp%2Fv2%2Fcomments&post=9736"}],"version-history":[{"count":1,"href":"http:\/\/archiv.szolnoktv.hu\/index.php?rest_route=\/wp\/v2\/posts\/9736\/revisions"}],"predecessor-version":[{"id":9799,"href":"http:\/\/archiv.szolnoktv.hu\/index.php?rest_route=\/wp\/v2\/posts\/9736\/revisions\/9799"}],"wp:attachment":[{"href":"http:\/\/archiv.szolnoktv.hu\/index.php?rest_route=%2Fwp%2Fv2%2Fmedia&parent=9736"}],"wp:term":[{"taxonomy":"category","embeddable":true,"href":"http:\/\/archiv.szolnoktv.hu\/index.php?rest_route=%2Fwp%2Fv2%2Fcategories&post=9736"},{"taxonomy":"post_tag","embeddable":true,"href":"http:\/\/archiv.szolnoktv.hu\/index.php?rest_route=%2Fwp%2Fv2%2Ftags&post=9736"}],"curies":[{"name":"wp","href":"https:\/\/api.w.org\/{rel}","templated":true}]}}