{"id":9643,"date":"2018-07-26T19:14:06","date_gmt":"2018-07-26T19:14:06","guid":{"rendered":"http:\/\/archiv.szolnoktv.hu\/?p=9643"},"modified":"2021-08-14T15:22:47","modified_gmt":"2021-08-14T15:22:47","slug":"hiany-van-a-gyermekapolokbol","status":"publish","type":"post","link":"http:\/\/archiv.szolnoktv.hu\/?p=9643","title":{"rendered":"Hi\u00e1ny van a gyermek\u00e1pol\u00f3kb\u00f3l"},"content":{"rendered":"<div class='booster-block booster-read-block'><\/div><p>Egy 2018-as kimutat\u00e1s szerint J\u00e1sz-Nagykun Szolnok megy\u00e9ben kev\u00e9s a csecsem\u0151 \u00e9s gyermek\u00e1pol\u00f3. A Het\u00e9nyi G\u00e9za K\u00f3rh\u00e1z gyermekoszt\u00e1ly\u00e1nak 3 emelet\u00e9re \u00e9s  7 r\u00e9szleg\u00e9re, ahol \u00f6sszesen 138 gyermek\u00e1gy van elk\u00e9lne m\u00e9g a szakember. <\/p>\n<p>,,Legal\u00e1bb 20 szakdolgoz\u00f3 kellene m\u00e9g ahhoz, hogy teljes kompetenci\u00e1val illetve k\u00fcl\u00f6nb\u00f6z\u0151 szakv\u00e9gz\u00e9seknek megfelel\u0151 kompetenci\u00e1val. Ebben nyilv\u00e1n magasabb fels\u0151fok\u00fa k\u00e9pzetts\u00e9gekre is gondolok. Nyilv\u00e1n att\u00f3l f\u00fcgg, hogy melyik szakter\u00fclet\u00fcnkre kellene az ut\u00e1np\u00f3tl\u00e1s.&#8221;-mondta: Dank\u00f3 Zsuzsanna, oszt\u00e1lyvezet\u0151 \u00e1pol\u00f3, J\u00e1sz-Nagykun-Szolnok Megyei Het\u00e9nyi G\u00e9za K\u00f3rh\u00e1z-Rendel\u0151int\u00e9zet <\/p>\n<p>A gyermekoszt\u00e1lyon a kis betegek mellett a szob\u00e1ban helyet biztos\u00edtanak egy csal\u00e1dtagnak, aki bent t\u00f6ltheti vele az \u00e9jszak\u00e1t. A folyos\u00f3kat mes\u00e9s rajzok d\u00edsz\u00edtik \u00e9s az \u00e1pol\u00f3k sz\u00ednes p\u00f3l\u00f3kat hordanak. A dolgoz\u00f3k mindent megtesznek, hogy traumamentes legyen a kicsik gy\u00f3gyul\u00e1sa.<\/p>\n<p>,,Ez egy olyan seg\u00edt\u0151 szakma, amihez kell egy fajta r\u00e1hangol\u00f3d\u00e1s. <br \/>Kell mindenf\u00e9lek\u00e9ppen az ember a betegember szeretete.<br \/>Nyilv\u00e1n, mint gyerek\u00e1pol\u00f3 azt mondom, hogy a gyerekek szeretete. <br \/>Mindenf\u00e9lek\u00e9ppen \u00e9n azt gondolom, hogy a tanul\u00f3i \u00e9vek alatt lehet hangol\u00f3dni erre a ter\u00fcletre, de kell, hogy egy bels\u0151 inditat\u00e1s ir\u00e1ny\u00edtsa a p\u00e1lyav\u00e1laszt\u00e1st.&#8221;-mondta Dank\u00f3 Zsuzsanna, oszt\u00e1lyvezet\u0151 \u00e1pol\u00f3, J\u00e1sz-Nagykun-Szolnok Megyei Het\u00e9nyi G\u00e9za K\u00f3rh\u00e1z-Rendel\u0151int\u00e9zet <\/p>\n<p> Sz\u00e1mos lehet\u0151s\u00e9g \u00e9s m\u00f3dszer van a  gyerekek lefoglal\u00e1s\u00e1ra \u00e9s felvid\u00edt\u00e1s\u00e1ra. Ilyen p\u00e9ld\u00e1ul a meseolvas\u00e1s., aminek sz\u00e1mos pozit\u00edv hat\u00e1sa van. Amikor a gyermek a t\u00f6rt\u00e9netet hallgatja, nemcsak a mes\u00e9l\u0151re, hanem befel\u00e9 is figyel: fant\u00e1ziak\u00e9peket alkot, ami seg\u00edti \u0151t a felgy\u0171lt bels\u0151 fesz\u00fclts\u00e9gei, negat\u00edv \u00e9rz\u00e9sei, f\u00e9lelmei feldolgoz\u00e1s\u00e1ban. Ak\u00e1r di\u00e1kok is olvashatnak nekik. A k\u00f6z\u00e9piskol\u00e1sok ugyanis  az 50 \u00f3ra k\u00f6z\u00f6ss\u00e9gi szolg\u00e1lat r\u00e9szek\u00e9nt  mes\u00e9lhetnek a kicsiknek, vagy egy\u00e9b munk\u00e1kba is beseg\u00edthetnek. <\/p>\n<div style=\"width: 640px;\" class=\"wp-video\"><!--[if lt IE 9]><script>document.createElement('video');<\/script><![endif]-->\n<video class=\"wp-video-shortcode\" id=\"video-9643-1\" width=\"640\" height=\"360\" preload=\"metadata\" controls=\"controls\"><source type=\"video\/mp4\" src=\"\/spots\/hir\/hir_180726_01.mp4?_=1\" \/><a href=\"\/spots\/hir\/hir_180726_01.mp4\">\/spots\/hir\/hir_180726_01.mp4<\/a><\/video><\/div>\n","protected":false},"excerpt":{"rendered":"<p>Egy 2018-as kimutat\u00e1s szerint J\u00e1sz-Nagykun Szolnok megy\u00e9ben kev\u00e9s a csecsem\u0151 \u00e9s gyermek\u00e1pol\u00f3. A Het\u00e9nyi G\u00e9za K\u00f3rh\u00e1z gyermekoszt\u00e1ly\u00e1nak 3 emelet\u00e9re \u00e9s 7 r\u00e9szleg\u00e9re, ahol \u00f6sszesen 138 gyermek\u00e1gy van elk\u00e9lne m\u00e9g a szakember. ,,Legal\u00e1bb 20 szakdolgoz\u00f3 kellene m\u00e9g ahhoz, hogy teljes kompetenci\u00e1val illetve k\u00fcl\u00f6nb\u00f6z\u0151 szakv\u00e9gz\u00e9seknek megfelel\u0151 kompetenci\u00e1val. Ebben nyilv\u00e1n magasabb fels\u0151fok\u00fa k\u00e9pzetts\u00e9gekre is gondolok. Nyilv\u00e1n att\u00f3l f\u00fcgg, [&hellip;]<\/p>\n","protected":false},"author":2,"featured_media":0,"comment_status":"closed","ping_status":"closed","sticky":false,"template":"","format":"standard","meta":[],"categories":[9],"tags":[],"_links":{"self":[{"href":"http:\/\/archiv.szolnoktv.hu\/index.php?rest_route=\/wp\/v2\/posts\/9643"}],"collection":[{"href":"http:\/\/archiv.szolnoktv.hu\/index.php?rest_route=\/wp\/v2\/posts"}],"about":[{"href":"http:\/\/archiv.szolnoktv.hu\/index.php?rest_route=\/wp\/v2\/types\/post"}],"author":[{"embeddable":true,"href":"http:\/\/archiv.szolnoktv.hu\/index.php?rest_route=\/wp\/v2\/users\/2"}],"replies":[{"embeddable":true,"href":"http:\/\/archiv.szolnoktv.hu\/index.php?rest_route=%2Fwp%2Fv2%2Fcomments&post=9643"}],"version-history":[{"count":1,"href":"http:\/\/archiv.szolnoktv.hu\/index.php?rest_route=\/wp\/v2\/posts\/9643\/revisions"}],"predecessor-version":[{"id":9652,"href":"http:\/\/archiv.szolnoktv.hu\/index.php?rest_route=\/wp\/v2\/posts\/9643\/revisions\/9652"}],"wp:attachment":[{"href":"http:\/\/archiv.szolnoktv.hu\/index.php?rest_route=%2Fwp%2Fv2%2Fmedia&parent=9643"}],"wp:term":[{"taxonomy":"category","embeddable":true,"href":"http:\/\/archiv.szolnoktv.hu\/index.php?rest_route=%2Fwp%2Fv2%2Fcategories&post=9643"},{"taxonomy":"post_tag","embeddable":true,"href":"http:\/\/archiv.szolnoktv.hu\/index.php?rest_route=%2Fwp%2Fv2%2Ftags&post=9643"}],"curies":[{"name":"wp","href":"https:\/\/api.w.org\/{rel}","templated":true}]}}