{"id":9484,"date":"2018-07-05T14:36:14","date_gmt":"2018-07-05T14:36:14","guid":{"rendered":"http:\/\/archiv.szolnoktv.hu\/?p=9484"},"modified":"2021-08-14T14:49:40","modified_gmt":"2021-08-14T14:49:40","slug":"allatotthonba-kerul-a-kobor-kutya","status":"publish","type":"post","link":"http:\/\/archiv.szolnoktv.hu\/?p=9484","title":{"rendered":"\u00c1llatotthonba ker\u00fcl a k\u00f3bor kutya"},"content":{"rendered":"<div class='booster-block booster-read-block'><\/div><p>Panni a nemr\u00e9giben Szolnokon megjelent kan k\u00f3bor kutya a Dr. Sebest\u00e9ny Gyula, Bimb\u00f3 \u00e9s Liliom \u00fat k\u00f6rny\u00e9k\u00e9n s\u00e9t\u00e1ltatja mag\u00e1t m\u00e1r hetek \u00f3ta. A kutyabar\u00e1tok  etetik, s\u0151t azt is kider\u00edtett\u00e9k , hogy chipezett. A felv\u00e9teleket is az ott \u00e9l\u0151k k\u00e9sz\u00edtett\u00e9k. <br \/>Inform\u00e1ci\u00f3ik szerint egy  pilisi gazda szabadult meg Szolnokon egykori kedvenc\u00e9t\u0151l.<\/p>\n<p> Tarpai Enik\u0151 vezet\u0151 Szolnok V\u00e1rosi \u00c1llatotthon Alap\u00edtv\u00e1ny Telephelye: <\/p>\n<p>K\u00f6z\u00f6ss\u00e9gi oldalon \u00e9rtes\u00fcltem \u00e9n is arr\u00f3l, hogy egy civil \u00e1llatv\u00e9d\u0151 leolvasta a chipet \u00e9s kider\u00fclt, hogy gazd\u00e1s, pilisi kutya, \u00e9s amikor \u00e9rtes\u00edtett\u00e9k, hogy itt a kutya, a gazd\u00e1j\u00e1t egy\u00e1ltal\u00e1n nem \u00e9rdekelte, s\u0151t nagyon rossz tan\u00e1csot adott az \u00e1llatv\u00e9d\u0151knek, hogy mit csin\u00e1ljanak ezzel a kuty\u00e1val. <\/p>\n<p>A gazda ugyanis nem tart ig\u00e9nyt az ebre. <\/p>\n<p>&#8220;Nagyon sok kutyus van sajnos Szolnokon kidobva, de a szolnoki \u00e1llatotthon eg\u00e9sz \u00e9gben telt h\u00e1zzal \u00fczemel \u00e9s csak 40 kennel\u00fcnk van. \u00cdgy nagyon neh\u00e9z kuty\u00e1t behozni, hiszen csak akkor van hely, hogyha norm\u00e1lisan \u00f6r\u00f6kbefogad\u00e1s is t\u00f6rt\u00e9nik. Az elm\u00falt k\u00e9t h\u00e9tben ilyen nem volt, de most vas\u00e1rnap \u00f6r\u00f6kbe fogadtak egy kuty\u00e1t, \u00edgy egy kennel\u00fcnk ki\u00fcr\u00fclt, teh\u00e1t rajta vagyunk, hogy ez a Bimb\u00f3 \u00fati kutyus is beker\u00fclj\u00f6n min\u00e9l hamarabb. -tette hozz\u00e1 a vezet\u0151.<\/p>\n<p>Az\u00e9rt is lenne s\u00fcrget\u0151, mert sokan nem merik leengedni a gyerekeket j\u00e1tszani a gazd\u00e1tlan kutya miatt. <br \/>Egyetlen kutyatart\u00f3nak  a felel\u0151tlens\u00e9ge t\u00f6bb heti  probl\u00e9m\u00e1t okozott  egy lak\u00f3k\u00f6z\u00f6ss\u00e9gnek, \u00e9s tov\u00e1bbi k\u00f6lts\u00e9get a menhelynek. A szolnoki \u00e1llatotthonban l\u00e9v\u0151 70 kutya napi 40 kg t\u00e1pot eszik. Abban b\u00edznak, hogy n\u0151 az \u00f6r\u00f6kbefogad\u00f3 kedv. Panni is gazd\u00e1ra v\u00e1r majd. <\/p>\n<p> Tarpai Enik\u0151 hangs\u00falyozta: <br \/>-&#8220;El\u0151sz\u00f6r is le kell mondatnunk a kuty\u00e1r\u00f3l a gazd\u00e1t, nem el\u00e9g sz\u00f3ban, hanem \u00edr\u00e1sban is. Ut\u00e1na pedig megpr\u00f3b\u00e1ljuk a lehet\u0151s\u00e9geinkhez m\u00e9rten a legjobb helyre \u00f6r\u00f6kbe adni. &#8211;<\/p>\n<p>A telephely vezet\u0151je hangs\u00falyozta, hogy egy \u00f6r\u00f6kbefogad\u00e1ssal k\u00e9t \u00e9letet is megmentenek, az\u00e9t akit hazavisznek \u00e9s az\u00e9t az eb\u00e9t aki annak  hely\u00e9re beker\u00fcl a  kennelbe.<br \/>\n<br \/>\n<div style=\"width: 640px;\" class=\"wp-video\"><!--[if lt IE 9]><script>document.createElement('video');<\/script><![endif]-->\n<video class=\"wp-video-shortcode\" id=\"video-9484-1\" width=\"640\" height=\"360\" preload=\"metadata\" controls=\"controls\"><source type=\"video\/mp4\" src=\"\/spots\/hir\/hir_180705_01.mp4?_=1\" \/><a href=\"\/spots\/hir\/hir_180705_01.mp4\">\/spots\/hir\/hir_180705_01.mp4<\/a><\/video><\/div><\/p>\n","protected":false},"excerpt":{"rendered":"<p>Panni a nemr\u00e9giben Szolnokon megjelent kan k\u00f3bor kutya a Dr. Sebest\u00e9ny Gyula, Bimb\u00f3 \u00e9s Liliom \u00fat k\u00f6rny\u00e9k\u00e9n s\u00e9t\u00e1ltatja mag\u00e1t m\u00e1r hetek \u00f3ta. A kutyabar\u00e1tok etetik, s\u0151t azt is kider\u00edtett\u00e9k , hogy chipezett. A felv\u00e9teleket is az ott \u00e9l\u0151k k\u00e9sz\u00edtett\u00e9k. Inform\u00e1ci\u00f3ik szerint egy pilisi gazda szabadult meg Szolnokon egykori kedvenc\u00e9t\u0151l. Tarpai Enik\u0151 vezet\u0151 Szolnok V\u00e1rosi \u00c1llatotthon [&hellip;]<\/p>\n","protected":false},"author":2,"featured_media":0,"comment_status":"closed","ping_status":"closed","sticky":false,"template":"","format":"standard","meta":[],"categories":[9],"tags":[],"_links":{"self":[{"href":"http:\/\/archiv.szolnoktv.hu\/index.php?rest_route=\/wp\/v2\/posts\/9484"}],"collection":[{"href":"http:\/\/archiv.szolnoktv.hu\/index.php?rest_route=\/wp\/v2\/posts"}],"about":[{"href":"http:\/\/archiv.szolnoktv.hu\/index.php?rest_route=\/wp\/v2\/types\/post"}],"author":[{"embeddable":true,"href":"http:\/\/archiv.szolnoktv.hu\/index.php?rest_route=\/wp\/v2\/users\/2"}],"replies":[{"embeddable":true,"href":"http:\/\/archiv.szolnoktv.hu\/index.php?rest_route=%2Fwp%2Fv2%2Fcomments&post=9484"}],"version-history":[{"count":1,"href":"http:\/\/archiv.szolnoktv.hu\/index.php?rest_route=\/wp\/v2\/posts\/9484\/revisions"}],"predecessor-version":[{"id":9571,"href":"http:\/\/archiv.szolnoktv.hu\/index.php?rest_route=\/wp\/v2\/posts\/9484\/revisions\/9571"}],"wp:attachment":[{"href":"http:\/\/archiv.szolnoktv.hu\/index.php?rest_route=%2Fwp%2Fv2%2Fmedia&parent=9484"}],"wp:term":[{"taxonomy":"category","embeddable":true,"href":"http:\/\/archiv.szolnoktv.hu\/index.php?rest_route=%2Fwp%2Fv2%2Fcategories&post=9484"},{"taxonomy":"post_tag","embeddable":true,"href":"http:\/\/archiv.szolnoktv.hu\/index.php?rest_route=%2Fwp%2Fv2%2Ftags&post=9484"}],"curies":[{"name":"wp","href":"https:\/\/api.w.org\/{rel}","templated":true}]}}