{"id":9483,"date":"2018-07-04T18:02:40","date_gmt":"2018-07-04T18:02:40","guid":{"rendered":"http:\/\/archiv.szolnoktv.hu\/?p=9483"},"modified":"2021-08-14T14:49:41","modified_gmt":"2021-08-14T14:49:41","slug":"18-autobuszjarat-kozlekedik-kerulouton-julius-15-tol","status":"publish","type":"post","link":"http:\/\/archiv.szolnoktv.hu\/?p=9483","title":{"rendered":"18 aut\u00f3buszj\u00e1rat k\u00f6zlekedik ker\u00fcl\u0151\u00faton j\u00falius 15-t\u0151l"},"content":{"rendered":"<div class='booster-block booster-read-block'><\/div><p>A Zagyva-h\u00edd teljes lez\u00e1r\u00e1sa miatt  sz\u00e1mos aut\u00f3buszj\u00e1rat  \u00fatvonala megv\u00e1ltozik. A h\u00eddon ugyanis sem az aut\u00f3k, sem a buszok nem hajthatnak \u00e1t. <\/p>\n<p> P\u00e1sztor J\u00f3zsef koordin\u00e1ci\u00f3s \u00e9s JNSZ Megyei  ter\u00fcleti igazgat\u00f3, KMKK Zrt. : <\/p>\n<p>-&#8220;Ennek k\u00f6vetkezt\u00e9ben a Tallin v\u00e1rosr\u00e9szb\u0151l indul\u00f3 \u00e9s oda \u00e9rkez\u0151 helyi aut\u00f3busz j\u00e1ratok ker\u00fcl\u0151vel, m\u00f3dos\u00edtott \u00fatvonalon \u00e9s m\u00f3dos\u00edtott menetid\u0151vel fognak k\u00f6zlekedni. Els\u0151dlegesen a V\u00e1rosmajor \u00fat , Verseghy \u00fat \u00e9s Szabads\u00e1g t\u00e9r  \u00e9s \u00fagy a V\u00e1rkonyi t\u00e9r fel\u00e9 fognak k\u00f6zlekedni, ezen az \u00fatvonalon. &#8211;<\/p>\n<p>A V\u00e1rosmajor \u00fat fel\u0151l teh\u00e1t valamennyi busz lekanyarodik a Ny\u00e1ri L\u0151rinc h\u00eddr\u00f3l jobbra a P\u00f3lya Tibor \u00fatra  \u00e9s halad a V\u00e1rkonyi t\u00e9r fel\u00e9. <br \/>Ez a v\u00e1ltoz\u00e1s az 1, 1A, 1Y, 20, 21, 31, 37-es j\u00e1ratokat \u00e9rinti. <br \/>Egyed\u00fcl a 2-es , 2y-os busz halad majd \u00e1t a Ny\u00e1ri L\u0151rinc h\u00eddr\u00f3l a Kossuth t\u00e9r fel\u00e9 \u00e9s \u00e1ll meg a Szabads\u00e1g t\u00e9ri meg\u00e1ll\u00f3ban. <br \/>A v\u00e1rosb\u00f3l a V\u00e1rosmajor \u00fat fel\u00e9 azonban a 2-es busz  a  Boldog S\u00e1ndor Istv\u00e1n, majd az Ady Endre \u00fat fel\u0151l hajt r\u00e1 a P\u00f3lya Tibor \u00fatra \u00e9s onnan a Ny\u00e1ri L\u0151rinc h\u00eddon \u00e1t k\u00f6zel\u00edti meg a V\u00e1rosmajor utat. <br \/>A Szabads\u00e1g t\u00e9ri k\u00f6rforgalom \u00e1tereszt\u0151 k\u00e9pess\u00e9gnek optimaliz\u00e1l\u00e1sa \u00e9rdek\u00e9ben a Tisza h\u00eddr\u00f3l \u00e9rkez\u0151 aut\u00f3busz j\u00e1ratok nem hajthatnak be balra a Kossuth t\u00e9r fel\u00e9, hanem a P\u00f3lya Tibor, Ady Endre \u00fat, Boldog S\u00e1ndor Istv\u00e1n \u00fat fel\u00e9 ker\u00fclnek. <br \/>J\u00falius 15-t\u0151l v\u00e1rhat\u00f3an szeptember 15 -ig itt a P\u00f3lya Tibor \u00fati buszmeg\u00e1ll\u00f3ban sem a vid\u00e9ki, sem a helyi j\u00e1rat\u00fa buszok nem \u00e1llnak majd meg . Legk\u00f6zelebb a M\u00f3ra Ferenc \u00fati meg\u00e1ll\u00f3ban sz\u00e1llhatnak le a j\u00e1ratokr\u00f3l. <br \/>A Holt-Tisza partra \u00e9s Szandasz\u0151l\u0151sre k\u00f6zleked\u0151k a Szabads\u00e1g t\u00e9r en sz\u00e1llhatnak fel a buszra, a v\u00e1rosba \u00e9rkez\u0151k azonban ugyancsak a P\u00f3lya Tibor, Ady Endre, Boldog S\u00e1ndor Istv\u00e1n \u00fati ker\u00fcl\u0151vel kell, hogy sz\u00e1moljanak, \u00edgy \u0151k is a M\u00f3ra Ferenc \u00fati meg\u00e1ll\u00f3t haszn\u00e1lj\u00e1k majd.<br \/>A v\u00e1ltoz\u00e1sokr\u00f3l valamennyi \u00e9rintett buszmeg\u00e1ll\u00f3ban t\u00e1j\u00e9koztat\u00f3kat olvashatnak majd \u00e9s a buszt\u00e1rsas\u00e1g honlapj\u00e1n is inform\u00e1l\u00f3dhatnak. INFO:  06-56\/ 514-043<\/p>\n<div style=\"width: 640px;\" class=\"wp-video\"><!--[if lt IE 9]><script>document.createElement('video');<\/script><![endif]-->\n<video class=\"wp-video-shortcode\" id=\"video-9483-1\" width=\"640\" height=\"360\" preload=\"metadata\" controls=\"controls\"><source type=\"video\/mp4\" src=\"\/spots\/hir\/hir_180704_07.mp4?_=1\" \/><a href=\"\/spots\/hir\/hir_180704_07.mp4\">\/spots\/hir\/hir_180704_07.mp4<\/a><\/video><\/div>\n","protected":false},"excerpt":{"rendered":"<p>A Zagyva-h\u00edd teljes lez\u00e1r\u00e1sa miatt sz\u00e1mos aut\u00f3buszj\u00e1rat \u00fatvonala megv\u00e1ltozik. A h\u00eddon ugyanis sem az aut\u00f3k, sem a buszok nem hajthatnak \u00e1t. P\u00e1sztor J\u00f3zsef koordin\u00e1ci\u00f3s \u00e9s JNSZ Megyei ter\u00fcleti igazgat\u00f3, KMKK Zrt. : -&#8220;Ennek k\u00f6vetkezt\u00e9ben a Tallin v\u00e1rosr\u00e9szb\u0151l indul\u00f3 \u00e9s oda \u00e9rkez\u0151 helyi aut\u00f3busz j\u00e1ratok ker\u00fcl\u0151vel, m\u00f3dos\u00edtott \u00fatvonalon \u00e9s m\u00f3dos\u00edtott menetid\u0151vel fognak k\u00f6zlekedni. Els\u0151dlegesen a V\u00e1rosmajor [&hellip;]<\/p>\n","protected":false},"author":2,"featured_media":0,"comment_status":"closed","ping_status":"closed","sticky":false,"template":"","format":"standard","meta":[],"categories":[9],"tags":[],"_links":{"self":[{"href":"http:\/\/archiv.szolnoktv.hu\/index.php?rest_route=\/wp\/v2\/posts\/9483"}],"collection":[{"href":"http:\/\/archiv.szolnoktv.hu\/index.php?rest_route=\/wp\/v2\/posts"}],"about":[{"href":"http:\/\/archiv.szolnoktv.hu\/index.php?rest_route=\/wp\/v2\/types\/post"}],"author":[{"embeddable":true,"href":"http:\/\/archiv.szolnoktv.hu\/index.php?rest_route=\/wp\/v2\/users\/2"}],"replies":[{"embeddable":true,"href":"http:\/\/archiv.szolnoktv.hu\/index.php?rest_route=%2Fwp%2Fv2%2Fcomments&post=9483"}],"version-history":[{"count":1,"href":"http:\/\/archiv.szolnoktv.hu\/index.php?rest_route=\/wp\/v2\/posts\/9483\/revisions"}],"predecessor-version":[{"id":9572,"href":"http:\/\/archiv.szolnoktv.hu\/index.php?rest_route=\/wp\/v2\/posts\/9483\/revisions\/9572"}],"wp:attachment":[{"href":"http:\/\/archiv.szolnoktv.hu\/index.php?rest_route=%2Fwp%2Fv2%2Fmedia&parent=9483"}],"wp:term":[{"taxonomy":"category","embeddable":true,"href":"http:\/\/archiv.szolnoktv.hu\/index.php?rest_route=%2Fwp%2Fv2%2Fcategories&post=9483"},{"taxonomy":"post_tag","embeddable":true,"href":"http:\/\/archiv.szolnoktv.hu\/index.php?rest_route=%2Fwp%2Fv2%2Ftags&post=9483"}],"curies":[{"name":"wp","href":"https:\/\/api.w.org\/{rel}","templated":true}]}}