{"id":9482,"date":"2018-07-04T17:44:16","date_gmt":"2018-07-04T17:44:16","guid":{"rendered":"http:\/\/archiv.szolnoktv.hu\/?p=9482"},"modified":"2021-08-14T14:49:41","modified_gmt":"2021-08-14T14:49:41","slug":"zagyva-hid-felujitas","status":"publish","type":"post","link":"http:\/\/archiv.szolnoktv.hu\/?p=9482","title":{"rendered":"Zagyva-h\u00edd fel\u00faj\u00edt\u00e1s"},"content":{"rendered":"<div class='booster-block booster-read-block'><\/div><p>M\u00falt h\u00e9t elej\u00e9n m\u00e9g a megszokott m\u00f3don k\u00f6zlekedhettek a gyalogosok, biciklisek \u00e9s aut\u00f3sok a Zagyva-h\u00eddon. A fel\u00faj\u00edt\u00e1s j\u00fanius 27-\u00e9n reggel f\u00e9lp\u00e1ly\u00e1s \u00fatz\u00e1r mellett, a Zagyva Cukr\u00e1szda ir\u00e1ny\u00e1b\u00f3l kezd\u0151d\u00f6tt meg a ker\u00e9kp\u00e1r\u00fat aszfaltburkolat\u00e1nak bont\u00e1s\u00e1val. <\/p>\n<p>Narr\u00e1ci\u00f3: Ma m\u00e1r munkaeszk\u00f6z\u00f6kt\u0151l volt hangos a h\u00edd. A fel\u00faj\u00edt\u00e1s el\u0151k\u00e9sz\u00edt\u0151 munk\u00e1latokkal folytat\u00f3dik a h\u00e9ten. A Zagyva-h\u00edd rekonstrukci\u00f3ja a Tallinn-v\u00e1rosr\u00e9szt \u00e9rint\u0151 a t\u00f6bb mint 2,6 milli\u00e1rd forintnyi rehabilit\u00e1ci\u00f3s program els\u0151 etapja. <\/p>\n<p>-Jelenleg is f\u00e9lp\u00e1ly\u00e1n tart a fel\u00faj\u00edt\u00e1s. Az aszfaltburkolat elbont\u00e1sra ker\u00fclt f\u00e9lp\u00e1ly\u00e1n. Ezt a m\u00e1r l\u00e1thatj\u00e1k a k\u00f6zleked\u0151k is. A kiemelt szeg\u00e9lyek elk\u00e9sz\u00edt\u00e9s\u00e9hez a szeg\u00e9lyez\u00e9si el\u0151munk\u00e1latok, valamint a szigetel\u00e9shez az el\u0151k\u00e9sz\u00edt\u00e9si munk\u00e1latok zajlanak.&#8221;- mondta Baranyin\u00e9 S\u00e1rk\u00f6zi Erika a polg\u00e1rmesteri hivatal fejleszt\u00e9si igazgat\u00f3ja.<\/p>\n<p>\u00cdgy n\u00e9z ki az a r\u00e9gi dilat\u00e1ci\u00f3, melynek bont\u00e1s a kijel\u00f6lt oldalon szint\u00e9n megkezd\u0151d\u00f6tt a h\u00e9ten. A rekonstrukci\u00f3 tov\u00e1bbra is f\u00e9lp\u00e1ly\u00e1s \u00fatz\u00e1r mellett folyik. A forgalmat a Tallinn-v\u00e1rosr\u00e9sz \u00e9s a V\u00e1rkonyi t\u00e9r ir\u00e1ny\u00e1b\u00f3l reggel 7 \u00f3r\u00e1t\u00f3l d\u00e9lut\u00e1n 5 \u00f3r\u00e1ig jelz\u0151\u0151r\u00f6k, ut\u00e1na pedig jelz\u0151l\u00e1mpa ir\u00e1ny\u00edtja. <\/p>\n<p>-Szeretn\u00e9m felh\u00edvni a lakoss\u00e1g figyelm\u00e9t, hogy j\u00falius 15-t\u0151l teljes \u00fatz\u00e1r mellett fog a Kaposv\u00e1ri Gyula-h\u00eddon teljes \u00fatz\u00e1r mellett folytat\u00f3dnak a munk\u00e1latok. Azonban akkor is \u00e1t fogjuk engedni a gyalogos \u00e9s ker\u00e9kp\u00e1r forgalmat \u00e9s tov\u00e1bbra is k\u00e9rj\u00fck a lakoss\u00e1g t\u00fcrelm\u00e9t \u00e9s meg\u00e9rt\u00e9s\u00e9t.&#8221;- tette hozz\u00e1 Baranyin\u00e9 S\u00e1rk\u00f6zi Erika.<\/p>\n<p>Az g\u00e9pj\u00e1rm\u0171vek, illetve a t\u00f6megk\u00f6zleked\u00e9si eszk\u00f6z\u00f6k a teljes \u00fatz\u00e1r idej\u00e9n a Ny\u00e1ri L\u0151rinc-hidat haszn\u00e1lhatj\u00e1k.<\/p>\n<div style=\"width: 640px;\" class=\"wp-video\"><!--[if lt IE 9]><script>document.createElement('video');<\/script><![endif]-->\n<video class=\"wp-video-shortcode\" id=\"video-9482-1\" width=\"640\" height=\"360\" preload=\"metadata\" controls=\"controls\"><source type=\"video\/mp4\" src=\"\/spots\/hir\/hir_180704_06.mp4?_=1\" \/><a href=\"\/spots\/hir\/hir_180704_06.mp4\">\/spots\/hir\/hir_180704_06.mp4<\/a><\/video><\/div>\n","protected":false},"excerpt":{"rendered":"<p>M\u00falt h\u00e9t elej\u00e9n m\u00e9g a megszokott m\u00f3don k\u00f6zlekedhettek a gyalogosok, biciklisek \u00e9s aut\u00f3sok a Zagyva-h\u00eddon. A fel\u00faj\u00edt\u00e1s j\u00fanius 27-\u00e9n reggel f\u00e9lp\u00e1ly\u00e1s \u00fatz\u00e1r mellett, a Zagyva Cukr\u00e1szda ir\u00e1ny\u00e1b\u00f3l kezd\u0151d\u00f6tt meg a ker\u00e9kp\u00e1r\u00fat aszfaltburkolat\u00e1nak bont\u00e1s\u00e1val. Narr\u00e1ci\u00f3: Ma m\u00e1r munkaeszk\u00f6z\u00f6kt\u0151l volt hangos a h\u00edd. A fel\u00faj\u00edt\u00e1s el\u0151k\u00e9sz\u00edt\u0151 munk\u00e1latokkal folytat\u00f3dik a h\u00e9ten. A Zagyva-h\u00edd rekonstrukci\u00f3ja a Tallinn-v\u00e1rosr\u00e9szt \u00e9rint\u0151 a [&hellip;]<\/p>\n","protected":false},"author":2,"featured_media":0,"comment_status":"closed","ping_status":"closed","sticky":false,"template":"","format":"standard","meta":[],"categories":[9],"tags":[],"_links":{"self":[{"href":"http:\/\/archiv.szolnoktv.hu\/index.php?rest_route=\/wp\/v2\/posts\/9482"}],"collection":[{"href":"http:\/\/archiv.szolnoktv.hu\/index.php?rest_route=\/wp\/v2\/posts"}],"about":[{"href":"http:\/\/archiv.szolnoktv.hu\/index.php?rest_route=\/wp\/v2\/types\/post"}],"author":[{"embeddable":true,"href":"http:\/\/archiv.szolnoktv.hu\/index.php?rest_route=\/wp\/v2\/users\/2"}],"replies":[{"embeddable":true,"href":"http:\/\/archiv.szolnoktv.hu\/index.php?rest_route=%2Fwp%2Fv2%2Fcomments&post=9482"}],"version-history":[{"count":1,"href":"http:\/\/archiv.szolnoktv.hu\/index.php?rest_route=\/wp\/v2\/posts\/9482\/revisions"}],"predecessor-version":[{"id":9573,"href":"http:\/\/archiv.szolnoktv.hu\/index.php?rest_route=\/wp\/v2\/posts\/9482\/revisions\/9573"}],"wp:attachment":[{"href":"http:\/\/archiv.szolnoktv.hu\/index.php?rest_route=%2Fwp%2Fv2%2Fmedia&parent=9482"}],"wp:term":[{"taxonomy":"category","embeddable":true,"href":"http:\/\/archiv.szolnoktv.hu\/index.php?rest_route=%2Fwp%2Fv2%2Fcategories&post=9482"},{"taxonomy":"post_tag","embeddable":true,"href":"http:\/\/archiv.szolnoktv.hu\/index.php?rest_route=%2Fwp%2Fv2%2Ftags&post=9482"}],"curies":[{"name":"wp","href":"https:\/\/api.w.org\/{rel}","templated":true}]}}