{"id":9481,"date":"2018-07-04T16:56:37","date_gmt":"2018-07-04T16:56:37","guid":{"rendered":"http:\/\/archiv.szolnoktv.hu\/?p=9481"},"modified":"2021-08-14T14:49:42","modified_gmt":"2021-08-14T14:49:42","slug":"eletmudijat-kapott-bolyhos-laszlo","status":"publish","type":"post","link":"http:\/\/archiv.szolnoktv.hu\/?p=9481","title":{"rendered":"\u00c9letm\u0171d\u00edjat kapott Bolyhos L\u00e1szl\u00f3"},"content":{"rendered":"<div class='booster-block booster-read-block'><\/div><p>M\u00e1r fiatal kor\u00e1ban is p\u00e1linkaf\u0151z\u00e9ssel akart foglalkozni, sz\u00fclei azonban lebesz\u00e9lt\u00e9k terv\u00e9r\u0151l. H\u00fasz \u00e9vvel k\u00e9s\u0151bb viszont &#8211; amikor gyermekei p\u00e1lyav\u00e1laszt\u00e1s el\u0151tt \u00e1lltak &#8211; , \u00fajb\u00f3l el\u0151\u00e1llt \u00f6tlet\u00e9vel. Fi\u00e1nak tetszett a terv,  beiratkozott egy szeszf\u0151z\u0151 iskol\u00e1ba \u00e9s megalap\u00edtott\u00e1k a Bolyhos P\u00e1link\u00e1t. Mindez 25 \u00e9vvel ezel\u0151tt t\u00f6rt\u00e9nt  &#8211;   eml\u00e9kszik vissza a kezdetekre Bolyhos L\u00e1szl\u00f3. <\/p>\n<p>-Onnant\u00f3l kezdve, ahogy beindultunk, a p\u00e9nzt visszaforgattuk, \u00faj \u00fcst\u00f6ket v\u00e1s\u00e1roltunk, berendez\u00e9seket, tart\u00e1lyokat, az volt a szerencs\u00e9nk, hogy minden \u00e9vben annyit tudtunk fejleszteni, amennyi p\u00e9nz volt, a p\u00e1link\u00e1nk pedig pontosan annyi volt folyamat\u00e1ban, amennyit a p\u00e9nz\u00fcnkb\u0151l meg tudtunk v\u00e1s\u00e1rolni.&#8221; -mondta  Bolyhos L\u00e1szl\u00f3, alap\u00edt\u00f3-tulajdonos.<\/p>\n<p>A Bolyhos P\u00e1linka alap\u00edt\u00f3j\u00e1nak a Magyar P\u00e1linka Tan\u00e1cs a magyar p\u00e1linka \u00e9rdek\u00e9ben v\u00e9gzett munk\u00e1j\u00e1nak elismer\u00e9sek\u00e9nt P\u00e1linka \u00c9letm\u0171d\u00edjat adom\u00e1nyozott, melyet m\u00falt h\u00e9ten a Parlamentben rendezett \u00fcnneps\u00e9gen vehetett \u00e1t. <\/p>\n<p>-Hogy megkapom a d\u00edjat, p\u00e1r nappal el\u0151tte sz\u00f3ltak csak. Meglepet\u00e9s volt, hisz \u00dajszilv\u00e1sr\u00f3l egy ilyen kis c\u00e9g felker\u00fcl a parlamentbe , m\u00e9g \u00fagy is hogy \u00e9n voltam a parlamentben l\u00e1togat\u00f3ban, de hogy itt megaj\u00e1nd\u00e9koznak egy \u00e9letm\u0171d\u00edjjal? A p\u00e1linka tan\u00e1cs adom\u00e1nyozta h\u00e1rmunk r\u00e9sz\u00e9re. <br \/>M\u00e9g most feldolgoz\u00e1s alatt van, hisz egy ilyen d\u00edjat nem mindenki kap,  ebben a szakma, a p\u00e1linka f\u0151z\u00e9s, ebben minden benne van. &#8211;<\/p>\n<p>Siker\u00e9nek titka, hogy szereti a p\u00e1link\u00e1t, csak min\u0151s\u00e9gi gy\u00fcm\u00f6lcs\u00f6t v\u00e1s\u00e1rol, odafigyel az erjeszt\u00e9sre \u00e9s azt is megn\u00e9zi, kire b\u00edzza a f\u0151z\u00e9st -folytatta a tulajdonos. Szem\u00e9lyes kedvence nincs, szereti kipr\u00f3b\u00e1lni az \u00faj \u00edzeket \u00e9s napi egy-k\u00e9t kupic\u00e1n\u00e1l soha nem iszik t\u00f6bbet. Mostan\u00e1ban pedig a c\u00e9gvezet\u00e9s helyett ink\u00e1bb unok\u00e1ival foglalkozik, a Bolyhos P\u00e1linka \u00fcgyei\u00e9rt fia, Bolyhos Zolt\u00e1n felel. <\/p>\n<div style=\"width: 640px;\" class=\"wp-video\"><!--[if lt IE 9]><script>document.createElement('video');<\/script><![endif]-->\n<video class=\"wp-video-shortcode\" id=\"video-9481-1\" width=\"640\" height=\"360\" preload=\"metadata\" controls=\"controls\"><source type=\"video\/mp4\" src=\"\/spots\/hir\/hir_180704_04.mp4?_=1\" \/><a href=\"\/spots\/hir\/hir_180704_04.mp4\">\/spots\/hir\/hir_180704_04.mp4<\/a><\/video><\/div>\n","protected":false},"excerpt":{"rendered":"<p>M\u00e1r fiatal kor\u00e1ban is p\u00e1linkaf\u0151z\u00e9ssel akart foglalkozni, sz\u00fclei azonban lebesz\u00e9lt\u00e9k terv\u00e9r\u0151l. H\u00fasz \u00e9vvel k\u00e9s\u0151bb viszont &#8211; amikor gyermekei p\u00e1lyav\u00e1laszt\u00e1s el\u0151tt \u00e1lltak &#8211; , \u00fajb\u00f3l el\u0151\u00e1llt \u00f6tlet\u00e9vel. Fi\u00e1nak tetszett a terv, beiratkozott egy szeszf\u0151z\u0151 iskol\u00e1ba \u00e9s megalap\u00edtott\u00e1k a Bolyhos P\u00e1link\u00e1t. Mindez 25 \u00e9vvel ezel\u0151tt t\u00f6rt\u00e9nt &#8211; eml\u00e9kszik vissza a kezdetekre Bolyhos L\u00e1szl\u00f3. -Onnant\u00f3l kezdve, ahogy beindultunk, [&hellip;]<\/p>\n","protected":false},"author":2,"featured_media":0,"comment_status":"closed","ping_status":"closed","sticky":false,"template":"","format":"standard","meta":[],"categories":[9],"tags":[],"_links":{"self":[{"href":"http:\/\/archiv.szolnoktv.hu\/index.php?rest_route=\/wp\/v2\/posts\/9481"}],"collection":[{"href":"http:\/\/archiv.szolnoktv.hu\/index.php?rest_route=\/wp\/v2\/posts"}],"about":[{"href":"http:\/\/archiv.szolnoktv.hu\/index.php?rest_route=\/wp\/v2\/types\/post"}],"author":[{"embeddable":true,"href":"http:\/\/archiv.szolnoktv.hu\/index.php?rest_route=\/wp\/v2\/users\/2"}],"replies":[{"embeddable":true,"href":"http:\/\/archiv.szolnoktv.hu\/index.php?rest_route=%2Fwp%2Fv2%2Fcomments&post=9481"}],"version-history":[{"count":1,"href":"http:\/\/archiv.szolnoktv.hu\/index.php?rest_route=\/wp\/v2\/posts\/9481\/revisions"}],"predecessor-version":[{"id":9574,"href":"http:\/\/archiv.szolnoktv.hu\/index.php?rest_route=\/wp\/v2\/posts\/9481\/revisions\/9574"}],"wp:attachment":[{"href":"http:\/\/archiv.szolnoktv.hu\/index.php?rest_route=%2Fwp%2Fv2%2Fmedia&parent=9481"}],"wp:term":[{"taxonomy":"category","embeddable":true,"href":"http:\/\/archiv.szolnoktv.hu\/index.php?rest_route=%2Fwp%2Fv2%2Fcategories&post=9481"},{"taxonomy":"post_tag","embeddable":true,"href":"http:\/\/archiv.szolnoktv.hu\/index.php?rest_route=%2Fwp%2Fv2%2Ftags&post=9481"}],"curies":[{"name":"wp","href":"https:\/\/api.w.org\/{rel}","templated":true}]}}