{"id":9480,"date":"2018-07-04T16:49:06","date_gmt":"2018-07-04T16:49:06","guid":{"rendered":"http:\/\/archiv.szolnoktv.hu\/?p=9480"},"modified":"2021-08-14T14:49:42","modified_gmt":"2021-08-14T14:49:42","slug":"szunidei-gyermeketkeztetes","status":"publish","type":"post","link":"http:\/\/archiv.szolnoktv.hu\/?p=9480","title":{"rendered":"Sz\u00fcnidei gyermek\u00e9tkeztet\u00e9s"},"content":{"rendered":"<div class='booster-block booster-read-block'><\/div><p>Egym\u00e1s ut\u00e1n \u00e9rkeztek d\u00e9lben a G\u00f6r\u00f6g Katolikus \u00c1ltal\u00e1nos Iskol\u00e1ba a sz\u00fcnidei \u00e9teloszt\u00e1sra jogosultak. Ebben a v\u00e1rosr\u00e9szben 134 gyermekre k\u00e9sz\u00edtettek ma men\u00fct. Volt, aki k\u00e9t adagot vihetett haza, de akadt aki 6-ra volt jogosult. Id\u00e9n 375 h\u00e1tr\u00e1nyos, illetve halmozottan h\u00e1tr\u00e1nyos gyermeknek biztos\u00edt meleg \u00e9telt az \u00f6nkorm\u00e1nyzat.<\/p>\n<p>-Hozz\u00e1vet\u0151leg 10 milli\u00f3 forint az az \u00f6sszeg, amit ny\u00e1ri gyermek\u00e9tkeztet\u00e9sre tudunk ford\u00edtani. A ny\u00e1ri gyermek\u00e9tkeztet\u00e9s az a sz\u00fcnid\u0151kre vonatkozik nemcsak ny\u00e1rra, hanem a t\u00f6bbi sz\u00fcnetre is. 800 jogosult van, ebb\u0151l a 800 jogosultb\u00f3l 375- en veszik ig\u00e9nybe ezt az \u00e9tkez\u00e9si form\u00e1t.&#8221;- mondta Szalay Ferenc.<\/p>\n<p> -Kukoric\u00e1s ragu \u00e9s t\u00e9szta.&#8221; <\/p>\n<p>Ez volt a m\u00e1sodikf\u00e9le ma. Az eb\u00e9deket j\u00f3l z\u00e1rhat\u00f3, m\u0171anyag \u00e9telhord\u00f3kban vihetik minden nap haza a jogosultak. A men\u00fc \u00f6ssze\u00e1ll\u00edt\u00e1sakor fontos szempont az eg\u00e9szs\u00e9ges t\u00e1pl\u00e1lkoz\u00e1s k\u00f6vet\u00e9se. A seg\u00edts\u00e9get az \u00e9telintoleranci\u00e1val rendelkez\u0151 r\u00e1szorul\u00f3 gyerekek is b\u00e1tran ig\u00e9nybe vehetik. Az \u00dajv\u00e1rosban ma is volt, aki glut\u00e9n menetes fog\u00e1st vitt haza.<\/p>\n<p> -Az int\u00e9zm\u00e9nyi konyh\u00e1n f\u0151znek most. Ez azt jelenti, hogy az iskol\u00e1s gyerekekre az iskolai konyh\u00e1n, a b\u00f6lcs\u0151d\u00e9sekre a b\u00f6lcs\u0151dei konyh\u00e1n f\u0151znek, az \u00f3vod\u00e1sokra pedig szint\u00e9n az iskolai konyh\u00e1n f\u0151znek.&#8221;- tette hozz\u00e1 a polg\u00e1rmester.<\/p>\n<p>A meleg eb\u00e9det a jogosultak 10 oszt\u00f3helyr\u0151l tudj\u00e1k elvinni, amir\u0151l a csal\u00e1dokat a Szoci\u00e1lis T\u00e1mogat\u00e1sok Oszt\u00e1lya t\u00e1j\u00e9koztatta. Ebben az \u00e9vben a pontoknak 5 b\u00f6lcs\u0151de, valamit a Fiumei \u00dati \u00c1ltal\u00e1nos Iskola, a Z\u00f6ld H\u00e1z aul\u00e1ja, illetve a Liget \u00dati-\u00e9s a Szandasz\u0151l\u0151si \u00c1ltal\u00e1nos Iskola ad otthont. A ny\u00e1ri sz\u00fcnidei gyermek \u00e9tkeztet\u00e9s augusztus 31-ig tart.<\/p>\n<div style=\"width: 640px;\" class=\"wp-video\"><!--[if lt IE 9]><script>document.createElement('video');<\/script><![endif]-->\n<video class=\"wp-video-shortcode\" id=\"video-9480-1\" width=\"640\" height=\"360\" preload=\"metadata\" controls=\"controls\"><source type=\"video\/mp4\" src=\"\/spots\/hir\/hir_180704_05.mp4?_=1\" \/><a href=\"\/spots\/hir\/hir_180704_05.mp4\">\/spots\/hir\/hir_180704_05.mp4<\/a><\/video><\/div>\n","protected":false},"excerpt":{"rendered":"<p>Egym\u00e1s ut\u00e1n \u00e9rkeztek d\u00e9lben a G\u00f6r\u00f6g Katolikus \u00c1ltal\u00e1nos Iskol\u00e1ba a sz\u00fcnidei \u00e9teloszt\u00e1sra jogosultak. Ebben a v\u00e1rosr\u00e9szben 134 gyermekre k\u00e9sz\u00edtettek ma men\u00fct. Volt, aki k\u00e9t adagot vihetett haza, de akadt aki 6-ra volt jogosult. Id\u00e9n 375 h\u00e1tr\u00e1nyos, illetve halmozottan h\u00e1tr\u00e1nyos gyermeknek biztos\u00edt meleg \u00e9telt az \u00f6nkorm\u00e1nyzat. -Hozz\u00e1vet\u0151leg 10 milli\u00f3 forint az az \u00f6sszeg, amit ny\u00e1ri gyermek\u00e9tkeztet\u00e9sre [&hellip;]<\/p>\n","protected":false},"author":2,"featured_media":0,"comment_status":"closed","ping_status":"closed","sticky":false,"template":"","format":"standard","meta":[],"categories":[9],"tags":[],"_links":{"self":[{"href":"http:\/\/archiv.szolnoktv.hu\/index.php?rest_route=\/wp\/v2\/posts\/9480"}],"collection":[{"href":"http:\/\/archiv.szolnoktv.hu\/index.php?rest_route=\/wp\/v2\/posts"}],"about":[{"href":"http:\/\/archiv.szolnoktv.hu\/index.php?rest_route=\/wp\/v2\/types\/post"}],"author":[{"embeddable":true,"href":"http:\/\/archiv.szolnoktv.hu\/index.php?rest_route=\/wp\/v2\/users\/2"}],"replies":[{"embeddable":true,"href":"http:\/\/archiv.szolnoktv.hu\/index.php?rest_route=%2Fwp%2Fv2%2Fcomments&post=9480"}],"version-history":[{"count":1,"href":"http:\/\/archiv.szolnoktv.hu\/index.php?rest_route=\/wp\/v2\/posts\/9480\/revisions"}],"predecessor-version":[{"id":9575,"href":"http:\/\/archiv.szolnoktv.hu\/index.php?rest_route=\/wp\/v2\/posts\/9480\/revisions\/9575"}],"wp:attachment":[{"href":"http:\/\/archiv.szolnoktv.hu\/index.php?rest_route=%2Fwp%2Fv2%2Fmedia&parent=9480"}],"wp:term":[{"taxonomy":"category","embeddable":true,"href":"http:\/\/archiv.szolnoktv.hu\/index.php?rest_route=%2Fwp%2Fv2%2Fcategories&post=9480"},{"taxonomy":"post_tag","embeddable":true,"href":"http:\/\/archiv.szolnoktv.hu\/index.php?rest_route=%2Fwp%2Fv2%2Ftags&post=9480"}],"curies":[{"name":"wp","href":"https:\/\/api.w.org\/{rel}","templated":true}]}}