{"id":9479,"date":"2018-07-04T16:44:04","date_gmt":"2018-07-04T16:44:04","guid":{"rendered":"http:\/\/archiv.szolnoktv.hu\/?p=9479"},"modified":"2021-08-14T14:49:42","modified_gmt":"2021-08-14T14:49:42","slug":"restauraljak-a-jaszfenyszarui-ezustkincset","status":"publish","type":"post","link":"http:\/\/archiv.szolnoktv.hu\/?p=9479","title":{"rendered":"Restaur\u00e1lj\u00e1k a J\u00e1szf\u00e9nyszarui Ez\u00fcstkincset"},"content":{"rendered":"<div class='booster-block booster-read-block'><\/div><p>-Jelenleg mintegy 20 \u00e9rm\u00e9t restaur\u00e1ltunk, melyek itt l\u00e1that\u00f3ak a h\u00f3nap m\u0171t\u00e1rgy\u00e1t bemutat\u00f3 vitrinben&#8221;<\/p>\n<p>Mintegy 10,5-11 kilogrammot nyom \u00e9s k\u00f6zel 8000 \u00e9rm\u00e9b\u0151l \u00e1ll az az ez\u00fcstkincs, amelyet tavasz v\u00e9ge \u00f3ta restaur\u00e1lnak a Damjanich J\u00e1nos M\u00fazeumban. A 16. sz\u00e1zadi \u00e9rm\u00e9kkel teli kors\u00f3t egy munkag\u00e9p ford\u00edtotta ki a f\u00f6ldb\u0151l. <\/p>\n<p>-Olyan fokon kezd\u0151d\u00f6tt el a restaur\u00e1l\u00e1s, hogy pr\u00f3ba k\u00e9ppen egy 20 darabnyi ez\u00fcst\u00e9rm\u00e9t megtiszt\u00edtottunk, amely k\u00fcl\u00f6nb\u00f6z\u0151 korokb\u00f3l sz\u00e1rmazik. A 16. Sz\u00e1zad elej\u00e9t\u0151l a v\u00e9g\u00e9ig k\u00fcl\u00f6nb\u00f6z\u0151 uralkod\u00f3k p\u00e9nzei ezek, el\u00e9g j\u00f3 min\u0151s\u00e9g\u0171 ez\u00fcst \u00e9rm\u00e9k.&#8221;  &#8211; mondta De\u00e1k Endre, restaur\u00e1tor<\/p>\n<p>A 20 darab \u00e9rm\u00e9n k\u00fcl\u00f6nb\u00f6z\u0151 technik\u00e1kat pr\u00f3b\u00e1ltak ki a restaur\u00e1torok annak \u00e9rdek\u00e9ben, hogy megtal\u00e1lj\u00e1k azt a m\u00f3dszert, amellyel a lehet\u0151 legjobb min\u0151s\u00e9gben lehet megtiszt\u00edtani \u00e9s konzerv\u00e1lni a korrod\u00e1lt ez\u00fcst\u00f6t. Az m\u00e1r most l\u00e1tszik, hogy a kincsen jelent\u0151s nyomokat hagytak a f\u00f6ldben t\u00f6lt\u00f6tt \u00e9vsz\u00e1zadok, hossz\u00fa lesz a restaur\u00e1tori munka.<\/p>\n<p>-Enyhe savas k\u00e9mhat\u00e1s\u00fa inhibitorral ell\u00e1tott vegy\u00fcletekr\u0151l van sz\u00f3, vegyszer-elegyekr\u0151l van sz\u00f3. Az inhibitor azt jelenti, hogy megakad\u00e1lyozza a vegyszert abban, hogy a f\u00e9met oldja \u00e9s csak a korr\u00f3zi\u00f3s term\u00e9keket t\u00e1vol\u00edtja el. Ugyanakkor van egy speci\u00e1lis, Compexon n\u00e9vre hallgat\u00f3 vegyszer, amit haszn\u00e1lunk a restaur\u00e1tori gyakorlatban.&#8221;  &#8211;   tette hozz\u00e1 a restaur\u00e1tor   <\/p>\n<p>A teljes kincs, valamint a m\u00e1r megtiszt\u00edtott 20 \u00e9rme jelenleg a H\u00f3nap M\u0171t\u00e1rgya t\u00e1rl\u00f3ban l\u00e1that\u00f3. Ha ez a t\u00e1rlat befejez\u0151dik, akkor a restaur\u00e1torok a teljes leletet megtiszt\u00edtj\u00e1k \u00e9s konzerv\u00e1lj\u00e1k majd. <\/p>\n<div style=\"width: 640px;\" class=\"wp-video\"><!--[if lt IE 9]><script>document.createElement('video');<\/script><![endif]-->\n<video class=\"wp-video-shortcode\" id=\"video-9479-1\" width=\"640\" height=\"360\" preload=\"metadata\" controls=\"controls\"><source type=\"video\/mp4\" src=\"\/spots\/hir\/hir_180704_03.mp4?_=1\" \/><a href=\"\/spots\/hir\/hir_180704_03.mp4\">\/spots\/hir\/hir_180704_03.mp4<\/a><\/video><\/div>\n","protected":false},"excerpt":{"rendered":"<p>-Jelenleg mintegy 20 \u00e9rm\u00e9t restaur\u00e1ltunk, melyek itt l\u00e1that\u00f3ak a h\u00f3nap m\u0171t\u00e1rgy\u00e1t bemutat\u00f3 vitrinben&#8221; Mintegy 10,5-11 kilogrammot nyom \u00e9s k\u00f6zel 8000 \u00e9rm\u00e9b\u0151l \u00e1ll az az ez\u00fcstkincs, amelyet tavasz v\u00e9ge \u00f3ta restaur\u00e1lnak a Damjanich J\u00e1nos M\u00fazeumban. A 16. sz\u00e1zadi \u00e9rm\u00e9kkel teli kors\u00f3t egy munkag\u00e9p ford\u00edtotta ki a f\u00f6ldb\u0151l. -Olyan fokon kezd\u0151d\u00f6tt el a restaur\u00e1l\u00e1s, hogy pr\u00f3ba k\u00e9ppen [&hellip;]<\/p>\n","protected":false},"author":2,"featured_media":0,"comment_status":"closed","ping_status":"closed","sticky":false,"template":"","format":"standard","meta":[],"categories":[9],"tags":[],"_links":{"self":[{"href":"http:\/\/archiv.szolnoktv.hu\/index.php?rest_route=\/wp\/v2\/posts\/9479"}],"collection":[{"href":"http:\/\/archiv.szolnoktv.hu\/index.php?rest_route=\/wp\/v2\/posts"}],"about":[{"href":"http:\/\/archiv.szolnoktv.hu\/index.php?rest_route=\/wp\/v2\/types\/post"}],"author":[{"embeddable":true,"href":"http:\/\/archiv.szolnoktv.hu\/index.php?rest_route=\/wp\/v2\/users\/2"}],"replies":[{"embeddable":true,"href":"http:\/\/archiv.szolnoktv.hu\/index.php?rest_route=%2Fwp%2Fv2%2Fcomments&post=9479"}],"version-history":[{"count":1,"href":"http:\/\/archiv.szolnoktv.hu\/index.php?rest_route=\/wp\/v2\/posts\/9479\/revisions"}],"predecessor-version":[{"id":9576,"href":"http:\/\/archiv.szolnoktv.hu\/index.php?rest_route=\/wp\/v2\/posts\/9479\/revisions\/9576"}],"wp:attachment":[{"href":"http:\/\/archiv.szolnoktv.hu\/index.php?rest_route=%2Fwp%2Fv2%2Fmedia&parent=9479"}],"wp:term":[{"taxonomy":"category","embeddable":true,"href":"http:\/\/archiv.szolnoktv.hu\/index.php?rest_route=%2Fwp%2Fv2%2Fcategories&post=9479"},{"taxonomy":"post_tag","embeddable":true,"href":"http:\/\/archiv.szolnoktv.hu\/index.php?rest_route=%2Fwp%2Fv2%2Ftags&post=9479"}],"curies":[{"name":"wp","href":"https:\/\/api.w.org\/{rel}","templated":true}]}}