{"id":9477,"date":"2018-07-04T14:07:07","date_gmt":"2018-07-04T14:07:07","guid":{"rendered":"http:\/\/archiv.szolnoktv.hu\/?p=9477"},"modified":"2021-08-14T14:49:43","modified_gmt":"2021-08-14T14:49:43","slug":"szolnok-bicikli","status":"publish","type":"post","link":"http:\/\/archiv.szolnoktv.hu\/?p=9477","title":{"rendered":"Szolnok bicikli"},"content":{"rendered":"<div class='booster-block booster-read-block'><\/div><p>Sokak ny\u00e1ri kir\u00e1ndul\u00e1s\u00e1t teheti kellemesebb\u00e9, tartalmasabb\u00e1 a megyesz\u00e9khely \u00faj szolg\u00e1ltat\u00e1sa. A t\u00f3szegi ker\u00e9kp\u00e1rgy\u00e1r ugyanis egy csal\u00e1dra val\u00f3 biciklit aj\u00e1nlott fel a k\u00f6zpontnak.<\/p>\n<p>-Szolnok bicikli-projekt, tal\u00e1n a nev\u00e9ben is benne van, egy k\u00eds\u00e9rlet, egy kezdem\u00e9nyez\u00e9s az Aba-Nov\u00e1k Ag\u00f3ra Kultur\u00e1lis K\u00f6zpont r\u00e9sz\u00e9r\u0151l. Miut\u00e1n mi \u00fczemeltetj\u00fck a v\u00e1ros Tourinform Irod\u00e1j\u00e1t is \u00e9s az orsz\u00e1gban m\u00e1r t\u00f6bb helyen lehet k\u00f6lcs\u00f6n\u00f6zni ker\u00e9kp\u00e1rt valamilyen form\u00e1ban. Azt gondoltuk, legy\u00fcnk ezzel kezdem\u00e9nyez\u0151k.&#8221; -nyilatkozta Moln\u00e1r Lajos Mil\u00e1n, az Aba-Nov\u00e1k Ag\u00f3ra Kultur\u00e1lis K\u00f6zpont \u00fcgyvezet\u0151 igazgat\u00f3ja.<\/p>\n<p>Ezek az igen nagy \u00e9rt\u00e9k\u0171, k\u00e9tkerek\u0171 j\u00e1rm\u0171vek, Szolnok sz\u00edneire vannak festve \u00e9s a v\u00e1zon m\u00e9g a v\u00e1ros c\u00edmere is megtal\u00e1lhat\u00f3. Jelk\u00e9pes \u00e1ron, \u00f3r\u00e1nk\u00e9nt 500 forint\u00e9rt b\u00e9relhet\u0151ek, de aki eg\u00e9sz nap szeretne a Szolnok-biciklikkel tekerni: annak 2500 forintba ker\u00fcl a sz\u00fcks\u00e9ges v\u00e9d\u0151felszerel\u00e9ssel egy\u00fctt. <\/p>\n<p>-Ezzel most l\u00e9trej\u00f6tt annak a lehet\u0151s\u00e9ge, hogy ak\u00e1r a szolnokiak, ak\u00e1r a Szolnok k\u00f6rny\u00e9k\u00e9n \u00e9l\u0151k vagy \u00e9ppen egy idel\u00e1togat\u00f3 turista, hogy ha nem tud mag\u00e1val hozni ker\u00e9kp\u00e1rt \u00e9s szeretn\u00e9 f\u00f6lfedezni nagyszer\u0171 v\u00e1rosunkat, akkor bej\u00f6n a Tourinform Irod\u00e1ra \u00e9s k\u00f6lcs\u00f6n\u00f6zhet egy ilyen ker\u00e9kp\u00e1rt.&#8221; -tette hozz\u00e1 az ANKK \u00fcgyvezet\u0151 igazgat\u00f3ja.<\/p>\n<p>Eur\u00f3p\u00e1ban a k\u00e9tezres \u00e9vekt\u0151l terjedt el sz\u00e9les k\u00f6rben ez az \u00faj k\u00f6z\u00f6ss\u00e9gi k\u00f6zleked\u00e9si szolg\u00e1ltat\u00e1s. Ez az \u00e9lhet\u0151bb lak\u00f3k\u00f6rnyezet \u00e9s \u00edgy a fenntarthat\u00f3 fejl\u0151d\u00e9ssel \u00f6sszhangban \u00e1ll\u00f3 \u00e9s k\u00f6rnyezetk\u00edm\u00e9l\u0151bb k\u00f6zleked\u00e9si m\u00f3dok ir\u00e1nti ig\u00e9nynek k\u00f6sz\u00f6nhet\u0151. A k\u00f6zbringa-rendszert v\u00e1rosunkban, els\u0151sorban turisztikai c\u00e9llal \u00e9p\u00edtik ki. <\/p>\n<div style=\"width: 640px;\" class=\"wp-video\"><!--[if lt IE 9]><script>document.createElement('video');<\/script><![endif]-->\n<video class=\"wp-video-shortcode\" id=\"video-9477-1\" width=\"640\" height=\"360\" preload=\"metadata\" controls=\"controls\"><source type=\"video\/mp4\" src=\"\/spots\/hir\/hir_180704_01.mp4?_=1\" \/><a href=\"\/spots\/hir\/hir_180704_01.mp4\">\/spots\/hir\/hir_180704_01.mp4<\/a><\/video><\/div>\n","protected":false},"excerpt":{"rendered":"<p>Sokak ny\u00e1ri kir\u00e1ndul\u00e1s\u00e1t teheti kellemesebb\u00e9, tartalmasabb\u00e1 a megyesz\u00e9khely \u00faj szolg\u00e1ltat\u00e1sa. A t\u00f3szegi ker\u00e9kp\u00e1rgy\u00e1r ugyanis egy csal\u00e1dra val\u00f3 biciklit aj\u00e1nlott fel a k\u00f6zpontnak. -Szolnok bicikli-projekt, tal\u00e1n a nev\u00e9ben is benne van, egy k\u00eds\u00e9rlet, egy kezdem\u00e9nyez\u00e9s az Aba-Nov\u00e1k Ag\u00f3ra Kultur\u00e1lis K\u00f6zpont r\u00e9sz\u00e9r\u0151l. Miut\u00e1n mi \u00fczemeltetj\u00fck a v\u00e1ros Tourinform Irod\u00e1j\u00e1t is \u00e9s az orsz\u00e1gban m\u00e1r t\u00f6bb helyen lehet [&hellip;]<\/p>\n","protected":false},"author":2,"featured_media":0,"comment_status":"closed","ping_status":"closed","sticky":false,"template":"","format":"standard","meta":[],"categories":[9],"tags":[],"_links":{"self":[{"href":"http:\/\/archiv.szolnoktv.hu\/index.php?rest_route=\/wp\/v2\/posts\/9477"}],"collection":[{"href":"http:\/\/archiv.szolnoktv.hu\/index.php?rest_route=\/wp\/v2\/posts"}],"about":[{"href":"http:\/\/archiv.szolnoktv.hu\/index.php?rest_route=\/wp\/v2\/types\/post"}],"author":[{"embeddable":true,"href":"http:\/\/archiv.szolnoktv.hu\/index.php?rest_route=\/wp\/v2\/users\/2"}],"replies":[{"embeddable":true,"href":"http:\/\/archiv.szolnoktv.hu\/index.php?rest_route=%2Fwp%2Fv2%2Fcomments&post=9477"}],"version-history":[{"count":1,"href":"http:\/\/archiv.szolnoktv.hu\/index.php?rest_route=\/wp\/v2\/posts\/9477\/revisions"}],"predecessor-version":[{"id":9578,"href":"http:\/\/archiv.szolnoktv.hu\/index.php?rest_route=\/wp\/v2\/posts\/9477\/revisions\/9578"}],"wp:attachment":[{"href":"http:\/\/archiv.szolnoktv.hu\/index.php?rest_route=%2Fwp%2Fv2%2Fmedia&parent=9477"}],"wp:term":[{"taxonomy":"category","embeddable":true,"href":"http:\/\/archiv.szolnoktv.hu\/index.php?rest_route=%2Fwp%2Fv2%2Fcategories&post=9477"},{"taxonomy":"post_tag","embeddable":true,"href":"http:\/\/archiv.szolnoktv.hu\/index.php?rest_route=%2Fwp%2Fv2%2Ftags&post=9477"}],"curies":[{"name":"wp","href":"https:\/\/api.w.org\/{rel}","templated":true}]}}