{"id":9476,"date":"2018-07-03T18:25:56","date_gmt":"2018-07-03T18:25:56","guid":{"rendered":"http:\/\/archiv.szolnoktv.hu\/?p=9476"},"modified":"2021-08-14T14:49:44","modified_gmt":"2021-08-14T14:49:44","slug":"tovabb-folytatodik-az-asatas","status":"publish","type":"post","link":"http:\/\/archiv.szolnoktv.hu\/?p=9476","title":{"rendered":"Tov\u00e1bb folytat\u00f3dik az \u00e1sat\u00e1s"},"content":{"rendered":"<div class='booster-block booster-read-block'><\/div><p>\u00cdgy n\u00e9zett ki \u00e1prilisban az \u00e1sat\u00e1s alatt \u00e1ll\u00f3 M\u0171v\u00e9sztelep, akkor t\u00f6bb sz\u00e1z k\u00f6bm\u00e9ter f\u00f6ldet mozgattak meg. A munka az\u00f3ta sem \u00e1llt le. Nincs olyan pont a telepen, ahol ne l\u00e1tni leletekkel teli l\u00e1d\u00e1kat, illetve a m\u00falt nyomai ut\u00e1n kutat\u00f3kat. Az \u00e1sat\u00e1sba \u00f6nk\u00e9ntesk\u00e9nt ma Sikl\u00f3s Viktor kisl\u00e1ny\u00e1val \u00e9s feles\u00e9g\u00e9vel kapcsol\u00f3dott be. <\/p>\n<p>-L\u00e1ttuk ezt a lehet\u0151s\u00e9get, illetve voltunk a M\u00fazeumok \u00c9jszak\u00e1ja rendezv\u00e9nysorozaton \u00e9s akkor kaptuk meg a lehet\u0151s\u00e9get, hogy el lehet ide j\u00f6nni seg\u00edteni. Szolnokiak vagyunk \u00e9s \u00e9lt\u00fcnk is \u00edgy a lehet\u0151s\u00e9ggel. \u00c9lt\u00fcnk a lehet\u0151s\u00e9ggel \u00e9s kij\u00f6tt\u00fcnk, hogy h\u00e1tha seg\u00edt\u00fcnk a r\u00e9g\u00e9szek munk\u00e1j\u00e1ban. D\u00e9lut\u00e1n \u00e9rkezt\u00fcnk \u00e9s megkaptuk ezt a mellett\u00fcnk val\u00f3 r\u00e9szt.- mes\u00e9lte Sikl\u00f3s Viktor. <\/p>\n<p>A kijel\u00f6lt ter\u00fcleten a csal\u00e1dnak a sz\u00e9nnel bor\u00edtott r\u00e9teget kellett megbontania. Hasonl\u00f3 munk\u00e1ban m\u00e9g nem vettek r\u00e9szt, ez\u00e9rt ha tehetik, akkor a ny\u00e1r folyam\u00e1n m\u00e9g visszat\u00e9rnek. Az \u00e1sat\u00e1s vezet\u0151je elmes\u00e9lte, hogy \u00f6nk\u00e9nteseik szinte a kezdetek \u00f3ta vannak. <\/p>\n<p>-Kb. 30 ember dolgozik most kint, t\u00f6bb helysz\u00ednen is vagyunk, van egy kisebb szelv\u00e9ny is ahol \u00e9ppen dolgozunk. Vannak \u00f6nk\u00e9ntesink \u00e9s fizetett munk\u00e1saink is. Ez nagyon j\u00f3, pozit\u00edv \u00e9lm\u00e9ny, hogy az itt \u00e9l\u0151 Szolnokiakat \u00e9rdekli a v\u00e1ros m\u00faltja \u00e9s nemcsak megn\u00e9zik az \u00e1sat\u00e1st, hanem r\u00e9szt is vesznek. Di\u00e1kok \u00e9s most egy komplett csal\u00e1d is kil\u00e1togatott \u00e9s itt dolgoznak most mellett\u00fcnk sz\u00e9pen.&#8221;- mondta Kert\u00e9sz R\u00f3bert a Damjanich J\u00e1nos M\u00fazeum r\u00e9g\u00e9sze. <\/p>\n<p>A 2053 n\u00e9gyzetm\u00e9teren zajl\u00f3 M\u0171v\u00e9sztelepi \u00e1sat\u00e1s j\u00falius elej\u00e9n \u00e9rkezett a fel\u00e9hez. A r\u00e9g\u00e9szek \u00e9s a munk\u00e1sok jelenleg az \u00e1prilisban megnyitott felsz\u00edneken folytatj\u00e1k a kutat\u00e1st, melynek sor\u00e1n \u00fajabb \u00e9p\u00fcletmaradv\u00e1nyok, j\u00e1r\u00f3szintek, haszn\u00e1lati t\u00e1rgyak ker\u00fcltek el\u0151, de van aki a mai napon csontv\u00e1zra is bukkant. A r\u00e9gi szolnoki v\u00e1r felt\u00e1r\u00e1sa miatt indult \u00e1sat\u00e1s az el\u0151zetes tervek szerint ny\u00e1r v\u00e9g\u00e9ig tart.<br \/>\n<br \/>\n<div style=\"width: 640px;\" class=\"wp-video\"><!--[if lt IE 9]><script>document.createElement('video');<\/script><![endif]-->\n<video class=\"wp-video-shortcode\" id=\"video-9476-1\" width=\"640\" height=\"360\" preload=\"metadata\" controls=\"controls\"><source type=\"video\/mp4\" src=\"\/spots\/hir\/hir_180703_07.mp4?_=1\" \/><a href=\"\/spots\/hir\/hir_180703_07.mp4\">\/spots\/hir\/hir_180703_07.mp4<\/a><\/video><\/div><\/p>\n","protected":false},"excerpt":{"rendered":"<p>\u00cdgy n\u00e9zett ki \u00e1prilisban az \u00e1sat\u00e1s alatt \u00e1ll\u00f3 M\u0171v\u00e9sztelep, akkor t\u00f6bb sz\u00e1z k\u00f6bm\u00e9ter f\u00f6ldet mozgattak meg. A munka az\u00f3ta sem \u00e1llt le. Nincs olyan pont a telepen, ahol ne l\u00e1tni leletekkel teli l\u00e1d\u00e1kat, illetve a m\u00falt nyomai ut\u00e1n kutat\u00f3kat. Az \u00e1sat\u00e1sba \u00f6nk\u00e9ntesk\u00e9nt ma Sikl\u00f3s Viktor kisl\u00e1ny\u00e1val \u00e9s feles\u00e9g\u00e9vel kapcsol\u00f3dott be. -L\u00e1ttuk ezt a lehet\u0151s\u00e9get, illetve [&hellip;]<\/p>\n","protected":false},"author":2,"featured_media":0,"comment_status":"closed","ping_status":"closed","sticky":false,"template":"","format":"standard","meta":[],"categories":[9],"tags":[],"_links":{"self":[{"href":"http:\/\/archiv.szolnoktv.hu\/index.php?rest_route=\/wp\/v2\/posts\/9476"}],"collection":[{"href":"http:\/\/archiv.szolnoktv.hu\/index.php?rest_route=\/wp\/v2\/posts"}],"about":[{"href":"http:\/\/archiv.szolnoktv.hu\/index.php?rest_route=\/wp\/v2\/types\/post"}],"author":[{"embeddable":true,"href":"http:\/\/archiv.szolnoktv.hu\/index.php?rest_route=\/wp\/v2\/users\/2"}],"replies":[{"embeddable":true,"href":"http:\/\/archiv.szolnoktv.hu\/index.php?rest_route=%2Fwp%2Fv2%2Fcomments&post=9476"}],"version-history":[{"count":1,"href":"http:\/\/archiv.szolnoktv.hu\/index.php?rest_route=\/wp\/v2\/posts\/9476\/revisions"}],"predecessor-version":[{"id":9579,"href":"http:\/\/archiv.szolnoktv.hu\/index.php?rest_route=\/wp\/v2\/posts\/9476\/revisions\/9579"}],"wp:attachment":[{"href":"http:\/\/archiv.szolnoktv.hu\/index.php?rest_route=%2Fwp%2Fv2%2Fmedia&parent=9476"}],"wp:term":[{"taxonomy":"category","embeddable":true,"href":"http:\/\/archiv.szolnoktv.hu\/index.php?rest_route=%2Fwp%2Fv2%2Fcategories&post=9476"},{"taxonomy":"post_tag","embeddable":true,"href":"http:\/\/archiv.szolnoktv.hu\/index.php?rest_route=%2Fwp%2Fv2%2Ftags&post=9476"}],"curies":[{"name":"wp","href":"https:\/\/api.w.org\/{rel}","templated":true}]}}