{"id":9474,"date":"2018-07-03T17:29:02","date_gmt":"2018-07-03T17:29:02","guid":{"rendered":"http:\/\/archiv.szolnoktv.hu\/?p=9474"},"modified":"2021-08-14T14:49:45","modified_gmt":"2021-08-14T14:49:45","slug":"zagyvarekasi-gyilkossag","status":"publish","type":"post","link":"http:\/\/archiv.szolnoktv.hu\/?p=9474","title":{"rendered":"Zagyvar\u00e9kasi gyilkoss\u00e1g"},"content":{"rendered":"<div class='booster-block booster-read-block'><\/div><p>&#8216;<\/p>\n<p>A rend\u0151rs\u00e9g teljesen lez\u00e1rta a h\u00e1z k\u00f6rny\u00e9k\u00e9t, st\u00e1bunkat sem engedt\u00e9k k\u00f6zelebb. A helysz\u00ednen a  b\u0171ncselekm\u00e9nyre utal\u00f3 nyomokat kijel\u00f6lt\u00e9k, a technikusok pedig \u00f3r\u00e1kon \u00e1t dolgoztak az \u00e9p\u00fcletben \u00e9s annak el\u0151kertj\u00e9ben. Inform\u00e1ci\u00f3ink szerint kora d\u00e9lut\u00e1n  &#8211;   egy \u00e9telfut\u00e1r  &#8211;   tal\u00e1lt r\u00e1 a n\u0151re, aki ezut\u00e1n r\u00f6gt\u00f6n \u00e9rtes\u00edtette a rend\u0151rs\u00e9get \u00e9s a ment\u0151ket  &#8211;   ut\u00f3bbiak m\u00e1r nem tudtak seg\u00edteni az asszonyon.<\/p>\n<p>-\u00c9n nem l\u00e1ttam senki olyat, aki nem odaval\u00f3 lett volna.&#8221;  &#8211;   mondta Horv\u00e1th Imr\u00e9ne.<\/p>\n<p>Ezt mondja egy k\u00f6rny\u00e9ken \u00e9l\u0151 h\u00f6lgy, nem l\u00e1tott senki a h\u00e1z k\u00f6r\u00fcl tegnap d\u00e9lel\u0151tt. Horv\u00e1th Imr\u00e9n\u00e9 \u00fagy tudja: meggyilkolt\u00e1k az id\u0151s asszonyt, veje ugyanis pr\u00f3b\u00e1lt seg\u00edteni neki, \u0151 pedig azt l\u00e1tta, hogy v\u00e1g\u00e1s volt a nyak\u00e1n.<\/p>\n<p>Ma reggelre m\u00e1r lez\u00e1rta a rend\u0151rs\u00e9g a h\u00e1zat, mozg\u00e1snak nyoma sem volt. A helyiek megd\u00f6bbentek az eset hallat\u00e1n.<\/p>\n<p>-Nagyon j\u00f3 ismer\u0151s volt, egy aranyos, id\u0151s h\u00f6lgy volt. Ilyeneket csin\u00e1lnak&#038;#8230<br \/><\/p>\n","protected":false},"excerpt":{"rendered":"<p>&#8216; A rend\u0151rs\u00e9g teljesen lez\u00e1rta a h\u00e1z k\u00f6rny\u00e9k\u00e9t, st\u00e1bunkat sem engedt\u00e9k k\u00f6zelebb. A helysz\u00ednen a b\u0171ncselekm\u00e9nyre utal\u00f3 nyomokat kijel\u00f6lt\u00e9k, a technikusok pedig \u00f3r\u00e1kon \u00e1t dolgoztak az \u00e9p\u00fcletben \u00e9s annak el\u0151kertj\u00e9ben. Inform\u00e1ci\u00f3ink szerint kora d\u00e9lut\u00e1n &#8211; egy \u00e9telfut\u00e1r &#8211; tal\u00e1lt r\u00e1 a n\u0151re, aki ezut\u00e1n r\u00f6gt\u00f6n \u00e9rtes\u00edtette a rend\u0151rs\u00e9get \u00e9s a ment\u0151ket &#8211; ut\u00f3bbiak m\u00e1r nem [&hellip;]<\/p>\n","protected":false},"author":2,"featured_media":0,"comment_status":"closed","ping_status":"closed","sticky":false,"template":"","format":"standard","meta":[],"categories":[9],"tags":[],"_links":{"self":[{"href":"http:\/\/archiv.szolnoktv.hu\/index.php?rest_route=\/wp\/v2\/posts\/9474"}],"collection":[{"href":"http:\/\/archiv.szolnoktv.hu\/index.php?rest_route=\/wp\/v2\/posts"}],"about":[{"href":"http:\/\/archiv.szolnoktv.hu\/index.php?rest_route=\/wp\/v2\/types\/post"}],"author":[{"embeddable":true,"href":"http:\/\/archiv.szolnoktv.hu\/index.php?rest_route=\/wp\/v2\/users\/2"}],"replies":[{"embeddable":true,"href":"http:\/\/archiv.szolnoktv.hu\/index.php?rest_route=%2Fwp%2Fv2%2Fcomments&post=9474"}],"version-history":[{"count":1,"href":"http:\/\/archiv.szolnoktv.hu\/index.php?rest_route=\/wp\/v2\/posts\/9474\/revisions"}],"predecessor-version":[{"id":9581,"href":"http:\/\/archiv.szolnoktv.hu\/index.php?rest_route=\/wp\/v2\/posts\/9474\/revisions\/9581"}],"wp:attachment":[{"href":"http:\/\/archiv.szolnoktv.hu\/index.php?rest_route=%2Fwp%2Fv2%2Fmedia&parent=9474"}],"wp:term":[{"taxonomy":"category","embeddable":true,"href":"http:\/\/archiv.szolnoktv.hu\/index.php?rest_route=%2Fwp%2Fv2%2Fcategories&post=9474"},{"taxonomy":"post_tag","embeddable":true,"href":"http:\/\/archiv.szolnoktv.hu\/index.php?rest_route=%2Fwp%2Fv2%2Ftags&post=9474"}],"curies":[{"name":"wp","href":"https:\/\/api.w.org\/{rel}","templated":true}]}}