{"id":9473,"date":"2018-07-03T16:06:10","date_gmt":"2018-07-03T16:06:10","guid":{"rendered":"http:\/\/archiv.szolnoktv.hu\/?p=9473"},"modified":"2021-08-14T14:49:45","modified_gmt":"2021-08-14T14:49:45","slug":"agora-sajtotajekoztato-tisza-parti-nyar","status":"publish","type":"post","link":"http:\/\/archiv.szolnoktv.hu\/?p=9473","title":{"rendered":"Ag\u00f3ra sajt\u00f3t\u00e1j\u00e9koztat\u00f3 Tisza-parti ny\u00e1r"},"content":{"rendered":"<div class='booster-block booster-read-block'><\/div><p>19. alkalommal is elstartol a Tisza-parti Ny\u00e1r p\u00e9nteken. A rendezv\u00e9nysorozat az Eml\u00e9kkoncerttel kezd\u0151dik. Ezt 2010 \u00f3ta, minden \u00e9vben megrendezik. Az itt fell\u00e9p\u0151k a m\u00e1r elt\u00e1vozott zen\u00e9szek eml\u00e9ke el\u0151tt tisztelegnek. <\/p>\n<p>-2010-ben 17 zen\u00e9sz halottunk volt, \u00e9gi zen\u00e9sz\u00fcnk volt. Most meg 68-an vannak.&#8221; -mondta L\u00e1szl\u00f3 B\u00e9la, az Eml\u00e9kkoncert szervez\u0151je.<\/p>\n<p>A Hild t\u00e9ren nosztalgikus hangulat \u00e9s ingyenes koncertek v\u00e1rj\u00e1k az \u00e9rdekl\u0151d\u0151ket most h\u00e9tv\u00e9g\u00e9n. A k\u00f6vetkez\u0151 szombaton: J\u00falius 14-\u00e9n  motorker\u00e9kp\u00e1r- \u00e9s aut\u00f3csod\u00e1k lepik el a teret. A v\u00e1ros legnagyobb motoros bulij\u00e1t \u00edg\u00e9rik, gyermek \u00e9s feln\u0151tt motoros felvonul\u00e1ssal \u00e9s -streetfighter&#8221; bemutat\u00f3val.<\/p>\n<p>-Ami itt, ebbe a buliba van, a csal\u00e1dok, a gyerekmotoroz\u00e1ssal kezdve, eg\u00e9szen a nagy egy\u00fcttes, a szt\u00e1r fell\u00e9p\u0151ig, ez a d\u00e9lut\u00e1n ez olyan hangulatot teremt itt azt gondolom, a rock and roll az mindig megmozgat.&#8221; -mondta Kov\u00e1cs Mih\u00e1ly, a V2 Bikers Szolnok Motorosok Bar\u00e1ti K\u00f6re k\u00e9pvisel\u0151je.<\/p>\n<p>Az eg\u00e9sz napos Gar\u00e1zsfesztiv\u00e1l ut\u00e1n este a KFT egy\u00fcttes, majd egy rockabilly tri\u00f3 veszi birtokba a sz\u00ednpadot. <\/p>\n<p>-J\u00falius 13-\u00e1n ism\u00e9t megnyitja kapuit a szolnoki V\u00e1rosh\u00e1za. Sz\u00f3rakoztat\u00f3 programokkal, k\u00e9pz\u0151m\u0171v\u00e9szeti t\u00e1rlattal v\u00e1rja a kedves vend\u00e9geket. A rendezv\u00e9ny 18 \u00f3rakor kezd\u0151dik \u00fcnnep\u00e9lyes megnyit\u00f3val a V\u00e1rosh\u00e1za Hubai Ferenc d\u00edszterm\u00e9ben.&#8221; -mondta Zombori T\u00edmea, a rendezv\u00e9ny egyik szervez\u0151je.<\/p>\n<p>Ezt k\u00f6vet\u0151en Verebes Gy\u00f6rgy Munk\u00e1csy-d\u00edjas fest\u0151m\u0171v\u00e9sz a Szolnoki M\u0171v\u00e9sztelep ki\u00e1ll\u00edt\u00e1s\u00e1t nyitja meg. Az est\u00e9t pedig szimfonikus zenekar \u00e9s egy LED zsongl\u0151r bemutat\u00f3 is sz\u00ednes\u00edti. A Tisza-parti ny\u00e1r \u00e9s a V\u00e1rosh\u00e1zi est programjai \u00e9s koncertjei ingyenesek. J\u00falius 20-\u00e1n \u00e9s 21-\u00e9n a S\u00e9f Randev\u00fa, egyed\u00fcl\u00e1ll\u00f3 gasztroshowt rendezik meg, imm\u00e1ron 4. alkalommal. 7 s\u00e9f \u00e9telk\u00fcl\u00f6nlegess\u00e9geit k\u00f3stolhatj\u00e1k meg az \u00e9rdekl\u0151d\u0151k. Itt lesz a Konyhaf\u0151n\u0151k- b\u0151l j\u00f3l ismert V\u00e1ri D\u00e1vid is.<br \/>-\u00d5 r\u00f3la ink\u00e1bb azt \u00e9rdemes tudni most m\u00e1r, hogy Magyarorsz\u00e1gon a vad \u00e9telek f\u0151z\u00e9s\u00e9nek a nagymestere \u00e9s \u0151 a h\u00edrviv\u0151je a vad\u00e9teleknek, mindenf\u00e9le k\u00fcl\u00f6nb\u00f6z\u0151 elk\u00e9sz\u00edt\u00e9s\u00e9ben. \u00c9s \u0151t itt is k\u00f6sz\u00f6nthetj\u00fck mind k\u00e9t napon.&#8221;-mondta P\u00e1link\u00e1s Csaba, az Aba-Nov\u00e1k Ag\u00f3ra kultur\u00e1lis szervez\u0151je.<br \/>Lazacot, marh\u00e1t, kecsk\u00e9t, csirkeh\u00fast, borokat, s\u00f6r\u00f6ket, kokt\u00e9lokat \u00e9s k\u00e9zm\u0171ves fagylaltot is k\u00f3stolhatnak, azok, akik kil\u00e1togatnak j\u00falius 20-\u00e1n \u00e9s 21-\u00e9n a Hild t\u00e9rre. A bel\u00e9p\u0151   &#8211;   a rendezv\u00e9ny saj\u00e1tos fizet\u0151 eszk\u00f6z\u00e9vel- 2 S\u00e9f Tall\u00e9rral, azaz 600 forint\u00e9rt v\u00e1lthat\u00f3. A ny\u00e1r esti csal\u00e1di \u00e9lm\u00e9nyt a gyermekfoglalkoztat\u00f3, ki\u00e1ll\u00edt\u00e1s \u00e9s az egyed\u00fcl\u00e1ll\u00f3 f\u0151z\u0151show teszi feledhetetlenn\u00e9.<\/p>\n<div style=\"width: 640px;\" class=\"wp-video\"><!--[if lt IE 9]><script>document.createElement('video');<\/script><![endif]-->\n<video class=\"wp-video-shortcode\" id=\"video-9473-1\" width=\"640\" height=\"360\" preload=\"metadata\" controls=\"controls\"><source type=\"video\/mp4\" src=\"\/spots\/hir\/hir_180703_04.mp4?_=1\" \/><a href=\"\/spots\/hir\/hir_180703_04.mp4\">\/spots\/hir\/hir_180703_04.mp4<\/a><\/video><\/div>\n","protected":false},"excerpt":{"rendered":"<p>19. alkalommal is elstartol a Tisza-parti Ny\u00e1r p\u00e9nteken. A rendezv\u00e9nysorozat az Eml\u00e9kkoncerttel kezd\u0151dik. Ezt 2010 \u00f3ta, minden \u00e9vben megrendezik. Az itt fell\u00e9p\u0151k a m\u00e1r elt\u00e1vozott zen\u00e9szek eml\u00e9ke el\u0151tt tisztelegnek. -2010-ben 17 zen\u00e9sz halottunk volt, \u00e9gi zen\u00e9sz\u00fcnk volt. Most meg 68-an vannak.&#8221; -mondta L\u00e1szl\u00f3 B\u00e9la, az Eml\u00e9kkoncert szervez\u0151je. A Hild t\u00e9ren nosztalgikus hangulat \u00e9s ingyenes koncertek [&hellip;]<\/p>\n","protected":false},"author":2,"featured_media":0,"comment_status":"closed","ping_status":"closed","sticky":false,"template":"","format":"standard","meta":[],"categories":[9],"tags":[],"_links":{"self":[{"href":"http:\/\/archiv.szolnoktv.hu\/index.php?rest_route=\/wp\/v2\/posts\/9473"}],"collection":[{"href":"http:\/\/archiv.szolnoktv.hu\/index.php?rest_route=\/wp\/v2\/posts"}],"about":[{"href":"http:\/\/archiv.szolnoktv.hu\/index.php?rest_route=\/wp\/v2\/types\/post"}],"author":[{"embeddable":true,"href":"http:\/\/archiv.szolnoktv.hu\/index.php?rest_route=\/wp\/v2\/users\/2"}],"replies":[{"embeddable":true,"href":"http:\/\/archiv.szolnoktv.hu\/index.php?rest_route=%2Fwp%2Fv2%2Fcomments&post=9473"}],"version-history":[{"count":1,"href":"http:\/\/archiv.szolnoktv.hu\/index.php?rest_route=\/wp\/v2\/posts\/9473\/revisions"}],"predecessor-version":[{"id":9582,"href":"http:\/\/archiv.szolnoktv.hu\/index.php?rest_route=\/wp\/v2\/posts\/9473\/revisions\/9582"}],"wp:attachment":[{"href":"http:\/\/archiv.szolnoktv.hu\/index.php?rest_route=%2Fwp%2Fv2%2Fmedia&parent=9473"}],"wp:term":[{"taxonomy":"category","embeddable":true,"href":"http:\/\/archiv.szolnoktv.hu\/index.php?rest_route=%2Fwp%2Fv2%2Fcategories&post=9473"},{"taxonomy":"post_tag","embeddable":true,"href":"http:\/\/archiv.szolnoktv.hu\/index.php?rest_route=%2Fwp%2Fv2%2Ftags&post=9473"}],"curies":[{"name":"wp","href":"https:\/\/api.w.org\/{rel}","templated":true}]}}