{"id":9472,"date":"2018-07-03T16:00:01","date_gmt":"2018-07-03T16:00:01","guid":{"rendered":"http:\/\/archiv.szolnoktv.hu\/?p=9472"},"modified":"2021-08-14T14:49:46","modified_gmt":"2021-08-14T14:49:46","slug":"szombaton-ismet-reptar-piknik","status":"publish","type":"post","link":"http:\/\/archiv.szolnoktv.hu\/?p=9472","title":{"rendered":"Szombaton ism\u00e9t RepT\u00e1r Piknik"},"content":{"rendered":"<div class='booster-block booster-read-block'><\/div><p> M\u00e1r a nulladik napon, vagyis p\u00e9nteken elkezd\u0151dnek a programok a Rept\u00e1rban. 17 \u00f3r\u00e1t\u00f3l a Vasminiszterre, Baross G\u00e1borra eml\u00e9keznek egy el\u0151ad\u00e1s keret\u00e9ben, az esti \u00f3r\u00e1kban pedig a n\u00e9pszer\u0171 \u00e9nekesn\u0151 R\u00fazsa Magdi ad \u00e9l\u0151 nagykoncertet. A rep\u00fcl\u0151m\u00fazeum m\u00e1sodik alkalommal szervezi meg a m\u00fazeumi pikniket. <\/p>\n<p>-Ez a Rept\u00e1rnak az \u00f6n\u00e1ll\u00f3 nagy rendezv\u00e9nye. Eg\u00e9sz napos rendezv\u00e9ny. M\u00e9rs\u00e9kelt jegy\u00e1rakkal v\u00e1rjuk az ide l\u00e1togat\u00f3 vend\u00e9geket.1500 forint a bel\u00e9p\u0151 erre a napra. 9 \u00f3r\u00e1t\u00f3l este h\u00e9tig tart nyitva a Rept\u00e1r \u00e9s a megl\u00e9v\u0151 \u00e9s a megl\u00e9v\u0151 \u00e9lm\u00e9nyelemeink mellett rengeteg izgalmas programot hozunk be a m\u00fazeumba. &#8211;mondta  Kov\u00e1cs \u00c1kos, \u00fcgyvezet\u0151 igazgat\u00f3.<\/p>\n<p>Id\u00e9n kipr\u00f3b\u00e1lhatj\u00e1k a l\u00e1togat\u00f3k a Mi-24-es, Mi-8p \u00e9s Mig-21-es pil\u00f3taf\u00fclk\u00e9t is. A Hang\u00e1r \u00e9p\u00fcletben Gamer Z\u00f3n\u00e1t alak\u00edtanak ki a Play It szervez\u0151ivel. A rajong\u00f3k tal\u00e1lkozhatnak  k\u00e9t youtuberrel, Szalay Istivel \u00e9s Unfielddel. A tavalyi sikerre val\u00f3 tekintettel id\u00e9n is lesz kooper\u00e1ci\u00f3s erny\u0151, \u00e9s megelevenedik az Angry Birds is 3 dimenzi\u00f3s val\u00f3s\u00e1gban.Tavaly t\u00f6bb mint 1500-an voltak k\u00edv\u00e1ncsiak az els\u0151 piknikre, a rep\u00fcl\u0151m\u00fazeum id\u00e9n is hasonl\u00f3 \u00e9rdekl\u0151d\u00e9sre sz\u00e1m\u00edt. <\/p>\n<div style=\"width: 640px;\" class=\"wp-video\"><!--[if lt IE 9]><script>document.createElement('video');<\/script><![endif]-->\n<video class=\"wp-video-shortcode\" id=\"video-9472-1\" width=\"640\" height=\"360\" preload=\"metadata\" controls=\"controls\"><source type=\"video\/mp4\" src=\"\/spots\/hir\/hir_180703_03.mp4?_=1\" \/><a href=\"\/spots\/hir\/hir_180703_03.mp4\">\/spots\/hir\/hir_180703_03.mp4<\/a><\/video><\/div>\n","protected":false},"excerpt":{"rendered":"<p>M\u00e1r a nulladik napon, vagyis p\u00e9nteken elkezd\u0151dnek a programok a Rept\u00e1rban. 17 \u00f3r\u00e1t\u00f3l a Vasminiszterre, Baross G\u00e1borra eml\u00e9keznek egy el\u0151ad\u00e1s keret\u00e9ben, az esti \u00f3r\u00e1kban pedig a n\u00e9pszer\u0171 \u00e9nekesn\u0151 R\u00fazsa Magdi ad \u00e9l\u0151 nagykoncertet. A rep\u00fcl\u0151m\u00fazeum m\u00e1sodik alkalommal szervezi meg a m\u00fazeumi pikniket. -Ez a Rept\u00e1rnak az \u00f6n\u00e1ll\u00f3 nagy rendezv\u00e9nye. Eg\u00e9sz napos rendezv\u00e9ny. M\u00e9rs\u00e9kelt jegy\u00e1rakkal v\u00e1rjuk [&hellip;]<\/p>\n","protected":false},"author":2,"featured_media":0,"comment_status":"closed","ping_status":"closed","sticky":false,"template":"","format":"standard","meta":[],"categories":[9],"tags":[],"_links":{"self":[{"href":"http:\/\/archiv.szolnoktv.hu\/index.php?rest_route=\/wp\/v2\/posts\/9472"}],"collection":[{"href":"http:\/\/archiv.szolnoktv.hu\/index.php?rest_route=\/wp\/v2\/posts"}],"about":[{"href":"http:\/\/archiv.szolnoktv.hu\/index.php?rest_route=\/wp\/v2\/types\/post"}],"author":[{"embeddable":true,"href":"http:\/\/archiv.szolnoktv.hu\/index.php?rest_route=\/wp\/v2\/users\/2"}],"replies":[{"embeddable":true,"href":"http:\/\/archiv.szolnoktv.hu\/index.php?rest_route=%2Fwp%2Fv2%2Fcomments&post=9472"}],"version-history":[{"count":1,"href":"http:\/\/archiv.szolnoktv.hu\/index.php?rest_route=\/wp\/v2\/posts\/9472\/revisions"}],"predecessor-version":[{"id":9583,"href":"http:\/\/archiv.szolnoktv.hu\/index.php?rest_route=\/wp\/v2\/posts\/9472\/revisions\/9583"}],"wp:attachment":[{"href":"http:\/\/archiv.szolnoktv.hu\/index.php?rest_route=%2Fwp%2Fv2%2Fmedia&parent=9472"}],"wp:term":[{"taxonomy":"category","embeddable":true,"href":"http:\/\/archiv.szolnoktv.hu\/index.php?rest_route=%2Fwp%2Fv2%2Fcategories&post=9472"},{"taxonomy":"post_tag","embeddable":true,"href":"http:\/\/archiv.szolnoktv.hu\/index.php?rest_route=%2Fwp%2Fv2%2Ftags&post=9472"}],"curies":[{"name":"wp","href":"https:\/\/api.w.org\/{rel}","templated":true}]}}