{"id":9471,"date":"2018-07-03T15:51:45","date_gmt":"2018-07-03T15:51:45","guid":{"rendered":"http:\/\/archiv.szolnoktv.hu\/?p=9471"},"modified":"2021-08-14T14:49:46","modified_gmt":"2021-08-14T14:49:46","slug":"90-eves-neni-koszontese","status":"publish","type":"post","link":"http:\/\/archiv.szolnoktv.hu\/?p=9471","title":{"rendered":"90 \u00e9ves n\u00e9ni k\u00f6sz\u00f6nt\u00e9se"},"content":{"rendered":"<div class='booster-block booster-read-block'><\/div><p>L\u00e1szl\u00f3 Bal\u00e1zsn\u00e9 Ica n\u00e9nit 90 \u00e9ves sz\u00fclet\u00e9snapj\u00e1n lepte meg a v\u00e1ros. M\u00e1r a k\u00f6sz\u00f6nt\u00e9s el\u0151tt  el\u0151ker\u00fcltek a r\u00e9gi fot\u00f3k. <br \/>Ica n\u00e9ni sz\u00edvesen eleven\u00edtette fel a m\u00faltat, mely v\u00e9gig a megyesz\u00e9khelyhez k\u00f6t\u00f6tte.<\/p>\n<p>L\u00e1szl\u00f3 Bal\u00e1zsn\u00e9:<\/p>\n<p>-&#8220;T\u0151sgy\u00f6keres szolnoki vagyok, mert m\u00e9g az ap\u00e1m is itt sz\u00fcletett, teh\u00e1t t\u00e9nyleg szolnoki. &#8211;<\/p>\n<p>Ma is sz\u00edvesen n\u00e9zel\u0151dik az ablakon, azt utc\u00e1ra  m\u00e1r csak ritk\u00e1n j\u00e1r le. H\u00e1zb\u00e9li bar\u00e1tn\u0151ivel besz\u00e9lget. A m\u00faltr\u00f3l is. A Szolnoki Ruh\u00e1zati KTSZ dolgoz\u00f3ja volt nyugd\u00edjaz\u00e1s\u00e1ig-mes\u00e9lte. <\/p>\n<p>L\u00e1szl\u00f3 Bal\u00e1zsn\u00e9<\/p>\n<p>-&#8220;H\u00e1t varrtam, ez volt, ezt is tanultam, szab\u00f3s\u00e1gban dolgoztam sz\u00f6vetkezetben, 50-t\u0151l 83-ig, sz\u00f3val hossz\u00fa id\u0151szak volt. &#8211;<\/p>\n<p>1950 -ben ment f\u00e9rjez , k\u00e9t l\u00e1nya sz\u00fcletett, f\u00e9rj\u00e9t 82-ben vesztette el, az\u00f3ta egyed\u00fcl \u00e9l. Unok\u00e1i, d\u00e9dunok\u00e1i \u00e9ltetik, a szolnoki kisfi\u00fa k\u00f6sz\u00f6nt\u00e9sekor is ott s\u00fcrg\u00f6l\u0151d\u00f6tt  k\u00f6r\u00fcl\u00f6tte. <br \/>A v\u00e1ros gesztusa k\u00f6nnyekig meghatotta Ica n\u00e9nit. <br \/>A szok\u00e1sokhoz h\u0171en a Magyarorsz\u00e1g minisztereln\u00f6ke \u00e1ltal al\u00e1\u00edrt eml\u00e9knapot is megkapta. A meglepet\u00e9sek sor\u00e1t a torta z\u00e1rta, melynek gyerty\u00e1it \u00f6r\u00f6mmel f\u00fajta el. A kor\u00e1hoz k\u00e9pest akt\u00edv, b\u00e1r a mindennapokban sok seg\u00edts\u00e9gre szorul, az\u00e9rt m\u00e9g h\u00e9tv\u00e9genk\u00e9nt sz\u00edvesen f\u0151z. <\/p>\n<div style=\"width: 640px;\" class=\"wp-video\"><!--[if lt IE 9]><script>document.createElement('video');<\/script><![endif]-->\n<video class=\"wp-video-shortcode\" id=\"video-9471-1\" width=\"640\" height=\"360\" preload=\"metadata\" controls=\"controls\"><source type=\"video\/mp4\" src=\"\/spots\/hir\/hir_180703_02.mp4?_=1\" \/><a href=\"\/spots\/hir\/hir_180703_02.mp4\">\/spots\/hir\/hir_180703_02.mp4<\/a><\/video><\/div>\n","protected":false},"excerpt":{"rendered":"<p>L\u00e1szl\u00f3 Bal\u00e1zsn\u00e9 Ica n\u00e9nit 90 \u00e9ves sz\u00fclet\u00e9snapj\u00e1n lepte meg a v\u00e1ros. M\u00e1r a k\u00f6sz\u00f6nt\u00e9s el\u0151tt el\u0151ker\u00fcltek a r\u00e9gi fot\u00f3k. Ica n\u00e9ni sz\u00edvesen eleven\u00edtette fel a m\u00faltat, mely v\u00e9gig a megyesz\u00e9khelyhez k\u00f6t\u00f6tte. L\u00e1szl\u00f3 Bal\u00e1zsn\u00e9: -&#8220;T\u0151sgy\u00f6keres szolnoki vagyok, mert m\u00e9g az ap\u00e1m is itt sz\u00fcletett, teh\u00e1t t\u00e9nyleg szolnoki. &#8211; Ma is sz\u00edvesen n\u00e9zel\u0151dik az ablakon, azt utc\u00e1ra [&hellip;]<\/p>\n","protected":false},"author":2,"featured_media":0,"comment_status":"closed","ping_status":"closed","sticky":false,"template":"","format":"standard","meta":[],"categories":[9],"tags":[],"_links":{"self":[{"href":"http:\/\/archiv.szolnoktv.hu\/index.php?rest_route=\/wp\/v2\/posts\/9471"}],"collection":[{"href":"http:\/\/archiv.szolnoktv.hu\/index.php?rest_route=\/wp\/v2\/posts"}],"about":[{"href":"http:\/\/archiv.szolnoktv.hu\/index.php?rest_route=\/wp\/v2\/types\/post"}],"author":[{"embeddable":true,"href":"http:\/\/archiv.szolnoktv.hu\/index.php?rest_route=\/wp\/v2\/users\/2"}],"replies":[{"embeddable":true,"href":"http:\/\/archiv.szolnoktv.hu\/index.php?rest_route=%2Fwp%2Fv2%2Fcomments&post=9471"}],"version-history":[{"count":1,"href":"http:\/\/archiv.szolnoktv.hu\/index.php?rest_route=\/wp\/v2\/posts\/9471\/revisions"}],"predecessor-version":[{"id":9584,"href":"http:\/\/archiv.szolnoktv.hu\/index.php?rest_route=\/wp\/v2\/posts\/9471\/revisions\/9584"}],"wp:attachment":[{"href":"http:\/\/archiv.szolnoktv.hu\/index.php?rest_route=%2Fwp%2Fv2%2Fmedia&parent=9471"}],"wp:term":[{"taxonomy":"category","embeddable":true,"href":"http:\/\/archiv.szolnoktv.hu\/index.php?rest_route=%2Fwp%2Fv2%2Fcategories&post=9471"},{"taxonomy":"post_tag","embeddable":true,"href":"http:\/\/archiv.szolnoktv.hu\/index.php?rest_route=%2Fwp%2Fv2%2Ftags&post=9471"}],"curies":[{"name":"wp","href":"https:\/\/api.w.org\/{rel}","templated":true}]}}