{"id":9470,"date":"2018-07-03T15:03:39","date_gmt":"2018-07-03T15:03:39","guid":{"rendered":"http:\/\/archiv.szolnoktv.hu\/?p=9470"},"modified":"2021-08-14T14:49:47","modified_gmt":"2021-08-14T14:49:47","slug":"baross-gabor-emlekere-koszoruzott-a-vasutas-nyugdijas-klub","status":"publish","type":"post","link":"http:\/\/archiv.szolnoktv.hu\/?p=9470","title":{"rendered":"Baross G\u00e1bor eml\u00e9k\u00e9re koszor\u00fazott a vasutas nyugd\u00edjas klub"},"content":{"rendered":"<div class='booster-block booster-read-block'><\/div><p>-A klub minden \u00e9vben vasutasnapra megkoszor\u00fazza eml\u00e9kt\u00e1bl\u00e1j\u00e1t.&#8221; <\/p>\n<p>Tisztelettel \u00e9s kegyelettel ad\u00f3zik Baross G\u00e1bor eml\u00e9ke el\u0151tt a vasminiszterr\u0151l elnevezett nyugd\u00edjas klub &#8211; mondta a klubvezet\u0151 ma reggel a vas\u00fat\u00e1llom\u00e1son. Bodor Istv\u00e1nn\u00e9 \u00fagy fogalmazott: 68. alkalommal tartanak vasutasnapot Magyarorsz\u00e1gon, illetve id\u00e9n \u00fcnneplik a vas\u00fat fejleszt\u00e9s\u00e9ben meghat\u00e1roz\u00f3 szerepet bet\u00f6lt\u0151 Baross G\u00e1bor sz\u00fclet\u00e9s\u00e9nek 170 \u00e9vfordul\u00f3j\u00e1t. <\/p>\n<p>-Sz\u00e1munkra, a v\u00e1ros sz\u00e1m\u00e1ra fontos volt, amikor 1,5 \u00e9vig tart\u00f3 munka ut\u00e1n, 1888. november 31-\u00e9n \u00e1tadta a forgalomnak a Tisz\u00e1n \u00e9p\u00edtett vasszerkezet\u0171, k\u00e9t v\u00e1g\u00e1ny\u00fa vas\u00fati hidat.&#8221;  &#8211; mondta Bodor Istv\u00e1nn\u00e9<\/p>\n<p>Baross G\u00e1bor a nemzeti gazdas\u00e1gpolitik\u00e1nak rendelte al\u00e1 a k\u00f6zleked\u00e9spolitik\u00e1t. Egyik legjelent\u0151sebb reformja a vas\u00fati szem\u00e9lysz\u00e1ll\u00edt\u00e1sban a z\u00f3natarifa-rendszer megalkot\u00e1sa volt, amelyben a vas\u00fatt\u00e1rsas\u00e1gok d\u00edjszab\u00e1sait egys\u00e9ges\u00edtette, illetve a t\u00e1volabbi utaz\u00e1sokat olcs\u00f3bb\u00e1 tette. A tarifarendszer \u00e1talak\u00edt\u00e1s\u00e1val a hazai mez\u0151gazdas\u00e1g versenyk\u00e9pess\u00e9g\u00e9t, illetve az ipar \u00e9s a kereskedelem \u00e9rdekeit tartotta szem el\u0151tt, olykor a vas\u00fat j\u00f6vedelmez\u0151s\u00e9g\u00e9nek k\u00e1r\u00e1ra is.<\/p>\n<p>-Megfesz\u00edtett temp\u00f3ja \u00e9s tenni akar\u00e1sa fel\u0151r\u00f6lte szervezet\u00e9t, megbetegedett, majd fiatalon 44 \u00e9vesen elhal\u00e1lozott 1892. m\u00e1jus 9-\u00e9n.&#8221;  &#8211;   emelte ki Bodor Istv\u00e1nn\u00e9<\/p>\n<p>Az \u00fcnneps\u00e9g v\u00e9g\u00e9n a hagyom\u00e1nyokhoz hasonl\u00f3an, az \u00e1llom\u00e1s bej\u00e1rat\u00e1n\u00e1l tal\u00e1lhat\u00f3 eml\u00e9kt\u00e1bl\u00e1n\u00e1l helyezt\u00e9k el a eml\u00e9kez\u00e9s \u00e9s a tisztelet koszor\u00fait az \u00fcnnepl\u0151k.<\/p>\n<div style=\"width: 640px;\" class=\"wp-video\"><!--[if lt IE 9]><script>document.createElement('video');<\/script><![endif]-->\n<video class=\"wp-video-shortcode\" id=\"video-9470-1\" width=\"640\" height=\"360\" preload=\"metadata\" controls=\"controls\"><source type=\"video\/mp4\" src=\"\/spots\/hir\/hir_180703_01.mp4?_=1\" \/><a href=\"\/spots\/hir\/hir_180703_01.mp4\">\/spots\/hir\/hir_180703_01.mp4<\/a><\/video><\/div>\n","protected":false},"excerpt":{"rendered":"<p>-A klub minden \u00e9vben vasutasnapra megkoszor\u00fazza eml\u00e9kt\u00e1bl\u00e1j\u00e1t.&#8221; Tisztelettel \u00e9s kegyelettel ad\u00f3zik Baross G\u00e1bor eml\u00e9ke el\u0151tt a vasminiszterr\u0151l elnevezett nyugd\u00edjas klub &#8211; mondta a klubvezet\u0151 ma reggel a vas\u00fat\u00e1llom\u00e1son. Bodor Istv\u00e1nn\u00e9 \u00fagy fogalmazott: 68. alkalommal tartanak vasutasnapot Magyarorsz\u00e1gon, illetve id\u00e9n \u00fcnneplik a vas\u00fat fejleszt\u00e9s\u00e9ben meghat\u00e1roz\u00f3 szerepet bet\u00f6lt\u0151 Baross G\u00e1bor sz\u00fclet\u00e9s\u00e9nek 170 \u00e9vfordul\u00f3j\u00e1t. -Sz\u00e1munkra, a v\u00e1ros sz\u00e1m\u00e1ra [&hellip;]<\/p>\n","protected":false},"author":2,"featured_media":0,"comment_status":"closed","ping_status":"closed","sticky":false,"template":"","format":"standard","meta":[],"categories":[9],"tags":[],"_links":{"self":[{"href":"http:\/\/archiv.szolnoktv.hu\/index.php?rest_route=\/wp\/v2\/posts\/9470"}],"collection":[{"href":"http:\/\/archiv.szolnoktv.hu\/index.php?rest_route=\/wp\/v2\/posts"}],"about":[{"href":"http:\/\/archiv.szolnoktv.hu\/index.php?rest_route=\/wp\/v2\/types\/post"}],"author":[{"embeddable":true,"href":"http:\/\/archiv.szolnoktv.hu\/index.php?rest_route=\/wp\/v2\/users\/2"}],"replies":[{"embeddable":true,"href":"http:\/\/archiv.szolnoktv.hu\/index.php?rest_route=%2Fwp%2Fv2%2Fcomments&post=9470"}],"version-history":[{"count":1,"href":"http:\/\/archiv.szolnoktv.hu\/index.php?rest_route=\/wp\/v2\/posts\/9470\/revisions"}],"predecessor-version":[{"id":9585,"href":"http:\/\/archiv.szolnoktv.hu\/index.php?rest_route=\/wp\/v2\/posts\/9470\/revisions\/9585"}],"wp:attachment":[{"href":"http:\/\/archiv.szolnoktv.hu\/index.php?rest_route=%2Fwp%2Fv2%2Fmedia&parent=9470"}],"wp:term":[{"taxonomy":"category","embeddable":true,"href":"http:\/\/archiv.szolnoktv.hu\/index.php?rest_route=%2Fwp%2Fv2%2Fcategories&post=9470"},{"taxonomy":"post_tag","embeddable":true,"href":"http:\/\/archiv.szolnoktv.hu\/index.php?rest_route=%2Fwp%2Fv2%2Ftags&post=9470"}],"curies":[{"name":"wp","href":"https:\/\/api.w.org\/{rel}","templated":true}]}}