{"id":9469,"date":"2018-07-02T18:24:53","date_gmt":"2018-07-02T18:24:53","guid":{"rendered":"http:\/\/archiv.szolnoktv.hu\/?p=9469"},"modified":"2021-08-14T14:49:47","modified_gmt":"2021-08-14T14:49:47","slug":"semmelweis-napi-unnepseg-2","status":"publish","type":"post","link":"http:\/\/archiv.szolnoktv.hu\/?p=9469","title":{"rendered":"Semmelweis-napi \u00fcnneps\u00e9g"},"content":{"rendered":"<div class='booster-block booster-read-block'><\/div><p>-Ez az elismer\u00e9s, amit most kapnak, csak egy kicsiny elismer\u00e9s, ahhoz k\u00e9pest, amit az asztalra letettek.&#8221;<\/p>\n<p>Piroska Mikl\u00f3s eln\u00f6k k\u00f6sz\u00f6nt\u00f6tte a Megyei K\u00f6zgy\u0171l\u00e9s nev\u00e9ben a Semmelweis-\u00fcnneps\u00e9g r\u00e9sztvev\u0151it. Az id\u00e9n 122 \u00e9ves Het\u00e9nyi G\u00e9za K\u00f3rh\u00e1zban a jeles nap arop\u00f3j\u00e1n \u00e9vr\u0151l- \u00e9vre felh\u00edvj\u00e1k a figyelmet a gy\u00f3gy\u00edt\u00f3 munka jelent\u0151s\u00e9g\u00e9re.<\/p>\n<p>-T\u00e1mogatnunk kell az elesetteket, a betegeket, gy\u00f3gy\u00edtanunk kell \u0151ket, ahogy tudjuk, ahogy tanultuk \u00e9s ahogy esk\u00fcdt\u00fcnk r\u00e1. \u00c9s ez\u00e9rt \u00f6r\u00fcl\u00f6k annak, hogy van ez a nap, ahol \u00fcnnepelhetj\u00fck ezt a tev\u00e9kenys\u00e9get, ezt az odaad\u00e1st, ezt a fajta \u00e9letutat  &#8211;   mert ez egy hitvall\u00e1s, ez nem szakma. Itt mindenki a legjobbj\u00e1t ny\u00fajtja a neh\u00e9z napokon is, ugyan \u00fagy kell gy\u00f3gy\u00edtania, mint a k\u00f6nnyebb napokon. Ez\u00e9rt k\u00f6sz\u00f6n\u00f6m \u00d6n\u00f6knek, hogy megtarthatjuk ezt az \u00fcnnepet.&#8221; -mondta Dr. Lippai Norbert mb. f\u0151igazgat\u00f3.<\/p>\n<p>2018-ban -Az \u00e9v orvosa&#8221; d\u00edjat Dr. Nagy Anita belgy\u00f3gy\u00e1sz f\u0151orvos kapta. Nagy munkab\u00edr\u00e1s\u00fa, szer\u00e9ny, prec\u00edz orvos, aki a dolgoz\u00f3k folyamatos tov\u00e1bbk\u00e9pz\u00e9s\u00e9nek lelkes aktivist\u00e1ja. Magas szint\u0171 elm\u00e9leti \u00e9s szakmai felk\u00e9sz\u00fclts\u00e9ge mellett a lelkiismeretess\u00e9g, a megb\u00edzhat\u00f3s\u00e1g \u00e9s a betegek emberi m\u00e9lt\u00f3s\u00e1g\u00e1nak tisztelete jellemzi. <\/p>\n<p>-Egy l\u00e1ncszem vagyok a beteg ell\u00e1t\u00e1s\u00e1nak \u00fcgy\u00e9ben, az, hogy \u00e9ppen az \u00e9n nevemet jegyezte meg, lehet, hogy csak a v\u00e9letlen. DE mindny\u00e1jan r\u00e9szt vettek a gy\u00f3gy\u00edt\u00e1s\u00e1ban \u00e9s ez a legfontosabb: hogy mindenki \u00e9rezze mag\u00e1\u00e9nak ezt a d\u00edjat, mert, ha valaki \u00fagy t\u00e1vozik a k\u00f3rh\u00e1zb\u00f3l, hogy el\u00e9gedett, hogy a f\u00e1jdalm\u00e1ban tudtunk seg\u00edteni, akkor az a legnagyobb d\u00edj \u00e9s a legnagyobb elismer\u00e9s. \u00c9s k\u00f6sz\u00f6n\u00f6m sz\u00e9pen.&#8221; -nyilatkozta Dr. Nagy Anita f\u0151orvos.<\/p>\n<p>A Ter\u00fcleti Orvosi Kamara Eln\u00f6ks\u00e9g\u00e9nek \u00e9letm\u0171d\u00edj\u00e1t Dr. Selmeci Szilvia aneszteziol\u00f3gus kapta. Dr. Selmeci Szilvia 1963-ban, az orvosi diploma k\u00e9zhezv\u00e9tel\u00e9t k\u00f6vet\u0151en a Het\u00e9nyi K\u00f3rh\u00e1zban helyezkedett el. Az aneszteziol\u00f3giai \u00e9s intenz\u00edv oszt\u00e1lyt 21 \u00e9vig vezette. Szakter\u00fclet\u00e9nek \u00e9vtizedeken kereszt\u00fcl meghat\u00e1roz\u00f3 szem\u00e9lyis\u00e9ge volt. Elismer\u0151 oklevelet vett \u00e1t rajta k\u00edv\u00fcl Czak\u00f3 Tibor \u00e1pol\u00f3 is, aki 2011 \u00f3ta tagja a Magyar Eg\u00e9szs\u00e9g\u00fcgyi Szakdolgoz\u00f3k Kamar\u00e1j\u00e1nak.<\/p>\n<p>-A szakm\u00e1t v\u00e1lasztottam, a f\u0151orvos \u00far  &#8211;   anno Karsai Kopp\u00e1ny f\u0151orvos \u00far  &#8211;   iskol\u00e1zott be. Szerettem a betegekkel b\u00e1nni, a mai napig is hivat\u00e1somnak \u00e9rzem. A d\u00edj nagyon meghatott, nagyon nagy boldogs\u00e1ggal t\u00f6lt\u00f6tt el.&#8221;<\/p>\n<p>Az \u00fcnneps\u00e9gen adjunktusi \u00e9s f\u0151orvosi kinevez\u00e9seket, t\u00f6rzsg\u00e1rda jutalmakat, Het\u00e9nyi elismer\u0151 oklevelet, f\u0151igazgat\u00f3i dics\u00e9retet, Het\u00e9nyi Eml\u00e9klapokat \u00e9s Arany Eml\u00e9k\u00e9rem d\u00edjakat ny\u00fajtottak \u00e1t, ezzel k\u00f6sz\u00f6nve meg a k\u00f3rh\u00e1z dolgoz\u00f3inak al\u00e1zatos \u00e9s magas szint\u0171 szakmai munk\u00e1j\u00e1t.<\/p>\n<div style=\"width: 640px;\" class=\"wp-video\"><!--[if lt IE 9]><script>document.createElement('video');<\/script><![endif]-->\n<video class=\"wp-video-shortcode\" id=\"video-9469-1\" width=\"640\" height=\"360\" preload=\"metadata\" controls=\"controls\"><source type=\"video\/mp4\" src=\"\/spots\/hir\/hir_180702_07.mp4?_=1\" \/><a href=\"\/spots\/hir\/hir_180702_07.mp4\">\/spots\/hir\/hir_180702_07.mp4<\/a><\/video><\/div>\n","protected":false},"excerpt":{"rendered":"<p>-Ez az elismer\u00e9s, amit most kapnak, csak egy kicsiny elismer\u00e9s, ahhoz k\u00e9pest, amit az asztalra letettek.&#8221; Piroska Mikl\u00f3s eln\u00f6k k\u00f6sz\u00f6nt\u00f6tte a Megyei K\u00f6zgy\u0171l\u00e9s nev\u00e9ben a Semmelweis-\u00fcnneps\u00e9g r\u00e9sztvev\u0151it. Az id\u00e9n 122 \u00e9ves Het\u00e9nyi G\u00e9za K\u00f3rh\u00e1zban a jeles nap arop\u00f3j\u00e1n \u00e9vr\u0151l- \u00e9vre felh\u00edvj\u00e1k a figyelmet a gy\u00f3gy\u00edt\u00f3 munka jelent\u0151s\u00e9g\u00e9re. -T\u00e1mogatnunk kell az elesetteket, a betegeket, gy\u00f3gy\u00edtanunk kell [&hellip;]<\/p>\n","protected":false},"author":2,"featured_media":0,"comment_status":"closed","ping_status":"closed","sticky":false,"template":"","format":"standard","meta":[],"categories":[9],"tags":[],"_links":{"self":[{"href":"http:\/\/archiv.szolnoktv.hu\/index.php?rest_route=\/wp\/v2\/posts\/9469"}],"collection":[{"href":"http:\/\/archiv.szolnoktv.hu\/index.php?rest_route=\/wp\/v2\/posts"}],"about":[{"href":"http:\/\/archiv.szolnoktv.hu\/index.php?rest_route=\/wp\/v2\/types\/post"}],"author":[{"embeddable":true,"href":"http:\/\/archiv.szolnoktv.hu\/index.php?rest_route=\/wp\/v2\/users\/2"}],"replies":[{"embeddable":true,"href":"http:\/\/archiv.szolnoktv.hu\/index.php?rest_route=%2Fwp%2Fv2%2Fcomments&post=9469"}],"version-history":[{"count":1,"href":"http:\/\/archiv.szolnoktv.hu\/index.php?rest_route=\/wp\/v2\/posts\/9469\/revisions"}],"predecessor-version":[{"id":9586,"href":"http:\/\/archiv.szolnoktv.hu\/index.php?rest_route=\/wp\/v2\/posts\/9469\/revisions\/9586"}],"wp:attachment":[{"href":"http:\/\/archiv.szolnoktv.hu\/index.php?rest_route=%2Fwp%2Fv2%2Fmedia&parent=9469"}],"wp:term":[{"taxonomy":"category","embeddable":true,"href":"http:\/\/archiv.szolnoktv.hu\/index.php?rest_route=%2Fwp%2Fv2%2Fcategories&post=9469"},{"taxonomy":"post_tag","embeddable":true,"href":"http:\/\/archiv.szolnoktv.hu\/index.php?rest_route=%2Fwp%2Fv2%2Ftags&post=9469"}],"curies":[{"name":"wp","href":"https:\/\/api.w.org\/{rel}","templated":true}]}}