{"id":9468,"date":"2018-07-02T15:44:34","date_gmt":"2018-07-02T15:44:34","guid":{"rendered":"http:\/\/archiv.szolnoktv.hu\/?p=9468"},"modified":"2021-08-14T14:49:48","modified_gmt":"2021-08-14T14:49:48","slug":"harman-vehettek-at-a-kalmandi-mihaly-dijat","status":"publish","type":"post","link":"http:\/\/archiv.szolnoktv.hu\/?p=9468","title":{"rendered":"H\u00e1rman vehett\u00e9k \u00e1t a K\u00e1lm\u00e1ndi Mih\u00e1ly d\u00edjat"},"content":{"rendered":"<div class='booster-block booster-read-block'><\/div><p>&#8211; Szolnok Megyei Jog\u00fa V\u00e1ros K\u00f6zgy\u0171l\u00e9se 1994-ben d\u00edjat alap\u00edtott a v\u00e1rosban az eg\u00e9szs\u00e9g\u00fcgy ter\u00fclet\u00e9n kimagasl\u00f3 munk\u00e1t v\u00e9gz\u0151 szakemberek  elismer\u00e9s\u00e9re. Az elismer\u00e9s a v\u00e1rosunkban hossz\u00fa id\u0151n kereszt\u00fcl \u00e1ldozatos gy\u00f3gy\u00edt\u00f3 munk\u00e1t v\u00e9gz\u0151, kiv\u00e9teles szoci\u00e1lis \u00e9rz\u00e9kenys\u00e9ggel rendelkez\u0151 orvosnak, Dr. K\u00e1lm\u00e1ndi Mih\u00e1lynak \u00e1ll\u00edt eml\u00e9ket. A v\u00e1rosh\u00e1z\u00e1n rendezett \u00fcnneps\u00e9gen Fej\u00e9r Andor k\u00f6sz\u00f6nt\u00f6tte az egybegy\u00fclteket. Az alpolg\u00e1rmester a prevenci\u00f3 fontoss\u00e1g\u00e1ra h\u00edvta fel a figyelmet. <\/p>\n<p>-B\u00e1tran elmondhatjuk, hogy Szolnok v\u00e1ros az eg\u00e9szs\u00e9g\u00fcgyi  prevenci\u00f3 ter\u00fclet\u00e9n is orsz\u00e1gos szinten \u00e9len j\u00e1r. T\u00f6bb olyan programot ind\u00edtottunk \u00e9vekkel ezel\u0151tt, amelyek orsz\u00e1gosan els\u0151k\u00e9nt indultak el. &#8211;<\/p>\n<p>Els\u0151k\u00e9nt Dr. Oswald \u00c1gnes vehette \u00e1t az elismer\u00e9st. A gyermekgy\u00f3gy\u00e1sz 1973-ban v\u00e9gzett a Szegedi Orvostudom\u00e1nyi Egyetem \u00c1ltal\u00e1nos Orvostudom\u00e1nyi Kar\u00e1n, 2004-t\u0151l a szolnoki k\u00f6z\u00e9piskol\u00e1kban ifj\u00fas\u00e1gi orvosk\u00e9nt kezdett dolgozni, melynek hat\u00e1s\u00e1ra iskola-eg\u00e9szs\u00e9gtan \u00e9s ifj\u00fas\u00e1gorvostan szakorvosi k\u00e9pes\u00edt\u00e9st szerzett. Az orvosl\u00e1s sz\u00e1m\u00e1ra nem szolg\u00e1ltat\u00e1s, hanem szolg\u00e1lat, nem szakma, hanem hivat\u00e1s. <\/p>\n<p>K\u00e1lm\u00e1ndi d\u00edjat kapott Dr. Pr\u00f3b\u00e1ld Ferencn\u00e9 is. Az Eg\u00e9szs\u00e9g\u00fcgyi Szakk\u00f6z\u00e9piskola ut\u00e1n a Szegedi V\u00e9d\u0151n\u0151k\u00e9pz\u0151 Int\u00e9zetben szerzett v\u00e9d\u0151n\u0151i szakk\u00e9pes\u00edt\u00e9st. Megalakul\u00e1sa \u00f3ta tagja a Szolnoki Iskolav\u00e9d\u0151n\u0151k Egyes\u00fclet\u00e9nek, melynek keret\u00e9ben sz\u00edvesen vesz r\u00e9szt az egyes\u00fclet \u00e1ltal szervezett programokon, azok sikeres megval\u00f3s\u00edt\u00e1s\u00e1ban, gyakran fel\u00e1ldozva h\u00e9tv\u00e9g\u00e9it. <br \/>Id\u00e9n el\u0151sz\u00f6r h\u00e1rman kaptak d\u00edjat, harmadikk\u00e9nt Dr. Tarj\u00e1n P\u00e9ter vehette \u00e1t az elismer\u00e9st. <br \/>\u00c1ltal\u00e1nos orvosi diplom\u00e1j\u00e1t  &#8211;   summa cum laude min\u0151s\u00edt\u00e9ssel  &#8211;   1983-ban vehette \u00e1t a Debreceni Orvostudom\u00e1nyi Egyetemen. 2006-ban kezdte meg munk\u00e1ss\u00e1g\u00e1t a M\u00c1V K\u00f3rh\u00e1z \u00e9s Rendel\u0151int\u00e9zetben, mint belgy\u00f3gy\u00e1szati oszt\u00e1lyvezet\u0151 f\u0151orvos. Sz\u00e1mos bizotts\u00e1g, egyes\u00fclet tev\u00e9kenys\u00e9g\u00e9ben r\u00e9szt vesz, \u00e9s nev\u00e9hez f\u0171z\u0151dik az Autoimmun Betegek Klubj\u00e1nak megszervez\u00e9se, melynek az int\u00e9zet ad otthont 2013 \u00f3ta.<\/p>\n<p>Az Emberi Er\u0151forr\u00e1sok Minisztere minden \u00e9vben az eg\u00e9szs\u00e9g\u00fcgyi ell\u00e1t\u00e1sban kiemelked\u0151, magas sz\u00ednvonal\u00fa szakmai tev\u00e9kenys\u00e9get v\u00e9gz\u0151 szakemberek r\u00e9sz\u00e9re Pro Sanitate d\u00edjat adom\u00e1nyoz. Id\u00e9n k\u00e9t szolnoki szakember is szerepel a d\u00edjazottak k\u00f6z\u00f6tt: R\u00f3zs\u00e1n\u00e9 Rig\u00f3 \u00c9va megyei vezet\u0151 v\u00e9d\u0151n\u0151, valamint Szab\u00f3 Bal\u00e1zsn\u00e9 37 ter\u00fcleti v\u00e9d\u0151n\u0151. \u00d5ket is k\u00f6sz\u00f6nt\u00f6tt\u00e9k a v\u00e1rosh\u00e1zi \u00fcnneps\u00e9gen,  mely a M\u00c1V F\u00e9rfik\u00f3rus \u00e9s a Szolnoki Kod\u00e1ly K\u00f3rus  el\u0151ad\u00e1s\u00e1val z\u00e1rult. <\/p>\n<div style=\"width: 640px;\" class=\"wp-video\"><!--[if lt IE 9]><script>document.createElement('video');<\/script><![endif]-->\n<video class=\"wp-video-shortcode\" id=\"video-9468-1\" width=\"640\" height=\"360\" preload=\"metadata\" controls=\"controls\"><source type=\"video\/mp4\" src=\"\/spots\/hir\/hir_180702_06.mp4?_=1\" \/><a href=\"\/spots\/hir\/hir_180702_06.mp4\">\/spots\/hir\/hir_180702_06.mp4<\/a><\/video><\/div>\n","protected":false},"excerpt":{"rendered":"<p>&#8211; Szolnok Megyei Jog\u00fa V\u00e1ros K\u00f6zgy\u0171l\u00e9se 1994-ben d\u00edjat alap\u00edtott a v\u00e1rosban az eg\u00e9szs\u00e9g\u00fcgy ter\u00fclet\u00e9n kimagasl\u00f3 munk\u00e1t v\u00e9gz\u0151 szakemberek elismer\u00e9s\u00e9re. Az elismer\u00e9s a v\u00e1rosunkban hossz\u00fa id\u0151n kereszt\u00fcl \u00e1ldozatos gy\u00f3gy\u00edt\u00f3 munk\u00e1t v\u00e9gz\u0151, kiv\u00e9teles szoci\u00e1lis \u00e9rz\u00e9kenys\u00e9ggel rendelkez\u0151 orvosnak, Dr. K\u00e1lm\u00e1ndi Mih\u00e1lynak \u00e1ll\u00edt eml\u00e9ket. A v\u00e1rosh\u00e1z\u00e1n rendezett \u00fcnneps\u00e9gen Fej\u00e9r Andor k\u00f6sz\u00f6nt\u00f6tte az egybegy\u00fclteket. Az alpolg\u00e1rmester a prevenci\u00f3 fontoss\u00e1g\u00e1ra h\u00edvta [&hellip;]<\/p>\n","protected":false},"author":2,"featured_media":0,"comment_status":"closed","ping_status":"closed","sticky":false,"template":"","format":"standard","meta":[],"categories":[9],"tags":[],"_links":{"self":[{"href":"http:\/\/archiv.szolnoktv.hu\/index.php?rest_route=\/wp\/v2\/posts\/9468"}],"collection":[{"href":"http:\/\/archiv.szolnoktv.hu\/index.php?rest_route=\/wp\/v2\/posts"}],"about":[{"href":"http:\/\/archiv.szolnoktv.hu\/index.php?rest_route=\/wp\/v2\/types\/post"}],"author":[{"embeddable":true,"href":"http:\/\/archiv.szolnoktv.hu\/index.php?rest_route=\/wp\/v2\/users\/2"}],"replies":[{"embeddable":true,"href":"http:\/\/archiv.szolnoktv.hu\/index.php?rest_route=%2Fwp%2Fv2%2Fcomments&post=9468"}],"version-history":[{"count":1,"href":"http:\/\/archiv.szolnoktv.hu\/index.php?rest_route=\/wp\/v2\/posts\/9468\/revisions"}],"predecessor-version":[{"id":9587,"href":"http:\/\/archiv.szolnoktv.hu\/index.php?rest_route=\/wp\/v2\/posts\/9468\/revisions\/9587"}],"wp:attachment":[{"href":"http:\/\/archiv.szolnoktv.hu\/index.php?rest_route=%2Fwp%2Fv2%2Fmedia&parent=9468"}],"wp:term":[{"taxonomy":"category","embeddable":true,"href":"http:\/\/archiv.szolnoktv.hu\/index.php?rest_route=%2Fwp%2Fv2%2Fcategories&post=9468"},{"taxonomy":"post_tag","embeddable":true,"href":"http:\/\/archiv.szolnoktv.hu\/index.php?rest_route=%2Fwp%2Fv2%2Ftags&post=9468"}],"curies":[{"name":"wp","href":"https:\/\/api.w.org\/{rel}","templated":true}]}}