{"id":9407,"date":"2018-07-02T14:43:09","date_gmt":"2018-07-02T14:43:09","guid":{"rendered":"http:\/\/archiv.szolnoktv.hu\/?p=9407"},"modified":"2021-08-14T14:37:21","modified_gmt":"2021-08-14T14:37:21","slug":"elektromos-takaritogep-szolnok","status":"publish","type":"post","link":"http:\/\/archiv.szolnoktv.hu\/?p=9407","title":{"rendered":"Elektromos takar\u00edt\u00f3g\u00e9p Szolnok"},"content":{"rendered":"<div class='booster-block booster-read-block'><\/div><p>A Goupil G4 t\u00edpus\u00fa j\u00e1rm\u0171 m\u00e1t\u00f3l j\u00e1rja a v\u00e1rost. A szolnokiak tavaly egy hasonl\u00f3 g\u00e9ppel m\u00e1r tal\u00e1lkozhattak, akkor k\u00eds\u00e9rleti jelleggel haszn\u00e1lt\u00e1k, a tapasztalatok pozit\u00edvak voltak, \u00edgy a c\u00e9g a v\u00e1s\u00e1rl\u00e1s mellett d\u00f6nt\u00f6tt. A j\u00e1rm\u0171 nem nagy, kis m\u00e9rete miatt k\u00f6nnyen mozog k\u00fcl\u00f6nb\u00f6z\u0151 terepviszonyok k\u00f6z\u00f6tt, sok kisebb helyre is bef\u00e9r.<\/p>\n<p>-A kiv\u00e1laszt\u00e1sn\u00e1l ez volt az els\u0151dleges szempont. Egy r\u00e9sze a k\u00f6rnyezeti \u00e1rtalmak miatt minimaliz\u00e1ltuk az elektromos meghajt\u00e1ssal \u00e9s a m\u00e9ret\u00e9t, teherb\u00edr\u00e1s\u00e1t tekintve a j\u00e1rd\u00e1kat, parkokat j\u00e1rja. Most kiemelten els\u0151dlegesen a belv\u00e1rosi ter\u00fcletekre fogunk koncentr\u00e1lni.&#8221;  &#8211;   mondta Lits L\u00e1szl\u00f3 a Szolnoki V\u00e1ros\u00fczemeltet\u00e9si Kft.\u00fcgyvezet\u0151 igazgat\u00f3ja.<\/p>\n<p>A g\u00e9p z\u00f6ldhullad\u00e9k gy\u0171jt\u00e9s\u00e9re ide\u00e1lis, de term\u00e9szetesen \u00f6sszeszedi a k\u00fcl\u00f6nb\u00f6z\u0151 kisebb lakoss\u00e1gi szemetet is, \u00fagymint eldob\u00e1lt cigarettacsikket, pap\u00edrzsebkend\u0151t. A j\u00e1rm\u0171 azon t\u00fal, hogy sz\u00e9p\u00edti a k\u00f6rnyezetet \u00f3vja is, hiszen elektromos meghajt\u00e1s\u00fa.<\/p>\n<p>-Mostm\u00e1r, hogy 2018-at \u00edrunk \u00e9s a k\u00f6rnyezeti terhel\u00e9s egyre nagyobb a v\u00e1rosban is, \u00edgy mindenk\u00e9ppen az elektromos meghajt\u00e1s fel\u00e9 kell nyitni. Szeretn\u00e9m k\u00e9rni a szolnokiakat, hogy miut\u00e1n elektromos a g\u00e9pj\u00e1rm\u0171 l\u00e9nyeg\u00e9ben hangtalan a k\u00f6zleked\u00e9se, csak tolat\u00f3 \u00fczemm\u00f3dban fejt ki hanghat\u00e1st. Mindnek\u00e9ppen figyelj\u00e9k a villog\u00f3t \u00e9s a mozg\u00e1st, de a koll\u00e9g\u00e1k is fel vannak r\u00e1 k\u00e9sz\u00fclve.&#8221;  &#8211;   tette hozz\u00e1 Lits L\u00e1szl\u00f3.<\/p>\n<p>A j\u00e1rm\u0171 k\u00e9t embert ig\u00e9nyel. Egyik\u00fck vezet, m\u00edg m\u00e1sikuk a kocsira szerelt -porsz\u00edv\u00f3cs\u0151vel&#8221; takar\u00edt. Teherb\u00edr\u00e1sa m\u00e1sf\u00e9l tonna, a feltakar\u00edtott hullad\u00e9kot pedig azonnal darabolja is \u00f6ssze, \u00fagy ker\u00fclt a plat\u00f3ra. Teljes t\u00f6lt\u00f6tts\u00e9gi szinten nagyj\u00e1b\u00f3l 80 kilom\u00e9tert tud megtenni. Lits L\u00e1szl\u00f3 azt mondta: a tapasztalatokat levonj\u00e1k \u00e9s annak f\u00fcggv\u00e9ny\u00e9ben d\u00f6ntenek majd \u00fajabb g\u00e9pek v\u00e1s\u00e1rl\u00e1s\u00e1r\u00f3l.<\/p>\n<div style=\"width: 640px;\" class=\"wp-video\"><!--[if lt IE 9]><script>document.createElement('video');<\/script><![endif]-->\n<video class=\"wp-video-shortcode\" id=\"video-9407-1\" width=\"640\" height=\"360\" preload=\"metadata\" controls=\"controls\"><source type=\"video\/mp4\" src=\"\/spots\/hir\/hir_180702_05.mp4?_=1\" \/><a href=\"\/spots\/hir\/hir_180702_05.mp4\">\/spots\/hir\/hir_180702_05.mp4<\/a><\/video><\/div>\n","protected":false},"excerpt":{"rendered":"<p>A Goupil G4 t\u00edpus\u00fa j\u00e1rm\u0171 m\u00e1t\u00f3l j\u00e1rja a v\u00e1rost. A szolnokiak tavaly egy hasonl\u00f3 g\u00e9ppel m\u00e1r tal\u00e1lkozhattak, akkor k\u00eds\u00e9rleti jelleggel haszn\u00e1lt\u00e1k, a tapasztalatok pozit\u00edvak voltak, \u00edgy a c\u00e9g a v\u00e1s\u00e1rl\u00e1s mellett d\u00f6nt\u00f6tt. A j\u00e1rm\u0171 nem nagy, kis m\u00e9rete miatt k\u00f6nnyen mozog k\u00fcl\u00f6nb\u00f6z\u0151 terepviszonyok k\u00f6z\u00f6tt, sok kisebb helyre is bef\u00e9r. -A kiv\u00e1laszt\u00e1sn\u00e1l ez volt az els\u0151dleges [&hellip;]<\/p>\n","protected":false},"author":2,"featured_media":0,"comment_status":"closed","ping_status":"closed","sticky":false,"template":"","format":"standard","meta":[],"categories":[9],"tags":[],"_links":{"self":[{"href":"http:\/\/archiv.szolnoktv.hu\/index.php?rest_route=\/wp\/v2\/posts\/9407"}],"collection":[{"href":"http:\/\/archiv.szolnoktv.hu\/index.php?rest_route=\/wp\/v2\/posts"}],"about":[{"href":"http:\/\/archiv.szolnoktv.hu\/index.php?rest_route=\/wp\/v2\/types\/post"}],"author":[{"embeddable":true,"href":"http:\/\/archiv.szolnoktv.hu\/index.php?rest_route=\/wp\/v2\/users\/2"}],"replies":[{"embeddable":true,"href":"http:\/\/archiv.szolnoktv.hu\/index.php?rest_route=%2Fwp%2Fv2%2Fcomments&post=9407"}],"version-history":[{"count":1,"href":"http:\/\/archiv.szolnoktv.hu\/index.php?rest_route=\/wp\/v2\/posts\/9407\/revisions"}],"predecessor-version":[{"id":9408,"href":"http:\/\/archiv.szolnoktv.hu\/index.php?rest_route=\/wp\/v2\/posts\/9407\/revisions\/9408"}],"wp:attachment":[{"href":"http:\/\/archiv.szolnoktv.hu\/index.php?rest_route=%2Fwp%2Fv2%2Fmedia&parent=9407"}],"wp:term":[{"taxonomy":"category","embeddable":true,"href":"http:\/\/archiv.szolnoktv.hu\/index.php?rest_route=%2Fwp%2Fv2%2Fcategories&post=9407"},{"taxonomy":"post_tag","embeddable":true,"href":"http:\/\/archiv.szolnoktv.hu\/index.php?rest_route=%2Fwp%2Fv2%2Ftags&post=9407"}],"curies":[{"name":"wp","href":"https:\/\/api.w.org\/{rel}","templated":true}]}}