{"id":9405,"date":"2018-07-02T14:32:31","date_gmt":"2018-07-02T14:32:31","guid":{"rendered":"http:\/\/archiv.szolnoktv.hu\/?p=9405"},"modified":"2021-08-14T14:37:22","modified_gmt":"2021-08-14T14:37:22","slug":"24-alkalommal-talalkoztak-a-vilag-jaszai","status":"publish","type":"post","link":"http:\/\/archiv.szolnoktv.hu\/?p=9405","title":{"rendered":"24. alkalommal tal\u00e1lkoztak a vil\u00e1g j\u00e1szai\u00a0"},"content":{"rendered":"<div class='booster-block booster-read-block'><\/div><p>-J\u00e1szf\u00e9nyszaruiak \u00e9s kedves vend\u00e9gek. K\u00fcl\u00f6nleges napra esik ez a mai j\u00e1sz-tal\u00e1lkoz\u00f3.&#8221; <\/p>\n<p>\u00cdgy nyitotta meg a J\u00e1szok f\u0151papi szentmis\u00e9j\u00e9t szombaton az egri \u00e9rsek. Dr. Terny\u00e1k Csaba arr\u00f3l besz\u00e9lt J\u00e1szf\u00e9nyszarun, hogy a Szent P\u00e9ter \u00e9s P\u00e1l apostol m\u00e1snapj\u00e1n gy\u0171ltek \u00f6ssze az\u00e9rt, hogy eml\u00e9kezzenek a 2000 \u00e9vvel ezel\u0151tt t\u00f6rt\u00e9nt esem\u00e9nyekre, valamint im\u00e1dkozzanak a kereszt\u00e9nys\u00e9g megmarad\u00e1s\u00e1\u00e9rt.<\/p>\n<p>-Milyen sokszor, milyen sokan f\u00e9lrevezettek benn\u00fcnket \u00e9s mi hitt\u00fcnk csal\u00f3ka \u00edg\u00e9reteknek \u00e9s elindultunk t\u00e9vutakon. Megt\u00e9vesztettek benn\u00fcnket nagyon sokszor.&#8221;  &#8211;   mondta Dr. Terny\u00e1k Csaba, egri \u00e9rsek<\/p>\n<p>Itt pedig m\u00e1r k\u00f6z\u00e9pkori J\u00e1sz viseletbe \u00f6lt\u00f6z\u00f6tt k\u00fcrt\u00f6s\u00f6k \u00e9s \u00edj\u00e1szok k\u00eds\u00e9rt\u00e9k a j\u00e1sz telep\u00fcl\u00e9sek menet\u00e9t. A gyalogos \u00e9s hint\u00f3s felvonul\u00e1son a t\u00f6bbi k\u00f6z\u00f6tt bemutatkozott J\u00e1szber\u00e9ny, J\u00e1sz\u00e1roksz\u00e1ll\u00e1s \u00e9s valamennyi j\u00e1sz alap\u00edt\u00e1s\u00fa telep\u00fcl\u00e9s.<\/p>\n<p>-J\u00e1sziv\u00e1ny, J\u00e1szj\u00e1k\u00f3halma, J\u00e1szkis\u00e9r&#8221;  &#8211;   sorolj\u00e1k a telep\u00fcl\u00e9seket k\u00f6zben J\u00e1szber\u00e9ny t\u00e1bla l\u00e1tszik<\/p>\n<p>A menetben fiatalok \u00e9s id\u0151sek egyar\u00e1nt a tradicion\u00e1lis, \u00fcnnepi j\u00e1sz viseletben k\u00eds\u00e9rt\u00e9k telep\u00fcl\u00e9s\u00fck t\u00e1bl\u00e1j\u00e1t.<\/p>\n<p>-A telep\u00fcl\u00e9s m\u00faltja, jelene, \u00e9s tal\u00e1n m\u00e9g a j\u00f6v\u0151je is nagyon fontos a v\u00e1ros lak\u00f3i sz\u00e1m\u00e1ra \u00e9s nem csak a lak\u00f3i sz\u00e1m\u00e1ra, hanem azoknak, akik valamennyien itt vagyunk.&#8221;  &#8211;   mondta K\u00f3kai B\u00e9l\u00e1n\u00e9, J\u00e1sz\u00e1roksz\u00e1ll\u00e1sr\u00f3l<\/p>\n<p>\u00a0<br \/>Narr\u00e1ci\u00f3: Id\u00e9n a j\u00e1szs\u00e1g kapuj\u00e1nak sz\u00e1m\u00edt\u00f3 J\u00e1szf\u00e9nyszarun rendezt\u00e9k meg a J\u00e1sz Vil\u00e1gtal\u00e1lkoz\u00f3t, amely c\u00e9lja, hogy a J\u00e1szok t\u00f6rt\u00e9nelmi hagyom\u00e1nyait \u00e1polja, illetve bemutassa a telep\u00fcl\u00e9seket, valamint er\u0151s\u00edtse a j\u00e1sz kult\u00far\u00e1t \u00e9s identit\u00e1studatot.\u00a0<\/p>\n<p>\u00a0<br \/>Gy\u0151rin\u00e9 Dr. Czegl\u00e9di M\u00e1rta J\u00e1szf\u00e9nyszaru polg\u00e1rmestere \u00fagy fogalmazott: -Arra t\u00f6reksz\u00fcnk, hogy olyan \u00e9lm\u00e9nygazdag legyen a virtus-vet\u00e9lked\u0151t\u0151l a Lehel t\u00f3ig bez\u00e1r\u00f3lag, a csod\u00e1latos felvonul\u00e1son kereszt\u00fcl, a fogathajt\u00f3kon, a hint\u00f3kon, a j\u00e1sz-viseleten kereszt\u00fcl, hogy az emberek \u00e9lm\u00e9nyt kapjanak.&#8221;      <\/p>\n<p>\u00a0<br \/>A j\u00e1szkun Redemptio, vagyis a j\u00e1sz \u00e9s kun \u00f6nmegv\u00e1lt\u00e1s tisztelet\u00e9re el\u0151sz\u00f6r 1995-ben, J\u00e1szber\u00e9nyben j\u00f6ttek \u00f6ssze a Magyarorsz\u00e1g \u00e9s a vil\u00e1g k\u00fcl\u00f6nb\u00f6z\u0151 t\u00e1jaira szakadt j\u00e1sz emberek. Az\u00f3ta minden \u00e9vben m\u00e1s-m\u00e1s j\u00e1sz telep\u00fcl\u00e9s rendezi meg a Vil\u00e1gtal\u00e1lkoz\u00f3t. A staf\u00e9t\u00e1t id\u00e9n J\u00e1szkis\u00e9r kapta, \u00edgy 2019. j\u00fanius 7-e \u00e9s 9-e k\u00f6z\u00f6tt ott tal\u00e1lkoznak majd a vil\u00e1g j\u00e1szai.<\/p>\n<div style=\"width: 640px;\" class=\"wp-video\"><!--[if lt IE 9]><script>document.createElement('video');<\/script><![endif]-->\n<video class=\"wp-video-shortcode\" id=\"video-9405-1\" width=\"640\" height=\"360\" preload=\"metadata\" controls=\"controls\"><source type=\"video\/mp4\" src=\"\/spots\/hir\/hir_180702_01.mp4?_=1\" \/><a href=\"\/spots\/hir\/hir_180702_01.mp4\">\/spots\/hir\/hir_180702_01.mp4<\/a><\/video><\/div>\n","protected":false},"excerpt":{"rendered":"<p>-J\u00e1szf\u00e9nyszaruiak \u00e9s kedves vend\u00e9gek. K\u00fcl\u00f6nleges napra esik ez a mai j\u00e1sz-tal\u00e1lkoz\u00f3.&#8221; \u00cdgy nyitotta meg a J\u00e1szok f\u0151papi szentmis\u00e9j\u00e9t szombaton az egri \u00e9rsek. Dr. Terny\u00e1k Csaba arr\u00f3l besz\u00e9lt J\u00e1szf\u00e9nyszarun, hogy a Szent P\u00e9ter \u00e9s P\u00e1l apostol m\u00e1snapj\u00e1n gy\u0171ltek \u00f6ssze az\u00e9rt, hogy eml\u00e9kezzenek a 2000 \u00e9vvel ezel\u0151tt t\u00f6rt\u00e9nt esem\u00e9nyekre, valamint im\u00e1dkozzanak a kereszt\u00e9nys\u00e9g megmarad\u00e1s\u00e1\u00e9rt. -Milyen sokszor, milyen [&hellip;]<\/p>\n","protected":false},"author":2,"featured_media":0,"comment_status":"closed","ping_status":"closed","sticky":false,"template":"","format":"standard","meta":[],"categories":[9],"tags":[],"_links":{"self":[{"href":"http:\/\/archiv.szolnoktv.hu\/index.php?rest_route=\/wp\/v2\/posts\/9405"}],"collection":[{"href":"http:\/\/archiv.szolnoktv.hu\/index.php?rest_route=\/wp\/v2\/posts"}],"about":[{"href":"http:\/\/archiv.szolnoktv.hu\/index.php?rest_route=\/wp\/v2\/types\/post"}],"author":[{"embeddable":true,"href":"http:\/\/archiv.szolnoktv.hu\/index.php?rest_route=\/wp\/v2\/users\/2"}],"replies":[{"embeddable":true,"href":"http:\/\/archiv.szolnoktv.hu\/index.php?rest_route=%2Fwp%2Fv2%2Fcomments&post=9405"}],"version-history":[{"count":1,"href":"http:\/\/archiv.szolnoktv.hu\/index.php?rest_route=\/wp\/v2\/posts\/9405\/revisions"}],"predecessor-version":[{"id":9410,"href":"http:\/\/archiv.szolnoktv.hu\/index.php?rest_route=\/wp\/v2\/posts\/9405\/revisions\/9410"}],"wp:attachment":[{"href":"http:\/\/archiv.szolnoktv.hu\/index.php?rest_route=%2Fwp%2Fv2%2Fmedia&parent=9405"}],"wp:term":[{"taxonomy":"category","embeddable":true,"href":"http:\/\/archiv.szolnoktv.hu\/index.php?rest_route=%2Fwp%2Fv2%2Fcategories&post=9405"},{"taxonomy":"post_tag","embeddable":true,"href":"http:\/\/archiv.szolnoktv.hu\/index.php?rest_route=%2Fwp%2Fv2%2Ftags&post=9405"}],"curies":[{"name":"wp","href":"https:\/\/api.w.org\/{rel}","templated":true}]}}