{"id":9404,"date":"2018-07-02T14:27:21","date_gmt":"2018-07-02T14:27:21","guid":{"rendered":"http:\/\/archiv.szolnoktv.hu\/?p=9404"},"modified":"2021-08-14T14:37:22","modified_gmt":"2021-08-14T14:37:22","slug":"szandai-nyar","status":"publish","type":"post","link":"http:\/\/archiv.szolnoktv.hu\/?p=9404","title":{"rendered":"Szandai ny\u00e1r"},"content":{"rendered":"<div class='booster-block booster-read-block'><\/div><p> A B\u00e9k\u00e9scsabai J\u00f3kai sz\u00ednh\u00e1z sz\u00edn\u00e9szeinek m\u0171sora sz\u00f3rakoztatta  a Szandai ny\u00e1r rendezv\u00e9ny r\u00e9sztvev\u0151it. Kicsik \u00e9s nagyok valamennyien \u00f6sszegy\u0171ltek. Kirakod\u00f3v\u00e1s\u00e1r, finom falatok, n\u00e9pi j\u00e1t\u00e9kok \u00e9s k\u00e9zm\u0171ves tev\u00e9kenys\u00e9gek is v\u00e1rt\u00e1k a Lengyel Antal t\u00e9rre kil\u00e1togat\u00f3kat. <\/p>\n<p>Kiss Edit vezet\u0151 Szandasz\u0151l\u0151si M\u0171vel\u0151d\u00e9si H\u00e1z: <\/p>\n<p>-&#8220;2007 \u00f3ta rendezz\u00fck meg a Szandai Ny\u00e1r rendezv\u00e9nyt. A f\u00f3kuszban id\u00e9n is a csal\u00e1dok \u00e1llnak , mint ahogyan minden \u00e9vben. Pr\u00f3b\u00e1ltunk olyan elemeket \u00f6ssze\u00e1ll\u00edtani, mely kifejezetten a csal\u00e1doknak sz\u00f3l. &#8211;<\/p>\n<p> Hord\u00f3n lovagolni nem is olyan egyszer\u0171, de a legt\u00f6bb fa j\u00e1t\u00e9k is k\u00fcl\u00f6nleges \u00e9lm\u00e9nyt jelentett a gyerekeknek.  F\u0151k\u00e9nt a l\u00e1nyok- a k\u00e9zm\u0171ves tev\u00e9kenys\u00e9geket is sz\u00edvesen kipr\u00f3b\u00e1lt\u00e1k. <\/p>\n<p>Vajjon Lili : <\/p>\n<p>-&#8220;Ilyen napellenz\u0151t , meg ez a nyakl\u00e1nc \u00e9s m\u00e9g nagyon sok mindent lehet csin\u00e1lni csak m\u00e9g most j\u00f6tt\u00fcnk ki. &#8211;<\/p>\n<p>Az indi\u00e1n nyakl\u00e1nc k\u00e9sz\u00edt\u00e9se mellett az arcfest\u00e9s is nagyon n\u00e9pszer\u0171 volt. <\/p>\n<p> Herczeg L\u00e1szl\u00f3n\u00e9 :<\/p>\n<p>-&#8220;Egy kicsit sz\u00f3rakozni. A sok munka ut\u00e1n j\u00f3lesik egy kicsit idekint lenn. Minden \u00e9vben el szoktunk j\u00f6nni. &#8211;<\/p>\n<p>Kiss Ferenc :<\/p>\n<p>-&#8220;Az az igazs\u00e1g, hogy Szandasz\u0151l\u0151s egy nagyon r\u00e9gi falu, Szolnok mellett van k\u00f6zel . A fiatalokat jobban elsz\u00edvja a v\u00e1ros, de itt erre nagyon nagy sz\u00fcks\u00e9g van, mert a helyben lak\u00f3k \u00e9s az id\u0151sebb koroszt\u00e1ly ilyenkor j\u00f6n ki. A kertben dolgoznak \u00e9s ut\u00e1na kij\u00f6nnek ide sz\u00f3rakozni. El\u00e9g j\u00f3l tal\u00e1lt\u00e1k ki annak idej\u00e9n. Mi mindegyiken r\u00e9szt vesz\u00fcnk, teh\u00e1t \u00f6r\u00fcl\u00fcnk neki, hogy most is itt lehet\u00fcnk. &#8211;<\/p>\n<p> Kiss Ferencn\u00e9: <\/p>\n<p>-&#8220;Az unok\u00e1val vagyunk itt. \u00d5 most valamerre elment sz\u00e9tn\u00e9zni , de minden \u00e9vben amikor van a szandai ny\u00e1r, mi is kij\u00f6v\u00fcnk.  Mi\u00e9rt? Az unoka els\u0151sorban a gyerekm\u0171sorokra, meg benn\u00fcnket is \u00e9rdekelnek a k\u00f6vetkez\u0151 m\u0171sorsz\u00e1mok. &#8211;<\/p>\n<p>A sz\u00ednes programkavalk\u00e1d eg\u00e9szen \u00e9jf\u00e9lig tartott a szandasz\u0151l\u0151si Lengyel Antal t\u00e9ren. <\/p>\n<div style=\"width: 640px;\" class=\"wp-video\"><!--[if lt IE 9]><script>document.createElement('video');<\/script><![endif]-->\n<video class=\"wp-video-shortcode\" id=\"video-9404-1\" width=\"640\" height=\"360\" preload=\"metadata\" controls=\"controls\"><source type=\"video\/mp4\" src=\"\/spots\/hir\/hir_180702_03.mp4?_=1\" \/><a href=\"\/spots\/hir\/hir_180702_03.mp4\">\/spots\/hir\/hir_180702_03.mp4<\/a><\/video><\/div>\n","protected":false},"excerpt":{"rendered":"<p>A B\u00e9k\u00e9scsabai J\u00f3kai sz\u00ednh\u00e1z sz\u00edn\u00e9szeinek m\u0171sora sz\u00f3rakoztatta a Szandai ny\u00e1r rendezv\u00e9ny r\u00e9sztvev\u0151it. Kicsik \u00e9s nagyok valamennyien \u00f6sszegy\u0171ltek. Kirakod\u00f3v\u00e1s\u00e1r, finom falatok, n\u00e9pi j\u00e1t\u00e9kok \u00e9s k\u00e9zm\u0171ves tev\u00e9kenys\u00e9gek is v\u00e1rt\u00e1k a Lengyel Antal t\u00e9rre kil\u00e1togat\u00f3kat. Kiss Edit vezet\u0151 Szandasz\u0151l\u0151si M\u0171vel\u0151d\u00e9si H\u00e1z: -&#8220;2007 \u00f3ta rendezz\u00fck meg a Szandai Ny\u00e1r rendezv\u00e9nyt. A f\u00f3kuszban id\u00e9n is a csal\u00e1dok \u00e1llnak , mint [&hellip;]<\/p>\n","protected":false},"author":2,"featured_media":0,"comment_status":"closed","ping_status":"closed","sticky":false,"template":"","format":"standard","meta":[],"categories":[9],"tags":[],"_links":{"self":[{"href":"http:\/\/archiv.szolnoktv.hu\/index.php?rest_route=\/wp\/v2\/posts\/9404"}],"collection":[{"href":"http:\/\/archiv.szolnoktv.hu\/index.php?rest_route=\/wp\/v2\/posts"}],"about":[{"href":"http:\/\/archiv.szolnoktv.hu\/index.php?rest_route=\/wp\/v2\/types\/post"}],"author":[{"embeddable":true,"href":"http:\/\/archiv.szolnoktv.hu\/index.php?rest_route=\/wp\/v2\/users\/2"}],"replies":[{"embeddable":true,"href":"http:\/\/archiv.szolnoktv.hu\/index.php?rest_route=%2Fwp%2Fv2%2Fcomments&post=9404"}],"version-history":[{"count":1,"href":"http:\/\/archiv.szolnoktv.hu\/index.php?rest_route=\/wp\/v2\/posts\/9404\/revisions"}],"predecessor-version":[{"id":9411,"href":"http:\/\/archiv.szolnoktv.hu\/index.php?rest_route=\/wp\/v2\/posts\/9404\/revisions\/9411"}],"wp:attachment":[{"href":"http:\/\/archiv.szolnoktv.hu\/index.php?rest_route=%2Fwp%2Fv2%2Fmedia&parent=9404"}],"wp:term":[{"taxonomy":"category","embeddable":true,"href":"http:\/\/archiv.szolnoktv.hu\/index.php?rest_route=%2Fwp%2Fv2%2Fcategories&post=9404"},{"taxonomy":"post_tag","embeddable":true,"href":"http:\/\/archiv.szolnoktv.hu\/index.php?rest_route=%2Fwp%2Fv2%2Ftags&post=9404"}],"curies":[{"name":"wp","href":"https:\/\/api.w.org\/{rel}","templated":true}]}}